{"id":1037,"date":"2017-09-05T21:27:03","date_gmt":"2017-09-05T19:27:03","guid":{"rendered":"http:\/\/www.rhizom.de\/wandern\/?p=1037"},"modified":"2018-05-20T10:47:25","modified_gmt":"2018-05-20T08:47:25","slug":"die-strasse","status":"publish","type":"post","link":"http:\/\/www.rhizom.de\/wandern\/2017\/09\/05\/die-strasse\/","title":{"rendered":"Die Stra\u00dfe"},"content":{"rendered":"<p><a href=\"http:\/\/www.rhizom.de\/wandern\/wp-content\/uploads\/2017\/09\/dachs.jpg\" taget=\"_blank\"><img loading=\"lazy\" src=\"http:\/\/www.rhizom.de\/wandern\/wp-content\/uploads\/2017\/09\/dachs-300x225.jpg\" alt=\"Dachs, Foto:K.Brandler\" width=\"300\" height=\"225\" class=\"alignleft size-medium wp-image-1036\" srcset=\"http:\/\/www.rhizom.de\/wandern\/wp-content\/uploads\/2017\/09\/dachs-300x225.jpg 300w, http:\/\/www.rhizom.de\/wandern\/wp-content\/uploads\/2017\/09\/dachs-768x576.jpg 768w, http:\/\/www.rhizom.de\/wandern\/wp-content\/uploads\/2017\/09\/dachs.jpg 1024w\" sizes=\"(max-width: 300px) 100vw, 300px\" \/><\/a>14.4.2017, N\u00e4he Ostrov, S\u00e4chsische Schweiz (Tschechien)<br \/>\nDer Dachs, hierzulande unser gr\u00f6\u00dfter Vertreter der Marderfamilie, unterliegt dem Jagdrecht: sinnlos, denn er wird nicht verwertet. Von \u201esch\u00e4dlich\u201c kann nicht die Rede sein, er lebt eher vegetarisch, sowie von W\u00fcrmern, Schnecken, M\u00e4usen und Insekten.<br \/>\nDie scheuen, d\u00e4mmerungsaktiven Tiere sind selten zu beobachten. Ein einziges Mal hatte ich auf einer meiner Solo-Wanderungen am zeitigen Morgen im Fr\u00fchjahr Gl\u00fcck, mitten auf einer strukturreichen Wiese am Wald bei Briesen.  Da die Jungen etwa im M\u00e4rz zur Welt kommen, nehme ich an, der notwendige Mehrbedarf an Futter hatte den Dachs aus seinem Bau getrieben.<br \/>\nIn Mittelgebirgslagen ist seine Populationsdichte am h\u00f6chsten. In der S\u00e4chsischen Schweiz lag der Kadaver des massigen Tieres denn auch morgens an der Stra\u00dfe: &#8230;der Mensch, das unberechenbare Raubtier ohne echte Klauen, ohne F\u00e4nge, oft genug ohne echte Z\u00e4hne \u2013 aber mit rasendem, blendendem Untersatz\u2026<\/p>\n<p>Erg\u00e4nzung vom 25.11.2017 nach einer Inforadio-Kultursendung mit Werbung f\u00fcr Rasurkultur im ersten deutschen Markenstore in Berlin. Clean und \u00e4sthetisch designt in den Hackeschen H\u00f6fen ans\u00e4ssig.<br \/>\nDas Vergessen als \u00dcberlebensnotwendigkeit: Nat\u00fcrlich kennt jeder Mann und jede zumindest \u00e4ltere Frau die Dachshaar-Rasierpinsel!!! Aus dunkelgrauem Dachshaar (Pure Badger) und (weniger bekannt) aus Silberspitzen-Dachshaar, letztere mit allen m\u00f6glichen Edelgriffen zu einem Preis bis etwa 200 Euro.<br \/>\nDas <a href=\"https:\/\/www.peta.de\/chinapelz#.Whlbxbgr00I\" target=\"_blank\">Blut an der Welt der kleinen Dinge (plus Video mit Jugendschutzhinweis!)<\/a>&#8230; Malpinsel sind auch so eine Sache. Es wird behauptet, die Haare k\u00e4men aus speziellen Zuchten in China. Inwiefern w\u00e4re gerade DAS tr\u00f6stlich????<\/p>\n<p>&#8230;sich in Einsamkeit vegraben wie ein schlauer Dachs oder Fuchs&#8230;<\/p>\n","protected":false},"excerpt":{"rendered":"<p>14.4.2017, N\u00e4he Ostrov, S\u00e4chsische Schweiz (Tschechien) Der Dachs, hierzulande unser gr\u00f6\u00dfter Vertreter der Marderfamilie, unterliegt dem Jagdrecht: sinnlos, denn er wird nicht verwertet. Von \u201esch\u00e4dlich\u201c kann nicht die Rede sein, er lebt eher vegetarisch, sowie von W\u00fcrmern, Schnecken, M\u00e4usen und Insekten. Die scheuen, d\u00e4mmerungsaktiven Tiere sind selten zu beobachten. Ein einziges Mal hatte ich auf &#8230; <a title=\"Die Stra\u00dfe\" class=\"read-more\" href=\"http:\/\/www.rhizom.de\/wandern\/2017\/09\/05\/die-strasse\/\">Read more<\/a><\/p>\n","protected":false},"author":1,"featured_media":0,"comment_status":"closed","ping_status":"closed","sticky":false,"template":"","format":"standard","meta":{"generate_page_header":""},"categories":[43],"tags":[],"_links":{"self":[{"href":"http:\/\/www.rhizom.de\/wandern\/wp-json\/wp\/v2\/posts\/1037"}],"collection":[{"href":"http:\/\/www.rhizom.de\/wandern\/wp-json\/wp\/v2\/posts"}],"about":[{"href":"http:\/\/www.rhizom.de\/wandern\/wp-json\/wp\/v2\/types\/post"}],"author":[{"embeddable":true,"href":"http:\/\/www.rhizom.de\/wandern\/wp-json\/wp\/v2\/users\/1"}],"replies":[{"embeddable":true,"href":"http:\/\/www.rhizom.de\/wandern\/wp-json\/wp\/v2\/comments?post=1037"}],"version-history":[{"count":9,"href":"http:\/\/www.rhizom.de\/wandern\/wp-json\/wp\/v2\/posts\/1037\/revisions"}],"predecessor-version":[{"id":3974,"href":"http:\/\/www.rhizom.de\/wandern\/wp-json\/wp\/v2\/posts\/1037\/revisions\/3974"}],"wp:attachment":[{"href":"http:\/\/www.rhizom.de\/wandern\/wp-json\/wp\/v2\/media?parent=1037"}],"wp:term":[{"taxonomy":"category","embeddable":true,"href":"http:\/\/www.rhizom.de\/wandern\/wp-json\/wp\/v2\/categories?post=1037"},{"taxonomy":"post_tag","embeddable":true,"href":"http:\/\/www.rhizom.de\/wandern\/wp-json\/wp\/v2\/tags?post=1037"}],"curies":[{"name":"wp","href":"https:\/\/api.w.org\/{rel}","templated":true}]}}