{"id":13075,"date":"2019-04-24T07:24:51","date_gmt":"2019-04-24T05:24:51","guid":{"rendered":"http:\/\/www.rhizom.de\/wandern\/?p=13075"},"modified":"2019-05-10T15:21:20","modified_gmt":"2019-05-10T13:21:20","slug":"lieblicher-jizerskohorske-buciny","status":"publish","type":"post","link":"http:\/\/www.rhizom.de\/wandern\/2019\/04\/24\/lieblicher-jizerskohorske-buciny\/","title":{"rendered":"Lieblicher Jizerskohorsk\u00e9 bu\u010diny"},"content":{"rendered":"<p><strong>18.04. &#8211; 22.04.2019, Ostern mit Heidrun und Wolfgang Pagel, nicht zu vergessen Evi, alle vom WSV Rotation Berlin: vier Wanderungen mit Ausgangspunkt L\u00e1zn\u011b Libverda im NSG Jizerskohorsk\u00e9 bu\u010diny \/ Tschechien<\/strong><\/p>\n<h3>Oh Hahn, warum raubst du mir den Schlummer?<\/h3>\n<p>Kr\u00e4ht der Hahn zum Ort hinaus, so zieht nach altem Glauben das Ungl\u00fcck hinterher. So pr\u00e4sentiert er sich hier in Tschechien auf m\u00f6glichst jedem Pfeiler, jeder S\u00e4ule, jedem Brunnen.<\/p>\n<p><img loading=\"lazy\" class=\"aligncenter size-full wp-image-13076\" src=\"http:\/\/www.rhizom.de\/wandern\/wp-content\/uploads\/2019\/04\/20190419-hahn.jpg\" alt=\"L\u00e1zn\u011b Libverda, der kr\u00e4hende Hahn\" width=\"768\" height=\"444\" srcset=\"http:\/\/www.rhizom.de\/wandern\/wp-content\/uploads\/2019\/04\/20190419-hahn.jpg 768w, http:\/\/www.rhizom.de\/wandern\/wp-content\/uploads\/2019\/04\/20190419-hahn-300x173.jpg 300w\" sizes=\"(max-width: 768px) 100vw, 768px\" \/><br \/>\nMit Hahnenschrei befreit von den D\u00e4monen der Nacht ziehen wir 20 Wanderer ausgehend von L\u00e1zn\u011b Libverda vier Tage lang morgens 7 Uhr zum Fr\u00fchst\u00fcck und &#8211; der \u00f6sterlichen Tradition des WSV Rotation Berlin folgend &#8211; in jeweils eine andere Himmelsrichtung.<br \/>\n<img loading=\"lazy\" class=\"aligncenter size-full wp-image-13077\" src=\"http:\/\/www.rhizom.de\/wandern\/wp-content\/uploads\/2019\/04\/20190419-hotel.jpg\" alt=\"L\u00e1zn\u011b Libverda\" width=\"768\" height=\"444\" srcset=\"http:\/\/www.rhizom.de\/wandern\/wp-content\/uploads\/2019\/04\/20190419-hotel.jpg 768w, http:\/\/www.rhizom.de\/wandern\/wp-content\/uploads\/2019\/04\/20190419-hotel-300x173.jpg 300w\" sizes=\"(max-width: 768px) 100vw, 768px\" \/><br \/>\nAls &#8220;liebliches Vorgebirge des Isergebirges&#8221; wird die Gegend um den Kurort L\u00e1zn\u011b Libverda \/ Bad Liebwerda angepriesen.<\/p>\n<p><img loading=\"lazy\" class=\"aligncenter size-full wp-image-13078\" src=\"http:\/\/www.rhizom.de\/wandern\/wp-content\/uploads\/2019\/04\/20190419-bergfruehling.jpg\" alt=\"Fr\u00fchling bei Bad Liebenwerda, Tschechien\" width=\"768\" height=\"444\" srcset=\"http:\/\/www.rhizom.de\/wandern\/wp-content\/uploads\/2019\/04\/20190419-bergfruehling.jpg 768w, http:\/\/www.rhizom.de\/wandern\/wp-content\/uploads\/2019\/04\/20190419-bergfruehling-300x173.jpg 300w\" sizes=\"(max-width: 768px) 100vw, 768px\" \/><br \/>\nDie Wiesen, das schon kr\u00e4ftige Blattgr\u00fcn, die G\u00e4rten sowieso, k\u00fcnden vom Fr\u00fchling. Dennoch lassen die obligatorischen Wegekreuze in Tschechien mit Blick in die Berge nicht nur zum Karfreitag an diverse Leiden denken.<\/p>\n<p><img loading=\"lazy\" class=\"aligncenter size-full wp-image-13079\" src=\"http:\/\/www.rhizom.de\/wandern\/wp-content\/uploads\/2019\/04\/20190419-karfreitag.jpg\" alt=\"Karfreitag im Isergebirge, Wegekreuz\" width=\"768\" height=\"444\" srcset=\"http:\/\/www.rhizom.de\/wandern\/wp-content\/uploads\/2019\/04\/20190419-karfreitag.jpg 768w, http:\/\/www.rhizom.de\/wandern\/wp-content\/uploads\/2019\/04\/20190419-karfreitag-300x173.jpg 300w\" sizes=\"(max-width: 768px) 100vw, 768px\" \/><br \/>\nMitten im Wald ein Gedenkstein an die Zeit der tschechischen Unabh\u00e4ngigkeit von 1918 bis 1938.<\/p>\n<p><img loading=\"lazy\" class=\"aligncenter size-full wp-image-13081\" src=\"http:\/\/www.rhizom.de\/wandern\/wp-content\/uploads\/2019\/04\/20190419-tschechien.jpg\" alt=\"Isergebirge, Unabh\u00e4gigkeits-Gedenkstein 1918 - 1938\" width=\"768\" height=\"444\" srcset=\"http:\/\/www.rhizom.de\/wandern\/wp-content\/uploads\/2019\/04\/20190419-tschechien.jpg 768w, http:\/\/www.rhizom.de\/wandern\/wp-content\/uploads\/2019\/04\/20190419-tschechien-300x173.jpg 300w\" sizes=\"(max-width: 768px) 100vw, 768px\" \/><br \/>\nIn dem kleinen Vielv\u00f6lkerstaat Tschechien hatte sich zwischen Erstem und Zweitem Weltkrieg die parlamentarische Demokratie als Regierungsform durchgesetzt.<\/p>\n<p><img loading=\"lazy\" class=\"aligncenter size-full wp-image-13080\" src=\"http:\/\/www.rhizom.de\/wandern\/wp-content\/uploads\/2019\/04\/20190419-pausenstein.jpg\" alt=\"Isergebirge, Felsbrocken\" width=\"768\" height=\"444\" srcset=\"http:\/\/www.rhizom.de\/wandern\/wp-content\/uploads\/2019\/04\/20190419-pausenstein.jpg 768w, http:\/\/www.rhizom.de\/wandern\/wp-content\/uploads\/2019\/04\/20190419-pausenstein-300x173.jpg 300w\" sizes=\"(max-width: 768px) 100vw, 768px\" \/><br \/>\nEs gibt eben Gr\u00fcnde f\u00fcr unterschiedliche Reaktionen innerhalb des von allen gew\u00fcnschten, friedlichen Europas.** Nicht jeder Fr\u00fchst\u00fcckssitz ist dann ein romantischer Felsen. Auf der Verteidigungslinie gegen Truppeneinm\u00e4rsche in das kleine Tschechien entpuppt sich mancher als Kleinkampfbunker, inzwischen historisch und milit\u00e4rtechnische Attraktion.<\/p>\n<p><img loading=\"lazy\" class=\"aligncenter size-full wp-image-13082\" src=\"http:\/\/www.rhizom.de\/wandern\/wp-content\/uploads\/2019\/04\/20190419-kriegskunst.jpg\" alt=\"Isergebirge, Kleinkampfbunker\" width=\"768\" height=\"444\" srcset=\"http:\/\/www.rhizom.de\/wandern\/wp-content\/uploads\/2019\/04\/20190419-kriegskunst.jpg 768w, http:\/\/www.rhizom.de\/wandern\/wp-content\/uploads\/2019\/04\/20190419-kriegskunst-300x173.jpg 300w\" sizes=\"(max-width: 768px) 100vw, 768px\" \/><br \/>\nRingsum herrlichster Buchenwald in allen Stadien des Wachstums. Silbern vor dem (hier \u00fcberstrahlten) K\u00f6nigsblau des Himmels.<\/p>\n<p><img loading=\"lazy\" class=\"aligncenter size-full wp-image-13084\" src=\"http:\/\/www.rhizom.de\/wandern\/wp-content\/uploads\/2019\/04\/20190419-jungebuchen.jpg\" alt=\"Isergebirge, junge Buchen\" width=\"768\" height=\"444\" srcset=\"http:\/\/www.rhizom.de\/wandern\/wp-content\/uploads\/2019\/04\/20190419-jungebuchen.jpg 768w, http:\/\/www.rhizom.de\/wandern\/wp-content\/uploads\/2019\/04\/20190419-jungebuchen-300x173.jpg 300w\" sizes=\"(max-width: 768px) 100vw, 768px\" \/><br \/>\nDer steinige Pfad schl\u00e4ngelt sich unter oder \u00fcber umgest\u00fcrztes Nadelholz den Berg hinauf.<\/p>\n<p><img loading=\"lazy\" class=\"aligncenter size-full wp-image-13086\" src=\"http:\/\/www.rhizom.de\/wandern\/wp-content\/uploads\/2019\/04\/20190419-harken-haken.jpg\" alt=\"Isergebirge\" width=\"768\" height=\"444\" srcset=\"http:\/\/www.rhizom.de\/wandern\/wp-content\/uploads\/2019\/04\/20190419-harken-haken.jpg 768w, http:\/\/www.rhizom.de\/wandern\/wp-content\/uploads\/2019\/04\/20190419-harken-haken-300x173.jpg 300w\" sizes=\"(max-width: 768px) 100vw, 768px\" \/><\/p>\n<p>Abwege in die kleinen Felsgruppen, immer wie uralte,\u00a0verwinkelte Burgruinen, kantig und ineinander verkeilt oder kugelrund &#8211; ein Kletterparadies f\u00fcr erwachsene Kinder.<\/p>\n<p><img loading=\"lazy\" class=\"aligncenter size-full wp-image-13087\" src=\"http:\/\/www.rhizom.de\/wandern\/wp-content\/uploads\/2019\/04\/20190419-erkundung.jpg\" alt=\"Isergebirge\" width=\"768\" height=\"444\" srcset=\"http:\/\/www.rhizom.de\/wandern\/wp-content\/uploads\/2019\/04\/20190419-erkundung.jpg 768w, http:\/\/www.rhizom.de\/wandern\/wp-content\/uploads\/2019\/04\/20190419-erkundung-300x173.jpg 300w\" sizes=\"(max-width: 768px) 100vw, 768px\" \/><\/p>\n<p>Unverhofft gibt es auch Wackelsteine.<\/p>\n<p><img loading=\"lazy\" class=\"aligncenter size-full wp-image-13213\" src=\"http:\/\/www.rhizom.de\/wandern\/wp-content\/uploads\/2019\/04\/20190419-wackelstein.jpg\" alt=\"\" width=\"768\" height=\"444\" srcset=\"http:\/\/www.rhizom.de\/wandern\/wp-content\/uploads\/2019\/04\/20190419-wackelstein.jpg 768w, http:\/\/www.rhizom.de\/wandern\/wp-content\/uploads\/2019\/04\/20190419-wackelstein-300x173.jpg 300w\" sizes=\"(max-width: 768px) 100vw, 768px\" \/><\/p>\n<p><img loading=\"lazy\" class=\"aligncenter size-full wp-image-13088\" src=\"http:\/\/www.rhizom.de\/wandern\/wp-content\/uploads\/2019\/04\/20190419-felsen.jpg\" alt=\"Isergebirge\" width=\"768\" height=\"444\" srcset=\"http:\/\/www.rhizom.de\/wandern\/wp-content\/uploads\/2019\/04\/20190419-felsen.jpg 768w, http:\/\/www.rhizom.de\/wandern\/wp-content\/uploads\/2019\/04\/20190419-felsen-300x173.jpg 300w\" sizes=\"(max-width: 768px) 100vw, 768px\" \/><\/p>\n<p><img loading=\"lazy\" class=\"aligncenter size-full wp-image-13089\" src=\"http:\/\/www.rhizom.de\/wandern\/wp-content\/uploads\/2019\/04\/20190419-weitblick.jpg\" alt=\"Isergebirge\" width=\"768\" height=\"444\" srcset=\"http:\/\/www.rhizom.de\/wandern\/wp-content\/uploads\/2019\/04\/20190419-weitblick.jpg 768w, http:\/\/www.rhizom.de\/wandern\/wp-content\/uploads\/2019\/04\/20190419-weitblick-300x173.jpg 300w\" sizes=\"(max-width: 768px) 100vw, 768px\" \/><\/p>\n<h2>Das Gipfelproblem<\/h2>\n<p><img loading=\"lazy\" class=\"aligncenter size-full wp-image-13090\" src=\"http:\/\/www.rhizom.de\/wandern\/wp-content\/uploads\/2019\/04\/20190419-gpsgipfel.jpg\" alt=\"Isergebirge\" width=\"768\" height=\"444\" srcset=\"http:\/\/www.rhizom.de\/wandern\/wp-content\/uploads\/2019\/04\/20190419-gpsgipfel.jpg 768w, http:\/\/www.rhizom.de\/wandern\/wp-content\/uploads\/2019\/04\/20190419-gpsgipfel-300x173.jpg 300w\" sizes=\"(max-width: 768px) 100vw, 768px\" \/><br \/>\nMit GPS-Koordinaten plus Wanderleiter ist in jedem Fall DER GIPFEL erreicht.<\/p>\n<p><img loading=\"lazy\" class=\"aligncenter size-full wp-image-13091\" src=\"http:\/\/www.rhizom.de\/wandern\/wp-content\/uploads\/2019\/04\/20190419-gipfel.jpg\" alt=\"Isergebirge\" width=\"768\" height=\"444\" srcset=\"http:\/\/www.rhizom.de\/wandern\/wp-content\/uploads\/2019\/04\/20190419-gipfel.jpg 768w, http:\/\/www.rhizom.de\/wandern\/wp-content\/uploads\/2019\/04\/20190419-gipfel-300x173.jpg 300w\" sizes=\"(max-width: 768px) 100vw, 768px\" \/><br \/>\nEin anderer bietet sich an als Felsplateau mit H\u00f6hle. Im Hintergrund eine Mini-Barbarine &#8211; dazwischen geht es wahrhaftig tief, tief!<\/p>\n<p><img loading=\"lazy\" class=\"aligncenter size-full wp-image-13092\" src=\"http:\/\/www.rhizom.de\/wandern\/wp-content\/uploads\/2019\/04\/20190419-gipfelpfeil.jpg\" alt=\"Isergebirge\" width=\"768\" height=\"444\" srcset=\"http:\/\/www.rhizom.de\/wandern\/wp-content\/uploads\/2019\/04\/20190419-gipfelpfeil.jpg 768w, http:\/\/www.rhizom.de\/wandern\/wp-content\/uploads\/2019\/04\/20190419-gipfelpfeil-300x173.jpg 300w\" sizes=\"(max-width: 768px) 100vw, 768px\" \/><br \/>\nDas eigentliche Gipfelzeichen steht am Wegesrand &#8211; eher Trost f\u00fcr m\u00fcde F\u00fc\u00dfe als maximale H\u00f6he. Bitte auch das Verh\u00e4ltnis Mensch : Baumh\u00f6he registrieren!<\/p>\n<p><img loading=\"lazy\" class=\"aligncenter size-full wp-image-13093\" src=\"http:\/\/www.rhizom.de\/wandern\/wp-content\/uploads\/2019\/04\/20190419-abwaerts.jpg\" alt=\"Isergebirge\" width=\"768\" height=\"444\" srcset=\"http:\/\/www.rhizom.de\/wandern\/wp-content\/uploads\/2019\/04\/20190419-abwaerts.jpg 768w, http:\/\/www.rhizom.de\/wandern\/wp-content\/uploads\/2019\/04\/20190419-abwaerts-300x173.jpg 300w\" sizes=\"(max-width: 768px) 100vw, 768px\" \/><br \/>\nAbw\u00e4rts, wieder herrlichster Buchenwald in dieser fr\u00fchlingshaften Durchsichtigkeit.<\/p>\n<p><img loading=\"lazy\" class=\"aligncenter size-full wp-image-13094\" src=\"http:\/\/www.rhizom.de\/wandern\/wp-content\/uploads\/2019\/04\/20190419-buchenwald.jpg\" alt=\"Isergebirge\" width=\"768\" height=\"444\" srcset=\"http:\/\/www.rhizom.de\/wandern\/wp-content\/uploads\/2019\/04\/20190419-buchenwald.jpg 768w, http:\/\/www.rhizom.de\/wandern\/wp-content\/uploads\/2019\/04\/20190419-buchenwald-300x173.jpg 300w\" sizes=\"(max-width: 768px) 100vw, 768px\" \/><\/p>\n<h2>Schnee und rauschende B\u00e4che<\/h2>\n<p><img loading=\"lazy\" class=\"aligncenter size-full wp-image-13095\" src=\"http:\/\/www.rhizom.de\/wandern\/wp-content\/uploads\/2019\/04\/20190419-ersterSchnee.jpg\" alt=\"Isergebirge, Schneerest\" width=\"768\" height=\"444\" srcset=\"http:\/\/www.rhizom.de\/wandern\/wp-content\/uploads\/2019\/04\/20190419-ersterSchnee.jpg 768w, http:\/\/www.rhizom.de\/wandern\/wp-content\/uploads\/2019\/04\/20190419-ersterSchnee-300x173.jpg 300w\" sizes=\"(max-width: 768px) 100vw, 768px\" \/><br \/>\n\u00dcberraschung! Zumindest ich hatte den Schnee nicht erwartet an diesem sp\u00e4ten Ostern. Wir stapfen wirklich auf den Wegen eines kleinen &#8220;Schneegebirges&#8221;.<\/p>\n<p><img loading=\"lazy\" class=\"aligncenter size-full wp-image-13096\" src=\"http:\/\/www.rhizom.de\/wandern\/wp-content\/uploads\/2019\/04\/20190419-bergbach.jpg\" alt=\"Isergebirge\" width=\"768\" height=\"444\" srcset=\"http:\/\/www.rhizom.de\/wandern\/wp-content\/uploads\/2019\/04\/20190419-bergbach.jpg 768w, http:\/\/www.rhizom.de\/wandern\/wp-content\/uploads\/2019\/04\/20190419-bergbach-300x173.jpg 300w\" sizes=\"(max-width: 768px) 100vw, 768px\" \/><br \/>\nEs tr\u00f6pfeln, sprudeln, gluckern, rauschen \u00fcberall B\u00e4chlein und B\u00e4che mit Schmelzwasser, nicht nur hier am Riegelweg.<\/p>\n<p><img loading=\"lazy\" class=\"aligncenter size-full wp-image-13097\" src=\"http:\/\/www.rhizom.de\/wandern\/wp-content\/uploads\/2019\/04\/20190419-bergbach-1.jpg\" alt=\"Isergebirge\" width=\"768\" height=\"444\" srcset=\"http:\/\/www.rhizom.de\/wandern\/wp-content\/uploads\/2019\/04\/20190419-bergbach-1.jpg 768w, http:\/\/www.rhizom.de\/wandern\/wp-content\/uploads\/2019\/04\/20190419-bergbach-1-300x173.jpg 300w\" sizes=\"(max-width: 768px) 100vw, 768px\" \/><br \/>\nDas R\u00e4tsel eines Regionalproduktes: Schmiedehandwerk &#8211; aber f\u00fcr was? Der beeindruckende Wegebau \u00fcber das Felsgestein hinweg erinnert st\u00e4ndig: auch der sch\u00f6nste mitteleurop\u00e4ische Wald ist stets Kulturlandschaft und Menschenwerk.<\/p>\n<p><img loading=\"lazy\" class=\"aligncenter size-full wp-image-13098\" src=\"http:\/\/www.rhizom.de\/wandern\/wp-content\/uploads\/2019\/04\/20190419-geschmiedet.jpg\" alt=\"Isergebirge, Schmiedehandwerk\" width=\"768\" height=\"444\" srcset=\"http:\/\/www.rhizom.de\/wandern\/wp-content\/uploads\/2019\/04\/20190419-geschmiedet.jpg 768w, http:\/\/www.rhizom.de\/wandern\/wp-content\/uploads\/2019\/04\/20190419-geschmiedet-300x173.jpg 300w\" sizes=\"(max-width: 768px) 100vw, 768px\" \/><br \/>\nVon den H\u00f6hen aus ist im lieblichen Tal l\u00e4ngst die Wallfahrtskirche Maria Heimsuchung von Hejnice \/ Haindorf zu entdecken. Die Berge allerdings: das Isergebirge entpuppt sich als anspruchsvoll urig.<\/p>\n<p><img loading=\"lazy\" class=\"aligncenter size-full wp-image-13099\" src=\"http:\/\/www.rhizom.de\/wandern\/wp-content\/uploads\/2019\/04\/20190419-wallfahrtskirche.jpg\" alt=\"Wallfahrtskirche Maria Heimsuchung, Hejnice\" width=\"768\" height=\"444\" srcset=\"http:\/\/www.rhizom.de\/wandern\/wp-content\/uploads\/2019\/04\/20190419-wallfahrtskirche.jpg 768w, http:\/\/www.rhizom.de\/wandern\/wp-content\/uploads\/2019\/04\/20190419-wallfahrtskirche-300x173.jpg 300w\" sizes=\"(max-width: 768px) 100vw, 768px\" \/><\/p>\n<h3>K\u00f6nnen die folgenden Wanderungen noch sch\u00f6ner werden?<\/h3>\n<p style=\"clear: both; text-align: right;\">**<em> Die von M. Gorbatschow ausgel\u00f6ste &#8220;Dekolonisation&#8221; zwischen 1985 und 1991 wurde in dem gemeinsamen &#8220;europ\u00e4ischen Haus&#8221; als Nationalit\u00e4tenfrage und oft als ethnische Frage in unterschiedlicher Weise gel\u00f6st. Zu selten wird heute an entscheidende Vorl\u00e4ufer wie den &#8220;Prager Fr\u00fchling&#8221; 1968 erinnert. Ohne deren, mit unser aller Gewalt niedergek\u00e4mpfte, aber lebendig gebliebene Ideen h\u00e4tte es eine &#8220;friedliche Revolution&#8221; in der DDR sicher nicht gegeben. Oft genug sch\u00e4me zumindest ich mich dann der Selbstverst\u00e4ndlichkeit meines inzwischen h\u00f6chst g\u00fcnstigen Aufenthalts.<br \/>\n<\/em><\/p>\n<p style=\"text-align: right;\"><a href=\"http:\/\/www.rhizom.de\/wandern\/2019\/04\/24\/isergebirge-wasserfall\/\">\u2192 Isergebirgssteine und Wasserfall<\/a><br \/>\n<a href=\"http:\/\/www.rhizom.de\/wandern\/2019\/04\/24\/smrt\/\">\u2192 Aufstieg zum Smrk<\/a><br \/>\n<a href=\"http:\/\/www.rhizom.de\/wandern\/2019\/04\/24\/isergebirgsvorland\/\">\u2192 \u00f6sterliche Abschluss-Wanderung 2019 im Isergebirgsvorland<\/a><\/p>\n","protected":false},"excerpt":{"rendered":"<p>18.04. &#8211; 22.04.2019, Ostern mit Heidrun und Wolfgang Pagel, nicht zu vergessen Evi, alle vom WSV Rotation Berlin: vier Wanderungen mit Ausgangspunkt L\u00e1zn\u011b Libverda im NSG Jizerskohorsk\u00e9 bu\u010diny \/ Tschechien Oh Hahn, warum raubst du mir den Schlummer? Kr\u00e4ht der Hahn zum Ort hinaus, so zieht nach altem Glauben das Ungl\u00fcck hinterher. So pr\u00e4sentiert er &#8230; <a title=\"Lieblicher Jizerskohorsk\u00e9 bu\u010diny\" class=\"read-more\" href=\"http:\/\/www.rhizom.de\/wandern\/2019\/04\/24\/lieblicher-jizerskohorske-buciny\/\">Read more<\/a><\/p>\n","protected":false},"author":1,"featured_media":0,"comment_status":"open","ping_status":"open","sticky":false,"template":"","format":"standard","meta":{"generate_page_header":""},"categories":[7],"tags":[],"_links":{"self":[{"href":"http:\/\/www.rhizom.de\/wandern\/wp-json\/wp\/v2\/posts\/13075"}],"collection":[{"href":"http:\/\/www.rhizom.de\/wandern\/wp-json\/wp\/v2\/posts"}],"about":[{"href":"http:\/\/www.rhizom.de\/wandern\/wp-json\/wp\/v2\/types\/post"}],"author":[{"embeddable":true,"href":"http:\/\/www.rhizom.de\/wandern\/wp-json\/wp\/v2\/users\/1"}],"replies":[{"embeddable":true,"href":"http:\/\/www.rhizom.de\/wandern\/wp-json\/wp\/v2\/comments?post=13075"}],"version-history":[{"count":41,"href":"http:\/\/www.rhizom.de\/wandern\/wp-json\/wp\/v2\/posts\/13075\/revisions"}],"predecessor-version":[{"id":13394,"href":"http:\/\/www.rhizom.de\/wandern\/wp-json\/wp\/v2\/posts\/13075\/revisions\/13394"}],"wp:attachment":[{"href":"http:\/\/www.rhizom.de\/wandern\/wp-json\/wp\/v2\/media?parent=13075"}],"wp:term":[{"taxonomy":"category","embeddable":true,"href":"http:\/\/www.rhizom.de\/wandern\/wp-json\/wp\/v2\/categories?post=13075"},{"taxonomy":"post_tag","embeddable":true,"href":"http:\/\/www.rhizom.de\/wandern\/wp-json\/wp\/v2\/tags?post=13075"}],"curies":[{"name":"wp","href":"https:\/\/api.w.org\/{rel}","templated":true}]}}