{"id":13142,"date":"2019-04-24T21:08:27","date_gmt":"2019-04-24T19:08:27","guid":{"rendered":"http:\/\/www.rhizom.de\/wandern\/?p=13142"},"modified":"2019-05-06T10:03:03","modified_gmt":"2019-05-06T08:03:03","slug":"isergebirgsvorland","status":"publish","type":"post","link":"http:\/\/www.rhizom.de\/wandern\/2019\/04\/24\/isergebirgsvorland\/","title":{"rendered":"Im Isergebirgsvorland"},"content":{"rendered":"<p><strong>22.04.2019, Ostern in Tschechien mit dem WSV Rotation Berlin, Leitung Wolfgang Pagel.\u00a0 Am Montag, dem nach altem Brauch eigentlich gefeierten, tschechischen Osterfest und zum Ausklang nun wirklich nur relaxed durch das liebliche Isergebirgsvorland.<br \/>\n<\/strong><\/p>\n<p>Zwischen den Gebirgswiesen, entlang der B\u00e4che, ducken sich die niedrigen H\u00e4uschen, umgeben von zauberhaften, kleinen G\u00e4rten.<\/p>\n<p><img loading=\"lazy\" class=\"aligncenter size-full wp-image-13143\" src=\"http:\/\/www.rhizom.de\/wandern\/wp-content\/uploads\/2019\/04\/haus-6.jpg\" alt=\"Isergebirgsvorland\" width=\"768\" height=\"444\" srcset=\"http:\/\/www.rhizom.de\/wandern\/wp-content\/uploads\/2019\/04\/haus-6.jpg 768w, http:\/\/www.rhizom.de\/wandern\/wp-content\/uploads\/2019\/04\/haus-6-300x173.jpg 300w\" sizes=\"(max-width: 768px) 100vw, 768px\" \/><br \/>\nOb es die harten, schneereichen Winter sind, die eine Erneuerung im internationalen Baumarktgeschmack bisher verhindert haben oder doch das seit Generationen gewachsene Gef\u00fchl f\u00fcr die Landschaft?<\/p>\n<p><img loading=\"lazy\" class=\"aligncenter size-full wp-image-13144\" src=\"http:\/\/www.rhizom.de\/wandern\/wp-content\/uploads\/2019\/04\/haus-5.jpg\" alt=\"Haus im Isergebirgsvorland\" width=\"768\" height=\"444\" srcset=\"http:\/\/www.rhizom.de\/wandern\/wp-content\/uploads\/2019\/04\/haus-5.jpg 768w, http:\/\/www.rhizom.de\/wandern\/wp-content\/uploads\/2019\/04\/haus-5-300x173.jpg 300w\" sizes=\"(max-width: 768px) 100vw, 768px\" \/><br \/>\nEinst Zeichen f\u00fcr Armut und H\u00e4rte des Lebens im Isergebirge, beeindrucken die Bauweisen mit heute nur noch seltener, \u00e4sthetischer Einfachheit.<\/p>\n<p><img loading=\"lazy\" class=\"aligncenter size-full wp-image-13145\" src=\"http:\/\/www.rhizom.de\/wandern\/wp-content\/uploads\/2019\/04\/haus-4.jpg\" alt=\"Haus im Isergebirgsvorland\" width=\"768\" height=\"444\" srcset=\"http:\/\/www.rhizom.de\/wandern\/wp-content\/uploads\/2019\/04\/haus-4.jpg 768w, http:\/\/www.rhizom.de\/wandern\/wp-content\/uploads\/2019\/04\/haus-4-300x173.jpg 300w\" sizes=\"(max-width: 768px) 100vw, 768px\" \/><\/p>\n<p><img loading=\"lazy\" class=\"aligncenter size-full wp-image-13146\" src=\"http:\/\/www.rhizom.de\/wandern\/wp-content\/uploads\/2019\/04\/skulptur.jpg\" alt=\"\" width=\"768\" height=\"444\" srcset=\"http:\/\/www.rhizom.de\/wandern\/wp-content\/uploads\/2019\/04\/skulptur.jpg 768w, http:\/\/www.rhizom.de\/wandern\/wp-content\/uploads\/2019\/04\/skulptur-300x173.jpg 300w\" sizes=\"(max-width: 768px) 100vw, 768px\" \/><\/p>\n<p><img loading=\"lazy\" class=\"aligncenter size-full wp-image-13147\" src=\"http:\/\/www.rhizom.de\/wandern\/wp-content\/uploads\/2019\/04\/landschaft-isergebirge.jpg\" alt=\"Wiesen im Isergebirgsvorland\" width=\"768\" height=\"444\" srcset=\"http:\/\/www.rhizom.de\/wandern\/wp-content\/uploads\/2019\/04\/landschaft-isergebirge.jpg 768w, http:\/\/www.rhizom.de\/wandern\/wp-content\/uploads\/2019\/04\/landschaft-isergebirge-300x173.jpg 300w\" sizes=\"(max-width: 768px) 100vw, 768px\" \/><br \/>\nAm Stra\u00dfenrand vor einem pr\u00e4gnanten H\u00fcgel wieder ein Flur- oder Wegkreuz. Doch der H\u00fcgel inmitten der ebenen Weidewiesen verweist eher auf eine heidnische Kultst\u00e4tte oder fr\u00fchgeschichtliche Anlage, eine sogenannte &#8220;Motte&#8221;.<\/p>\n<p><img loading=\"lazy\" class=\"aligncenter size-full wp-image-13148\" src=\"http:\/\/www.rhizom.de\/wandern\/wp-content\/uploads\/2019\/04\/huegel-1.jpg\" alt=\"H\u00fcgel im Isergebirgsvorland, vielleicht einst eine Motte\" width=\"768\" height=\"444\" srcset=\"http:\/\/www.rhizom.de\/wandern\/wp-content\/uploads\/2019\/04\/huegel-1.jpg 768w, http:\/\/www.rhizom.de\/wandern\/wp-content\/uploads\/2019\/04\/huegel-1-300x173.jpg 300w\" sizes=\"(max-width: 768px) 100vw, 768px\" \/><\/p>\n<h2>Raspenava \/ Raspenau an der Wittig<\/h2>\n<p><img loading=\"lazy\" class=\"aligncenter size-full wp-image-13149\" src=\"http:\/\/www.rhizom.de\/wandern\/wp-content\/uploads\/2019\/04\/muehlenensemble.jpg\" alt=\"M\u00fchlenensemble\" width=\"768\" height=\"444\" srcset=\"http:\/\/www.rhizom.de\/wandern\/wp-content\/uploads\/2019\/04\/muehlenensemble.jpg 768w, http:\/\/www.rhizom.de\/wandern\/wp-content\/uploads\/2019\/04\/muehlenensemble-300x173.jpg 300w\" sizes=\"(max-width: 768px) 100vw, 768px\" \/><br \/>\nVon der Getreidem\u00fchle aus \u00fcber die Wittig im Schlenderschritt zur Kirche Mari\u00e4 Himmelfahrt.<\/p>\n<p><img loading=\"lazy\" class=\"aligncenter size-full wp-image-13150\" src=\"http:\/\/www.rhizom.de\/wandern\/wp-content\/uploads\/2019\/04\/kirche.jpg\" alt=\"Kirche Raspenau\" width=\"768\" height=\"444\" srcset=\"http:\/\/www.rhizom.de\/wandern\/wp-content\/uploads\/2019\/04\/kirche.jpg 768w, http:\/\/www.rhizom.de\/wandern\/wp-content\/uploads\/2019\/04\/kirche-300x173.jpg 300w\" sizes=\"(max-width: 768px) 100vw, 768px\" \/><br \/>\nEin Grabstein aus dem 19. Jahrhundert. Schade: nicht &#8220;Gottfried&#8221; Menzel (1798\u20131879), den hatte ich von meinen Vorbereitungen in Erinnerung. Er besch\u00e4ftigte sich als Priester und Naturwissenschaftler mit Maulbeerpflanzen, Astronomie und Naturheilkunde. Aber war es in Raspenau?<br \/>\nIn meinem Ged\u00e4chtnis haben sich aktuell und deutlicher die bisher frequentierten Eisverkaufsorte und -sorten verankert.<\/p>\n<p><img loading=\"lazy\" class=\"aligncenter size-full wp-image-13151\" src=\"http:\/\/www.rhizom.de\/wandern\/wp-content\/uploads\/2019\/04\/grabstein-menzel.jpg\" alt=\"Grabstein Menzel\" width=\"768\" height=\"444\" srcset=\"http:\/\/www.rhizom.de\/wandern\/wp-content\/uploads\/2019\/04\/grabstein-menzel.jpg 768w, http:\/\/www.rhizom.de\/wandern\/wp-content\/uploads\/2019\/04\/grabstein-menzel-300x173.jpg 300w\" sizes=\"(max-width: 768px) 100vw, 768px\" \/><br \/>\nEinszweidrei im Sauseschritt vergeht die Zeit, wir laufen mit&#8230;<\/p>\n<p><img loading=\"lazy\" class=\"aligncenter size-full wp-image-13153\" src=\"http:\/\/www.rhizom.de\/wandern\/wp-content\/uploads\/2019\/04\/haus-3.jpg\" alt=\"\" width=\"768\" height=\"444\" srcset=\"http:\/\/www.rhizom.de\/wandern\/wp-content\/uploads\/2019\/04\/haus-3.jpg 768w, http:\/\/www.rhizom.de\/wandern\/wp-content\/uploads\/2019\/04\/haus-3-300x173.jpg 300w\" sizes=\"(max-width: 768px) 100vw, 768px\" \/><br \/>\n<img loading=\"lazy\" class=\"alignleft size-full wp-image-13307\" src=\"http:\/\/www.rhizom.de\/wandern\/wp-content\/uploads\/2019\/04\/osterruten.jpg\" alt=\"\" width=\"300\" height=\"203\" \/><\/p>\n<p style=\"text-align: right;\">Lang kann es hier nicht her sein. Die Sch\u00fcssel empf\u00e4ngt mit Sicherheit noch jedes Signal. Vielleicht geizt die EU, wenn da wer nicht so will wie sie m\u00f6chte. Der traurige Verfall ist erst wieder mit privatem Geld aufzuhalten &#8211; woher auch immer. Im Hintergrund die billigen Neubauten.<br \/>\nAber erst einmal wird nach altem, tschechischem Brauch den Frauen neues Leben mit den Osterruten eingebleut. Daf\u00fcr gibt Frau gern ein Schokoei.<\/p>\n<p style=\"clear: both; font-size: 5px;\">&nbsp;<\/p>\n<p><img loading=\"lazy\" class=\"aligncenter size-full wp-image-13152\" src=\"http:\/\/www.rhizom.de\/wandern\/wp-content\/uploads\/2019\/04\/haus-2.jpg\" alt=\"\" width=\"768\" height=\"444\" srcset=\"http:\/\/www.rhizom.de\/wandern\/wp-content\/uploads\/2019\/04\/haus-2.jpg 768w, http:\/\/www.rhizom.de\/wandern\/wp-content\/uploads\/2019\/04\/haus-2-300x173.jpg 300w\" sizes=\"(max-width: 768px) 100vw, 768px\" \/><\/p>\n<p><img loading=\"lazy\" class=\"aligncenter size-full wp-image-13154\" src=\"http:\/\/www.rhizom.de\/wandern\/wp-content\/uploads\/2019\/04\/haus-1.jpg\" alt=\"\" width=\"768\" height=\"444\" srcset=\"http:\/\/www.rhizom.de\/wandern\/wp-content\/uploads\/2019\/04\/haus-1.jpg 768w, http:\/\/www.rhizom.de\/wandern\/wp-content\/uploads\/2019\/04\/haus-1-300x173.jpg 300w\" sizes=\"(max-width: 768px) 100vw, 768px\" \/><\/p>\n<p><img loading=\"lazy\" class=\"aligncenter size-full wp-image-13155\" src=\"http:\/\/www.rhizom.de\/wandern\/wp-content\/uploads\/2019\/04\/zaun.jpg\" alt=\"\" width=\"768\" height=\"444\" srcset=\"http:\/\/www.rhizom.de\/wandern\/wp-content\/uploads\/2019\/04\/zaun.jpg 768w, http:\/\/www.rhizom.de\/wandern\/wp-content\/uploads\/2019\/04\/zaun-300x173.jpg 300w\" sizes=\"(max-width: 768px) 100vw, 768px\" \/><\/p>\n<p><img loading=\"lazy\" class=\"aligncenter size-full wp-image-13156\" src=\"http:\/\/www.rhizom.de\/wandern\/wp-content\/uploads\/2019\/04\/waser-am-wehr.jpg\" alt=\"Wehr\" width=\"768\" height=\"444\" srcset=\"http:\/\/www.rhizom.de\/wandern\/wp-content\/uploads\/2019\/04\/waser-am-wehr.jpg 768w, http:\/\/www.rhizom.de\/wandern\/wp-content\/uploads\/2019\/04\/waser-am-wehr-300x173.jpg 300w\" sizes=\"(max-width: 768px) 100vw, 768px\" \/><br \/>\nAm gegen\u00fcber liegenden Ufer der glasklaren Wittig &#8211; trotz rostroter Farbe &#8211; wahrscheinlich die alte, riesige Kammgarnspinnerei von Raspenau, die Uferbefestigung schon antik anmutend.<\/p>\n<p><img loading=\"lazy\" class=\"aligncenter size-full wp-image-13157\" src=\"http:\/\/www.rhizom.de\/wandern\/wp-content\/uploads\/2019\/04\/fabrik.jpg\" alt=\"\" width=\"768\" height=\"444\" srcset=\"http:\/\/www.rhizom.de\/wandern\/wp-content\/uploads\/2019\/04\/fabrik.jpg 768w, http:\/\/www.rhizom.de\/wandern\/wp-content\/uploads\/2019\/04\/fabrik-300x173.jpg 300w\" sizes=\"(max-width: 768px) 100vw, 768px\" \/><\/p>\n<p><img loading=\"lazy\" class=\"aligncenter size-full wp-image-13159\" src=\"http:\/\/www.rhizom.de\/wandern\/wp-content\/uploads\/2019\/04\/esel.jpg\" alt=\"\" width=\"768\" height=\"444\" srcset=\"http:\/\/www.rhizom.de\/wandern\/wp-content\/uploads\/2019\/04\/esel.jpg 768w, http:\/\/www.rhizom.de\/wandern\/wp-content\/uploads\/2019\/04\/esel-300x173.jpg 300w\" sizes=\"(max-width: 768px) 100vw, 768px\" \/><\/p>\n<h2>Noch einmal Kloster und Wallfahrtskirche von Hejnice<\/h2>\n<p><img loading=\"lazy\" class=\"aligncenter size-full wp-image-13160\" src=\"http:\/\/www.rhizom.de\/wandern\/wp-content\/uploads\/2019\/04\/nepomokbruecke.jpg\" alt=\"Die Nepomokbr\u00fccke in Hejnice, Haindorf\" width=\"768\" height=\"444\" srcset=\"http:\/\/www.rhizom.de\/wandern\/wp-content\/uploads\/2019\/04\/nepomokbruecke.jpg 768w, http:\/\/www.rhizom.de\/wandern\/wp-content\/uploads\/2019\/04\/nepomokbruecke-300x173.jpg 300w\" sizes=\"(max-width: 768px) 100vw, 768px\" \/><\/p>\n<p><img loading=\"lazy\" class=\"aligncenter size-full wp-image-13161\" src=\"http:\/\/www.rhizom.de\/wandern\/wp-content\/uploads\/2019\/04\/klosterkomplex.jpg\" alt=\"Wallfahrtskirche in Hejnice, Haindorf\" width=\"768\" height=\"444\" srcset=\"http:\/\/www.rhizom.de\/wandern\/wp-content\/uploads\/2019\/04\/klosterkomplex.jpg 768w, http:\/\/www.rhizom.de\/wandern\/wp-content\/uploads\/2019\/04\/klosterkomplex-300x173.jpg 300w\" sizes=\"(max-width: 768px) 100vw, 768px\" \/><\/p>\n<p><img loading=\"lazy\" class=\"aligncenter size-full wp-image-13162\" src=\"http:\/\/www.rhizom.de\/wandern\/wp-content\/uploads\/2019\/04\/wallfahrtskirche.jpg\" alt=\"Wallfahrtskirche in Hejnice, Haindorf\" width=\"768\" height=\"444\" srcset=\"http:\/\/www.rhizom.de\/wandern\/wp-content\/uploads\/2019\/04\/wallfahrtskirche.jpg 768w, http:\/\/www.rhizom.de\/wandern\/wp-content\/uploads\/2019\/04\/wallfahrtskirche-300x173.jpg 300w\" sizes=\"(max-width: 768px) 100vw, 768px\" \/><\/p>\n<h2>Letzte Wiese, letztes Osterei<\/h2>\n<p><img loading=\"lazy\" class=\"aligncenter size-full wp-image-13219\" src=\"http:\/\/www.rhizom.de\/wandern\/wp-content\/uploads\/2019\/04\/201904-wiese-mit-kreuzen.jpg\" alt=\"\" width=\"768\" height=\"444\" srcset=\"http:\/\/www.rhizom.de\/wandern\/wp-content\/uploads\/2019\/04\/201904-wiese-mit-kreuzen.jpg 768w, http:\/\/www.rhizom.de\/wandern\/wp-content\/uploads\/2019\/04\/201904-wiese-mit-kreuzen-300x173.jpg 300w\" sizes=\"(max-width: 768px) 100vw, 768px\" \/><br \/>\nNein, so weit war es noch nicht, aber so weit:<\/p>\n<p><img loading=\"lazy\" class=\"aligncenter size-full wp-image-13163\" src=\"http:\/\/www.rhizom.de\/wandern\/wp-content\/uploads\/2019\/04\/pausenschlaf.jpg\" alt=\"\" width=\"768\" height=\"444\" srcset=\"http:\/\/www.rhizom.de\/wandern\/wp-content\/uploads\/2019\/04\/pausenschlaf.jpg 768w, http:\/\/www.rhizom.de\/wandern\/wp-content\/uploads\/2019\/04\/pausenschlaf-300x173.jpg 300w\" sizes=\"(max-width: 768px) 100vw, 768px\" \/><\/p>\n<p><img loading=\"lazy\" class=\"aligncenter size-full wp-image-13164\" src=\"http:\/\/www.rhizom.de\/wandern\/wp-content\/uploads\/2019\/04\/osterschokolade.jpg\" alt=\"\" width=\"768\" height=\"444\" srcset=\"http:\/\/www.rhizom.de\/wandern\/wp-content\/uploads\/2019\/04\/osterschokolade.jpg 768w, http:\/\/www.rhizom.de\/wandern\/wp-content\/uploads\/2019\/04\/osterschokolade-300x173.jpg 300w\" sizes=\"(max-width: 768px) 100vw, 768px\" \/><\/p>\n<p><img loading=\"lazy\" class=\"aligncenter size-full wp-image-13166\" src=\"http:\/\/www.rhizom.de\/wandern\/wp-content\/uploads\/2019\/04\/supi.jpg\" alt=\"\" width=\"768\" height=\"444\" srcset=\"http:\/\/www.rhizom.de\/wandern\/wp-content\/uploads\/2019\/04\/supi.jpg 768w, http:\/\/www.rhizom.de\/wandern\/wp-content\/uploads\/2019\/04\/supi-300x173.jpg 300w\" sizes=\"(max-width: 768px) 100vw, 768px\" \/><\/p>\n<h2 style=\"text-align: center;\">DANKE, wir waren ein tolles Team!<\/h2>\n<p style=\"clear: both; text-align: center;\"><a href=\"http:\/\/www.rhizom.de\/wandern\/2019\/04\/24\/lieblicher-jizerskohorske-buciny\/\">\u2192 zur\u00fcck zur Karfreitags-Wanderung 2019<\/a><br \/>\n<a href=\"http:\/\/www.rhizom.de\/wandern\/2019\/04\/24\/isergebirge-wasserfall\/\">\u2192 zur\u00fcck zu Isergebirgssteinen und Wasserfall \/ Ostersonnabend <\/a><br \/>\n<a href=\"http:\/\/www.rhizom.de\/wandern\/2019\/04\/24\/smrt\/\">\u2192 zur\u00fcck zum Smrk am Ostersonntag \/ 1050 m auf- und 1050 m absteigend<\/a><\/p>\n","protected":false},"excerpt":{"rendered":"<p>22.04.2019, Ostern in Tschechien mit dem WSV Rotation Berlin, Leitung Wolfgang Pagel.\u00a0 Am Montag, dem nach altem Brauch eigentlich gefeierten, tschechischen Osterfest und zum Ausklang nun wirklich nur relaxed durch das liebliche Isergebirgsvorland. Zwischen den Gebirgswiesen, entlang der B\u00e4che, ducken sich die niedrigen H\u00e4uschen, umgeben von zauberhaften, kleinen G\u00e4rten. Ob es die harten, schneereichen Winter &#8230; <a title=\"Im Isergebirgsvorland\" class=\"read-more\" href=\"http:\/\/www.rhizom.de\/wandern\/2019\/04\/24\/isergebirgsvorland\/\">Read more<\/a><\/p>\n","protected":false},"author":1,"featured_media":0,"comment_status":"open","ping_status":"open","sticky":false,"template":"","format":"standard","meta":{"generate_page_header":""},"categories":[7],"tags":[93],"_links":{"self":[{"href":"http:\/\/www.rhizom.de\/wandern\/wp-json\/wp\/v2\/posts\/13142"}],"collection":[{"href":"http:\/\/www.rhizom.de\/wandern\/wp-json\/wp\/v2\/posts"}],"about":[{"href":"http:\/\/www.rhizom.de\/wandern\/wp-json\/wp\/v2\/types\/post"}],"author":[{"embeddable":true,"href":"http:\/\/www.rhizom.de\/wandern\/wp-json\/wp\/v2\/users\/1"}],"replies":[{"embeddable":true,"href":"http:\/\/www.rhizom.de\/wandern\/wp-json\/wp\/v2\/comments?post=13142"}],"version-history":[{"count":22,"href":"http:\/\/www.rhizom.de\/wandern\/wp-json\/wp\/v2\/posts\/13142\/revisions"}],"predecessor-version":[{"id":13326,"href":"http:\/\/www.rhizom.de\/wandern\/wp-json\/wp\/v2\/posts\/13142\/revisions\/13326"}],"wp:attachment":[{"href":"http:\/\/www.rhizom.de\/wandern\/wp-json\/wp\/v2\/media?parent=13142"}],"wp:term":[{"taxonomy":"category","embeddable":true,"href":"http:\/\/www.rhizom.de\/wandern\/wp-json\/wp\/v2\/categories?post=13142"},{"taxonomy":"post_tag","embeddable":true,"href":"http:\/\/www.rhizom.de\/wandern\/wp-json\/wp\/v2\/tags?post=13142"}],"curies":[{"name":"wp","href":"https:\/\/api.w.org\/{rel}","templated":true}]}}