{"id":13467,"date":"2019-05-25T23:08:00","date_gmt":"2019-05-25T21:08:00","guid":{"rendered":"http:\/\/www.rhizom.de\/wandern\/?p=13467"},"modified":"2019-06-01T14:39:55","modified_gmt":"2019-06-01T12:39:55","slug":"hegesteinbach","status":"publish","type":"post","link":"http:\/\/www.rhizom.de\/wandern\/2019\/05\/25\/hegesteinbach\/","title":{"rendered":"NSG Thymen mit Hegensteinbach"},"content":{"rendered":"<p><strong>25. Mai 2019, Wanderung zur Orchideenwiese Hegensteinbach \/ NSG Thymen: Org. WSV Rotation Berlin, W.Pagel; F\u00fchrung Heike Wiedenh\u00f6ft, Leiterin des Naturparks Uckerm\u00e4rkische Seen und Anke Schneider, Revierf\u00f6rsterin. <\/strong><br \/>\n<strong>28 km als Solo verk\u00fcrzt auf insgesamt 12 km im NSG. Ich glaub es nicht: in sechs (6) Stunden!!!???<\/strong><\/p>\n<h2>Zur Orchideenwiese Hegensteinbach<\/h2>\n<p><a href=\"http:\/\/www.rhizom.de\/wandern\/wp-content\/uploads\/2019\/05\/20190525-Seeadlerhorst.jpg\"><img loading=\"lazy\" class=\"aligncenter size-full wp-image-13468\" src=\"http:\/\/www.rhizom.de\/wandern\/wp-content\/uploads\/2019\/05\/20190525-Seeadlerhorst.jpg\" alt=\"Stromleitung mit Seeadlerhorst\" width=\"1024\" height=\"592\" srcset=\"http:\/\/www.rhizom.de\/wandern\/wp-content\/uploads\/2019\/05\/20190525-Seeadlerhorst.jpg 1024w, http:\/\/www.rhizom.de\/wandern\/wp-content\/uploads\/2019\/05\/20190525-Seeadlerhorst-300x173.jpg 300w, http:\/\/www.rhizom.de\/wandern\/wp-content\/uploads\/2019\/05\/20190525-Seeadlerhorst-768x444.jpg 768w\" sizes=\"(max-width: 1024px) 100vw, 1024px\" \/><\/a><br \/>\nZum Schutz eines besetzten Seeadlerhorstes ein kleiner Umweg. Ohne St\u00f6rungen gibt es die gro\u00dfe Hoffnung, dass drei junge Seeadler aufgezogen werden.<\/p>\n<p><img loading=\"lazy\" class=\"aligncenter size-full wp-image-13480\" src=\"http:\/\/www.rhizom.de\/wandern\/wp-content\/uploads\/2019\/05\/20190525-Hegemeisterbruecke-NSG-Thymen.jpg\" alt=\"Hegemeisterbr\u00fccke\" width=\"768\" height=\"444\" srcset=\"http:\/\/www.rhizom.de\/wandern\/wp-content\/uploads\/2019\/05\/20190525-Hegemeisterbruecke-NSG-Thymen.jpg 768w, http:\/\/www.rhizom.de\/wandern\/wp-content\/uploads\/2019\/05\/20190525-Hegemeisterbruecke-NSG-Thymen-300x173.jpg 300w\" sizes=\"(max-width: 768px) 100vw, 768px\" \/><br \/>\nAn der Hegemeisterbr\u00fccke teilen sich die Wege. Unter F\u00fchrung von Heike Wiedenh\u00f6ft, Leiterin des Naturparks Uckerm\u00e4rkische Seen und Anke Schneider, Revierf\u00f6rsterin, geht es zu einer der in Brandenburg ber\u00fchmten Orchideenwiesen.<\/p>\n<p><a href=\"http:\/\/www.rhizom.de\/wandern\/wp-content\/uploads\/2019\/05\/20190525-Hegesteinbach-Wiese.jpg\"><img loading=\"lazy\" class=\"aligncenter size-full wp-image-13470\" src=\"http:\/\/www.rhizom.de\/wandern\/wp-content\/uploads\/2019\/05\/20190525-Hegesteinbach-Wiese.jpg\" alt=\"Orchideenwiese Hegensteinbach\" width=\"1024\" height=\"592\" srcset=\"http:\/\/www.rhizom.de\/wandern\/wp-content\/uploads\/2019\/05\/20190525-Hegesteinbach-Wiese.jpg 1024w, http:\/\/www.rhizom.de\/wandern\/wp-content\/uploads\/2019\/05\/20190525-Hegesteinbach-Wiese-300x173.jpg 300w, http:\/\/www.rhizom.de\/wandern\/wp-content\/uploads\/2019\/05\/20190525-Hegesteinbach-Wiese-768x444.jpg 768w\" sizes=\"(max-width: 1024px) 100vw, 1024px\" \/><\/a><br \/>\nDank aufw\u00e4ndiger Wiesenpflege leuchten die violettroten Bl\u00fcten des gefleckten Knabenkrautes bis zum Geh\u00f6lzrand.<\/p>\n<p><a href=\"http:\/\/www.rhizom.de\/wandern\/wp-content\/uploads\/2019\/05\/20190525-Orchideenwiese-NSGHegesteinbach.jpg\"><img loading=\"lazy\" class=\"aligncenter size-full wp-image-13471\" src=\"http:\/\/www.rhizom.de\/wandern\/wp-content\/uploads\/2019\/05\/20190525-Orchideenwiese-NSGHegesteinbach.jpg\" alt=\"Orchideenwiese Hegensteinbach\" width=\"1024\" height=\"592\" srcset=\"http:\/\/www.rhizom.de\/wandern\/wp-content\/uploads\/2019\/05\/20190525-Orchideenwiese-NSGHegesteinbach.jpg 1024w, http:\/\/www.rhizom.de\/wandern\/wp-content\/uploads\/2019\/05\/20190525-Orchideenwiese-NSGHegesteinbach-300x173.jpg 300w, http:\/\/www.rhizom.de\/wandern\/wp-content\/uploads\/2019\/05\/20190525-Orchideenwiese-NSGHegesteinbach-768x444.jpg 768w\" sizes=\"(max-width: 1024px) 100vw, 1024px\" \/><\/a><br \/>\nDen alten Griechen galt die Orchidee wegen ihrer zwei baumelnden, knollenf\u00f6rmigen und wohl auch knabenhaften &#8220;Hoden-&#8220;Wurzeln als Aphrodisiakum.<\/p>\n<p><a href=\"http:\/\/www.rhizom.de\/wandern\/wp-content\/uploads\/2019\/05\/20190525-Knabenkraut-NSG-Thymen.jpg\"><img loading=\"lazy\" class=\"aligncenter size-full wp-image-13473\" src=\"http:\/\/www.rhizom.de\/wandern\/wp-content\/uploads\/2019\/05\/20190525-Knabenkraut-NSG-Thymen.jpg\" alt=\"Knabenkraut\" width=\"1024\" height=\"592\" srcset=\"http:\/\/www.rhizom.de\/wandern\/wp-content\/uploads\/2019\/05\/20190525-Knabenkraut-NSG-Thymen.jpg 1024w, http:\/\/www.rhizom.de\/wandern\/wp-content\/uploads\/2019\/05\/20190525-Knabenkraut-NSG-Thymen-300x173.jpg 300w, http:\/\/www.rhizom.de\/wandern\/wp-content\/uploads\/2019\/05\/20190525-Knabenkraut-NSG-Thymen-768x444.jpg 768w\" sizes=\"(max-width: 1024px) 100vw, 1024px\" \/><\/a><br \/>\nAuf das gebraute Liebesgetr\u00e4nk &#8211; ohne nachgewiesene Wirkung &#8211; muss verzichtet werden: die bei uns seltene Pflanze ist streng gesch\u00fctzt.<br \/>\nHabe ich im Bild ein breitbl\u00e4ttriges und auch ein steifbl\u00e4ttriges Knabenkraut erwischt?<\/p>\n<p><a href=\"http:\/\/www.rhizom.de\/wandern\/wp-content\/uploads\/2019\/05\/20190525-Knabenkraut-Hegensteinbachwiese.jpg\"><img loading=\"lazy\" class=\"aligncenter size-full wp-image-13472\" src=\"http:\/\/www.rhizom.de\/wandern\/wp-content\/uploads\/2019\/05\/20190525-Knabenkraut-Hegensteinbachwiese.jpg\" alt=\"Knabenkraut\" width=\"1024\" height=\"592\" srcset=\"http:\/\/www.rhizom.de\/wandern\/wp-content\/uploads\/2019\/05\/20190525-Knabenkraut-Hegensteinbachwiese.jpg 1024w, http:\/\/www.rhizom.de\/wandern\/wp-content\/uploads\/2019\/05\/20190525-Knabenkraut-Hegensteinbachwiese-300x173.jpg 300w, http:\/\/www.rhizom.de\/wandern\/wp-content\/uploads\/2019\/05\/20190525-Knabenkraut-Hegensteinbachwiese-768x444.jpg 768w\" sizes=\"(max-width: 1024px) 100vw, 1024px\" \/><\/a><br \/>\nDie gefleckten Bl\u00e4tter, unverkennbar auch mit ihren parallelen Adern: jedes anders, ganz individuell! Wilde Sch\u00f6nheit!<\/p>\n<h2>Zum Natur\u00adentwicklungsgebiet NSG Thymen<\/h2>\n<p><img loading=\"lazy\" class=\"aligncenter size-full wp-image-13488\" src=\"http:\/\/www.rhizom.de\/wandern\/wp-content\/uploads\/2019\/05\/20190525-Wasserstand-Hegemeisterbruecke.jpg\" alt=\"Wasserstand Hegemeisterbr\u00fccke\" width=\"768\" height=\"444\" srcset=\"http:\/\/www.rhizom.de\/wandern\/wp-content\/uploads\/2019\/05\/20190525-Wasserstand-Hegemeisterbruecke.jpg 768w, http:\/\/www.rhizom.de\/wandern\/wp-content\/uploads\/2019\/05\/20190525-Wasserstand-Hegemeisterbruecke-300x173.jpg 300w\" sizes=\"(max-width: 768px) 100vw, 768px\" \/><br \/>\nWenn der Wasserstand in diesem Jahr nicht wieder absinkt wie im Extremwetter-Sommer 2018, haben die Orchideen, die Brandenburger Natur, der Waldumbau und das Naturentwicklungsgebiet am Thymen eine Chance.<\/p>\n<p><img loading=\"lazy\" class=\"aligncenter size-full wp-image-13469\" src=\"http:\/\/www.rhizom.de\/wandern\/wp-content\/uploads\/2019\/05\/20190525-Hegesteinbach.jpg\" alt=\"Hegensteinbach\" width=\"1024\" height=\"592\" srcset=\"http:\/\/www.rhizom.de\/wandern\/wp-content\/uploads\/2019\/05\/20190525-Hegesteinbach.jpg 1024w, http:\/\/www.rhizom.de\/wandern\/wp-content\/uploads\/2019\/05\/20190525-Hegesteinbach-300x173.jpg 300w, http:\/\/www.rhizom.de\/wandern\/wp-content\/uploads\/2019\/05\/20190525-Hegesteinbach-768x444.jpg 768w\" sizes=\"(max-width: 1024px) 100vw, 1024px\" \/><br \/>\nMeine weitere Wanderung nun ab Hegemeisterbr\u00fccke ein verk\u00fcrztes Solo.<\/p>\n<p><img loading=\"lazy\" class=\"aligncenter size-full wp-image-13487\" src=\"http:\/\/www.rhizom.de\/wandern\/wp-content\/uploads\/2019\/05\/20190525-Otterspuren.jpg\" alt=\"Spuren vom Otter\" width=\"768\" height=\"444\" srcset=\"http:\/\/www.rhizom.de\/wandern\/wp-content\/uploads\/2019\/05\/20190525-Otterspuren.jpg 768w, http:\/\/www.rhizom.de\/wandern\/wp-content\/uploads\/2019\/05\/20190525-Otterspuren-300x173.jpg 300w\" sizes=\"(max-width: 768px) 100vw, 768px\" \/><br \/>\nDie Kraniche haben wir leider aufgeschreckt von der Orchideenwiese. Die Otter hat reichlich Muscheln hinterlassen, auch tiefe Einstiege ins Wasser. Der Graureiher entschwindet in den Baumwipfeln. Ein Reh, dann schon in der N\u00e4he der Pferdeweiden. \u00dcber die Wiesen zum Ende meiner Wanderung fliegt mit schwerem Fl\u00fcgelschlag der Seeadler.<\/p>\n<p><img loading=\"lazy\" class=\"aligncenter size-full wp-image-13484\" src=\"http:\/\/www.rhizom.de\/wandern\/wp-content\/uploads\/2019\/05\/20190525-Spuren.jpg\" alt=\"\" width=\"768\" height=\"444\" srcset=\"http:\/\/www.rhizom.de\/wandern\/wp-content\/uploads\/2019\/05\/20190525-Spuren.jpg 768w, http:\/\/www.rhizom.de\/wandern\/wp-content\/uploads\/2019\/05\/20190525-Spuren-300x173.jpg 300w\" sizes=\"(max-width: 768px) 100vw, 768px\" \/><br \/>\nMeine menschlichen Sinne sind wahrhaftig rudiment\u00e4r: mehr als Spuren erwische ich trotz meines leisen Trittes nicht.<\/p>\n<p><img loading=\"lazy\" class=\"aligncenter size-full wp-image-13483\" src=\"http:\/\/www.rhizom.de\/wandern\/wp-content\/uploads\/2019\/05\/20190525-Thymen.jpg\" alt=\"NSG Thymen\" width=\"1024\" height=\"592\" srcset=\"http:\/\/www.rhizom.de\/wandern\/wp-content\/uploads\/2019\/05\/20190525-Thymen.jpg 1024w, http:\/\/www.rhizom.de\/wandern\/wp-content\/uploads\/2019\/05\/20190525-Thymen-300x173.jpg 300w, http:\/\/www.rhizom.de\/wandern\/wp-content\/uploads\/2019\/05\/20190525-Thymen-768x444.jpg 768w\" sizes=\"(max-width: 1024px) 100vw, 1024px\" \/><br \/>\nDen Blick direkt auf den Flachsee gestattet das Naturschutzgebiet Thymen mit den breiten Schilfg\u00fcrteln, Feuchtwiesen und Geb\u00fcschen seiner Verlandungsmoore kaum.<\/p>\n<p><img loading=\"lazy\" class=\"aligncenter size-full wp-image-13498\" src=\"http:\/\/www.rhizom.de\/wandern\/wp-content\/uploads\/2019\/05\/20190525-Blick-Thymensee.jpg\" alt=\"NSG Thymen\" width=\"768\" height=\"444\" srcset=\"http:\/\/www.rhizom.de\/wandern\/wp-content\/uploads\/2019\/05\/20190525-Blick-Thymensee.jpg 768w, http:\/\/www.rhizom.de\/wandern\/wp-content\/uploads\/2019\/05\/20190525-Blick-Thymensee-300x173.jpg 300w\" sizes=\"(max-width: 768px) 100vw, 768px\" \/><br \/>\nWie in jedem NSG ist es verboten, au\u00dferhalb von &#8220;Wegen, die von zwei- oder mehrspurigen Fahrzeugen befahren werden k\u00f6nnen,&#8221; die Fl\u00e4chen zu betreten.<\/p>\n<p><img loading=\"lazy\" class=\"aligncenter size-full wp-image-13500\" src=\"http:\/\/www.rhizom.de\/wandern\/wp-content\/uploads\/2019\/05\/20190525-Thymensee.jpg\" alt=\"Thymensee\" width=\"768\" height=\"444\" srcset=\"http:\/\/www.rhizom.de\/wandern\/wp-content\/uploads\/2019\/05\/20190525-Thymensee.jpg 768w, http:\/\/www.rhizom.de\/wandern\/wp-content\/uploads\/2019\/05\/20190525-Thymensee-300x173.jpg 300w\" sizes=\"(max-width: 768px) 100vw, 768px\" \/><br \/>\nDer \u00f6ffentliche Rundweg Hegensteinbach besitzt diesbez\u00fcglich einige wenige, meist undeutliche Abzweige.<\/p>\n<p><img loading=\"lazy\" class=\"aligncenter size-full wp-image-13503\" src=\"http:\/\/www.rhizom.de\/wandern\/wp-content\/uploads\/2019\/05\/20190525-NSG-Thymen.jpg\" alt=\"NSG Thymen\" width=\"768\" height=\"444\" srcset=\"http:\/\/www.rhizom.de\/wandern\/wp-content\/uploads\/2019\/05\/20190525-NSG-Thymen.jpg 768w, http:\/\/www.rhizom.de\/wandern\/wp-content\/uploads\/2019\/05\/20190525-NSG-Thymen-300x173.jpg 300w\" sizes=\"(max-width: 768px) 100vw, 768px\" \/><br \/>\nAls Stichwege enden sie vor einem Ansitz. Wer zeitlich gebunden ist, sollte diese Wege meiden.<\/p>\n<p><img loading=\"lazy\" class=\"aligncenter size-full wp-image-13510\" src=\"http:\/\/www.rhizom.de\/wandern\/wp-content\/uploads\/2019\/05\/20190525-NSG-Thymen-Stichweg.jpg\" alt=\"NSG Thymen\" width=\"768\" height=\"444\" srcset=\"http:\/\/www.rhizom.de\/wandern\/wp-content\/uploads\/2019\/05\/20190525-NSG-Thymen-Stichweg.jpg 768w, http:\/\/www.rhizom.de\/wandern\/wp-content\/uploads\/2019\/05\/20190525-NSG-Thymen-Stichweg-300x173.jpg 300w\" sizes=\"(max-width: 768px) 100vw, 768px\" \/><br \/>\nDieser Gedanke kommt wohl nur einem Insider des Forstes beim Anblick der unendlich den Boden bedeckenden Blaubeeren: sie verdr\u00e4ngen alle anderen Pflanzen. Trotzdem ist die neue Vielfalt im Wald un\u00fcbersehbar.<\/p>\n<p><img loading=\"lazy\" class=\"aligncenter size-full wp-image-13509\" src=\"http:\/\/www.rhizom.de\/wandern\/wp-content\/uploads\/2019\/05\/20190525-neue-Vielfalt-NSG-Thymen.jpg\" alt=\"Neue Vielfalt im NSG Thymen\" width=\"768\" height=\"444\" srcset=\"http:\/\/www.rhizom.de\/wandern\/wp-content\/uploads\/2019\/05\/20190525-neue-Vielfalt-NSG-Thymen.jpg 768w, http:\/\/www.rhizom.de\/wandern\/wp-content\/uploads\/2019\/05\/20190525-neue-Vielfalt-NSG-Thymen-300x173.jpg 300w\" sizes=\"(max-width: 768px) 100vw, 768px\" \/><br \/>\nUnsichtbar hinter all dem Frosch-, Flaschen-, Apfel-, Birken-, Lind-, Knall-, Quietsch- und Dunkel-Gr\u00fcn liegt wieder der Thymensee.<\/p>\n<p><img loading=\"lazy\" class=\"aligncenter size-full wp-image-13541\" src=\"http:\/\/www.rhizom.de\/wandern\/wp-content\/uploads\/2019\/05\/20190525-Gruen-am-Thymensee.jpg\" alt=\"Viel Gr\u00fcn am NSG Thymensee\" width=\"768\" height=\"444\" srcset=\"http:\/\/www.rhizom.de\/wandern\/wp-content\/uploads\/2019\/05\/20190525-Gruen-am-Thymensee.jpg 768w, http:\/\/www.rhizom.de\/wandern\/wp-content\/uploads\/2019\/05\/20190525-Gruen-am-Thymensee-300x173.jpg 300w\" sizes=\"(max-width: 768px) 100vw, 768px\" \/><\/p>\n<p><img loading=\"lazy\" class=\"alignright size-full wp-image-13507\" src=\"http:\/\/www.rhizom.de\/wandern\/wp-content\/uploads\/2019\/05\/verbotsschild.jpg\" alt=\"Verbot\" width=\"150\" height=\"150\" \/>Letztendlich kehre ich mit Blick in einen eint\u00f6nigen Kiefernwald mit dem eint\u00f6nigen Gr\u00fcn von Blaubeerkraut um: &#8220;Gesch\u00fctztes Waldgebiet. In diesem Naturwald entsteht der Urwald von morgen.&#8221; Hoffentlich.<\/p>\n<p>Wer nicht in den Genuss einer fachkundigen F\u00fchrung durch das NSG Thymen kommt, kann sich \u00fcber folgende Links informieren:<br \/>\n\u2192 <a href=\"https:\/\/www.uckermaerkische-seen-naturpark.de\/\" target=\"_blank\" rel=\"noopener\">Naturpark Uckerm\u00e4rkische Seen<\/a><br \/>\n\u2192 <a href=\"https:\/\/mlul.brandenburg.de\/cms\/detail.php\/bb1.c.339575.de\" target=\"_blank\" rel=\"noopener\">NSG Thymen, Ministerium f\u00fcr L\u00e4ndliche Entwicklung, Umwelt und Landwirtschaft des Landes Brandenburg<\/a><\/p>\n<h2 style=\"clear: both;\">In Flie\u00dfrichtung am Hegensteinbach<\/h2>\n<p>Der Rundweg Hegensteinbach steigt hinter der Hegemeisterbr\u00fccke bergan. Fr\u00fcher unzug\u00e4nglich f\u00fcr die Bev\u00f6lkerung: F\u00fcrstenberg-Ravensbr\u00fcck und sp\u00e4ter die Pr\u00e4senz sowjetischer Truppen\u00a0 wiesen im Gebiet reichlich &#8220;besetzte Orte&#8221; aus. Ich gebe meine Internetrecherche auf. Genaues wird nicht gemocht im Zeitalter des hoffentlich wachsenden Tourismus.<\/p>\n<p><img loading=\"lazy\" class=\"aligncenter size-full wp-image-13485\" src=\"http:\/\/www.rhizom.de\/wandern\/wp-content\/uploads\/2019\/05\/20190525-Natur-braucht-keine-Kunst.jpg\" alt=\"Hegensteinbach, NSG Thymen\" width=\"768\" height=\"444\" srcset=\"http:\/\/www.rhizom.de\/wandern\/wp-content\/uploads\/2019\/05\/20190525-Natur-braucht-keine-Kunst.jpg 768w, http:\/\/www.rhizom.de\/wandern\/wp-content\/uploads\/2019\/05\/20190525-Natur-braucht-keine-Kunst-300x173.jpg 300w\" sizes=\"(max-width: 768px) 100vw, 768px\" \/><br \/>\nDie Geschichte ist auch sofort vergessen: jeder Meter des schmalen Pfades, jeder Blick in die Tiefe ist nichts als ein Erlebnis f\u00fcrs Auge.<\/p>\n<p><img loading=\"lazy\" class=\"aligncenter size-full wp-image-13511\" src=\"http:\/\/www.rhizom.de\/wandern\/wp-content\/uploads\/2019\/05\/20190525-Blick-von-der-Bank-Hegensteinbach.jpg\" alt=\"Hegensteinbach, NSG Thymen\" width=\"768\" height=\"444\" srcset=\"http:\/\/www.rhizom.de\/wandern\/wp-content\/uploads\/2019\/05\/20190525-Blick-von-der-Bank-Hegensteinbach.jpg 768w, http:\/\/www.rhizom.de\/wandern\/wp-content\/uploads\/2019\/05\/20190525-Blick-von-der-Bank-Hegensteinbach-300x173.jpg 300w\" sizes=\"(max-width: 768px) 100vw, 768px\" \/><br \/>\nDer am s\u00fcdlichen Zipfel aus dem Thymensee flie\u00dfende Hegensteinbach breitet sich hinter der einzw\u00e4ngenden Br\u00fccke wo er nur kann sofort wieder aus.<\/p>\n<p><img loading=\"lazy\" class=\"aligncenter size-full wp-image-13461\" src=\"http:\/\/www.rhizom.de\/wandern\/wp-content\/uploads\/2017\/08\/20190525-NSG-Thymen-Hegesteinbach.jpg\" alt=\"25. 5. 2019, NSG Thymen, Hegensteinbach\" width=\"1024\" height=\"592\" srcset=\"http:\/\/www.rhizom.de\/wandern\/wp-content\/uploads\/2017\/08\/20190525-NSG-Thymen-Hegesteinbach.jpg 1024w, http:\/\/www.rhizom.de\/wandern\/wp-content\/uploads\/2017\/08\/20190525-NSG-Thymen-Hegesteinbach-300x173.jpg 300w, http:\/\/www.rhizom.de\/wandern\/wp-content\/uploads\/2017\/08\/20190525-NSG-Thymen-Hegesteinbach-768x444.jpg 768w\" sizes=\"(max-width: 1024px) 100vw, 1024px\" \/><br \/>\n&#8220;Thymen&#8221; bezeichnet in altpolabischer Sprache Sumpf, Morast = &#8220;tyme&#8221;. Schwarzmoorig an den Bachr\u00e4ndern, verweist der mittig helle Str\u00f6mungstreifen auf sichtlich saubere Wasserqualit\u00e4t.<\/p>\n<p><img loading=\"lazy\" class=\"aligncenter size-full wp-image-13513\" src=\"http:\/\/www.rhizom.de\/wandern\/wp-content\/uploads\/2019\/05\/20190525-NSG-Hegensteinbach.jpg\" alt=\"Hegensteinbach, NSG Thymen\" width=\"768\" height=\"444\" srcset=\"http:\/\/www.rhizom.de\/wandern\/wp-content\/uploads\/2019\/05\/20190525-NSG-Hegensteinbach.jpg 768w, http:\/\/www.rhizom.de\/wandern\/wp-content\/uploads\/2019\/05\/20190525-NSG-Hegensteinbach-300x173.jpg 300w\" sizes=\"(max-width: 768px) 100vw, 768px\" \/><br \/>\nVon den Fischen, die den gesichteten Graureiher ern\u00e4hren, ist an den mit wenigen Schritten zug\u00e4nglichen Stellen nichts zu entdecken.<\/p>\n<p><img loading=\"lazy\" class=\"aligncenter size-full wp-image-13502\" src=\"http:\/\/www.rhizom.de\/wandern\/wp-content\/uploads\/2019\/05\/20190525-Mammutbegegnung.jpg\" alt=\"Begegnung mit dem Mammut\" width=\"768\" height=\"444\" srcset=\"http:\/\/www.rhizom.de\/wandern\/wp-content\/uploads\/2019\/05\/20190525-Mammutbegegnung.jpg 768w, http:\/\/www.rhizom.de\/wandern\/wp-content\/uploads\/2019\/05\/20190525-Mammutbegegnung-300x173.jpg 300w\" sizes=\"(max-width: 768px) 100vw, 768px\" \/><br \/>\nAnderes l\u00e4sst erahnen, was vielleicht eines Tages aus dem gewachsenen Urwald des Naturentwicklungsgebietes Thymen stapfen und kriechen k\u00f6nnte.<\/p>\n<p><img loading=\"lazy\" class=\"aligncenter size-full wp-image-13512\" src=\"http:\/\/www.rhizom.de\/wandern\/wp-content\/uploads\/2019\/05\/20190525-Wurzelknolle-NSG-Hegensteinbach.jpg\" alt=\"Hegensteinbach, NSG Thymen\" width=\"768\" height=\"444\" srcset=\"http:\/\/www.rhizom.de\/wandern\/wp-content\/uploads\/2019\/05\/20190525-Wurzelknolle-NSG-Hegensteinbach.jpg 768w, http:\/\/www.rhizom.de\/wandern\/wp-content\/uploads\/2019\/05\/20190525-Wurzelknolle-NSG-Hegensteinbach-300x173.jpg 300w\" sizes=\"(max-width: 768px) 100vw, 768px\" \/><\/p>\n<p><img loading=\"lazy\" class=\"aligncenter size-full wp-image-13514\" src=\"http:\/\/www.rhizom.de\/wandern\/wp-content\/uploads\/2019\/05\/20190525-Hegensteinbach-Biegung.jpg\" alt=\"Hegensteinbach, NSG Thymen\" width=\"768\" height=\"444\" srcset=\"http:\/\/www.rhizom.de\/wandern\/wp-content\/uploads\/2019\/05\/20190525-Hegensteinbach-Biegung.jpg 768w, http:\/\/www.rhizom.de\/wandern\/wp-content\/uploads\/2019\/05\/20190525-Hegensteinbach-Biegung-300x173.jpg 300w\" sizes=\"(max-width: 768px) 100vw, 768px\" \/><br \/>\nWo am unzug\u00e4nglichen, gegen\u00fcber liegenden Ufer weite, moorige Fl\u00e4chen schimmern, versackt auch der Hegensteinbach in tot und stumpf trocknendem Schwarz.<\/p>\n<p><img loading=\"lazy\" class=\"aligncenter size-full wp-image-13515\" src=\"http:\/\/www.rhizom.de\/wandern\/wp-content\/uploads\/2019\/05\/20190525-Hegensteinbach-flach.jpg\" alt=\"Hegensteinbach, NSG Thymen\" width=\"768\" height=\"444\" srcset=\"http:\/\/www.rhizom.de\/wandern\/wp-content\/uploads\/2019\/05\/20190525-Hegensteinbach-flach.jpg 768w, http:\/\/www.rhizom.de\/wandern\/wp-content\/uploads\/2019\/05\/20190525-Hegensteinbach-flach-300x173.jpg 300w\" sizes=\"(max-width: 768px) 100vw, 768px\" \/><\/p>\n<p><img loading=\"lazy\" class=\"aligncenter size-full wp-image-13501\" src=\"http:\/\/www.rhizom.de\/wandern\/wp-content\/uploads\/2019\/05\/20190525-Hegensteinbach-Baumstaemme.jpg\" alt=\"Hegensteinbach, NSG Thymen\" width=\"768\" height=\"444\" srcset=\"http:\/\/www.rhizom.de\/wandern\/wp-content\/uploads\/2019\/05\/20190525-Hegensteinbach-Baumstaemme.jpg 768w, http:\/\/www.rhizom.de\/wandern\/wp-content\/uploads\/2019\/05\/20190525-Hegensteinbach-Baumstaemme-300x173.jpg 300w\" sizes=\"(max-width: 768px) 100vw, 768px\" \/><br \/>\nEs geht bergauf und bergab. Alter Buchenbestand auf den H\u00e4ngen, Erlenbruchwald an den Innenkurven des Gew\u00e4ssers.<\/p>\n<p><img loading=\"lazy\" class=\"aligncenter size-full wp-image-13490\" src=\"http:\/\/www.rhizom.de\/wandern\/wp-content\/uploads\/2019\/05\/20190525-Bruecke-am-Hegesteinbach.jpg\" alt=\"Br\u00fccke auf dem Rundwanderweg Hegensteinbach\" width=\"768\" height=\"444\" srcset=\"http:\/\/www.rhizom.de\/wandern\/wp-content\/uploads\/2019\/05\/20190525-Bruecke-am-Hegesteinbach.jpg 768w, http:\/\/www.rhizom.de\/wandern\/wp-content\/uploads\/2019\/05\/20190525-Bruecke-am-Hegesteinbach-300x173.jpg 300w\" sizes=\"(max-width: 768px) 100vw, 768px\" \/><br \/>\nKleine Holzbr\u00fccken retten zu Regenzeiten \u00fcber morastige Stellen des Hegensteinbach-Rundweges. Der Br\u00fcckenzustand ist etwas abenteuerlich. Aber nur etwas.<\/p>\n<p><img loading=\"lazy\" class=\"aligncenter size-full wp-image-13522\" src=\"http:\/\/www.rhizom.de\/wandern\/wp-content\/uploads\/2017\/08\/20190525-NSG-Hegensteinbach-Urwald.jpg\" alt=\"Rundweg Hegensteinbach. Fast schon der erhoffte Urwald des Landschaftsentwicklungsplanes im NSG Thymen\" width=\"768\" height=\"444\" srcset=\"http:\/\/www.rhizom.de\/wandern\/wp-content\/uploads\/2017\/08\/20190525-NSG-Hegensteinbach-Urwald.jpg 768w, http:\/\/www.rhizom.de\/wandern\/wp-content\/uploads\/2017\/08\/20190525-NSG-Hegensteinbach-Urwald-300x173.jpg 300w\" sizes=\"(max-width: 768px) 100vw, 768px\" \/><br \/>\nTrauriger muten die ersten Siedlungsspuren aus Richtung F\u00fcrstenberg an &#8211; mit deutlichen Eintr\u00e4gen im Hegensteinbach.<\/p>\n<p><img loading=\"lazy\" class=\"aligncenter size-full wp-image-13492\" src=\"http:\/\/www.rhizom.de\/wandern\/wp-content\/uploads\/2019\/05\/20190525-von-oben.jpg\" alt=\"Hegensteinbach, NSG Thymen\" width=\"768\" height=\"444\" srcset=\"http:\/\/www.rhizom.de\/wandern\/wp-content\/uploads\/2019\/05\/20190525-von-oben.jpg 768w, http:\/\/www.rhizom.de\/wandern\/wp-content\/uploads\/2019\/05\/20190525-von-oben-300x173.jpg 300w\" sizes=\"(max-width: 768px) 100vw, 768px\" \/><br \/>\nDoch ich schw\u00f6re: am Ende der schlappen 12\u00a0km in 6 Stunden, nach 4 Stunden Hin- und R\u00fcckreise liege (nicht nur) ich h\u00f6chst zufrieden gekuschelt jenseits irgendeines aktuellen, weiteren Interesses. Das NSG Thymen lohnt unbedingt eine genie\u00dfende Umrundung &#8211; vielleicht zur Blaubeerzeit noch einmal.<\/p>\n<p><a href=\"http:\/\/www.rhizom.de\/wandern\/wp-content\/uploads\/2019\/05\/20190525-Ruhebedarf.jpg\"><img loading=\"lazy\" class=\"aligncenter size-full wp-image-13474\" src=\"http:\/\/www.rhizom.de\/wandern\/wp-content\/uploads\/2019\/05\/20190525-Ruhebedarf.jpg\" alt=\"Ruhebed\u00fcrfnis nach nur 12 Kilometern\" width=\"1024\" height=\"592\" srcset=\"http:\/\/www.rhizom.de\/wandern\/wp-content\/uploads\/2019\/05\/20190525-Ruhebedarf.jpg 1024w, http:\/\/www.rhizom.de\/wandern\/wp-content\/uploads\/2019\/05\/20190525-Ruhebedarf-300x173.jpg 300w, http:\/\/www.rhizom.de\/wandern\/wp-content\/uploads\/2019\/05\/20190525-Ruhebedarf-768x444.jpg 768w\" sizes=\"(max-width: 1024px) 100vw, 1024px\" \/><\/a><\/p>\n<h3 style=\"text-align: center;\">F\u00fcr die detailreichen Informationen und ebenso f\u00fcr die aufopfernde, t\u00e4glich so nachhaltige Arbeit im Vorfeld, ganz besonderen Dank von allen Naturbegeisterten an die Biologin und Limnologin Heike\u00a0Wiedenh\u00f6ft, Leiterin des Naturparks Uckerm\u00e4rkische Seen und die Revierf\u00f6rsterin Anke\u00a0Schneider!<\/h3>\n<figure id=\"attachment_13531\" aria-describedby=\"caption-attachment-13531\" style=\"width: 290px\" class=\"wp-caption aligncenter\"><img loading=\"lazy\" class=\"size-full wp-image-13531\" src=\"http:\/\/www.rhizom.de\/wandern\/wp-content\/uploads\/2019\/05\/Kaefer.gif\" alt=\"...und falls ich etwas falsch gemacht hab: schnell verschwinden...\" width=\"300\" height=\"225\" \/><figcaption id=\"caption-attachment-13531\" class=\"wp-caption-text\">&#8230;falls ich im NSG etwas falsch gemacht hab:<br \/>schnell verschwinden&#8230;<\/figcaption><\/figure>\n<p>&nbsp;<\/p>\n","protected":false},"excerpt":{"rendered":"<p>25. Mai 2019, Wanderung zur Orchideenwiese Hegensteinbach \/ NSG Thymen: Org. WSV Rotation Berlin, W.Pagel; F\u00fchrung Heike Wiedenh\u00f6ft, Leiterin des Naturparks Uckerm\u00e4rkische Seen und Anke Schneider, Revierf\u00f6rsterin. 28 km als Solo verk\u00fcrzt auf insgesamt 12 km im NSG. Ich glaub es nicht: in sechs (6) Stunden!!!??? Zur Orchideenwiese Hegensteinbach Zum Schutz eines besetzten Seeadlerhorstes ein &#8230; <a title=\"NSG Thymen mit Hegensteinbach\" class=\"read-more\" href=\"http:\/\/www.rhizom.de\/wandern\/2019\/05\/25\/hegesteinbach\/\">Read more<\/a><\/p>\n","protected":false},"author":1,"featured_media":0,"comment_status":"open","ping_status":"open","sticky":false,"template":"","format":"standard","meta":{"generate_page_header":""},"categories":[6],"tags":[],"_links":{"self":[{"href":"http:\/\/www.rhizom.de\/wandern\/wp-json\/wp\/v2\/posts\/13467"}],"collection":[{"href":"http:\/\/www.rhizom.de\/wandern\/wp-json\/wp\/v2\/posts"}],"about":[{"href":"http:\/\/www.rhizom.de\/wandern\/wp-json\/wp\/v2\/types\/post"}],"author":[{"embeddable":true,"href":"http:\/\/www.rhizom.de\/wandern\/wp-json\/wp\/v2\/users\/1"}],"replies":[{"embeddable":true,"href":"http:\/\/www.rhizom.de\/wandern\/wp-json\/wp\/v2\/comments?post=13467"}],"version-history":[{"count":42,"href":"http:\/\/www.rhizom.de\/wandern\/wp-json\/wp\/v2\/posts\/13467\/revisions"}],"predecessor-version":[{"id":13603,"href":"http:\/\/www.rhizom.de\/wandern\/wp-json\/wp\/v2\/posts\/13467\/revisions\/13603"}],"wp:attachment":[{"href":"http:\/\/www.rhizom.de\/wandern\/wp-json\/wp\/v2\/media?parent=13467"}],"wp:term":[{"taxonomy":"category","embeddable":true,"href":"http:\/\/www.rhizom.de\/wandern\/wp-json\/wp\/v2\/categories?post=13467"},{"taxonomy":"post_tag","embeddable":true,"href":"http:\/\/www.rhizom.de\/wandern\/wp-json\/wp\/v2\/tags?post=13467"}],"curies":[{"name":"wp","href":"https:\/\/api.w.org\/{rel}","templated":true}]}}