{"id":13625,"date":"2019-06-13T11:18:34","date_gmt":"2019-06-13T09:18:34","guid":{"rendered":"http:\/\/www.rhizom.de\/wandern\/?p=13625"},"modified":"2019-07-22T11:19:52","modified_gmt":"2019-07-22T09:19:52","slug":"goslar-ilsenburg","status":"publish","type":"post","link":"http:\/\/www.rhizom.de\/wandern\/2019\/06\/13\/goslar-ilsenburg\/","title":{"rendered":"Von Goslar nach Ilsenburg"},"content":{"rendered":"<p><strong>Pfingsten 2019, &#8220;Wandern im Harz&#8221;. Zu zweit von Goslar nach Ilsenburg &#8211; dank Harz-Berlin-Express (mit einigen Abstrichen fast wie vor dem 9.12.2018). Geplant: Klippenweg und Ilsetal, alles andere jenseits der harzbekannten Forstwege.<\/strong><\/p>\n<h2>Aller Anfang ist schwer<\/h2>\n<p>Goslar, kurz nach 10h ein schnuckeliges Harzst\u00e4dtchen, nach 10:30h Touristengewimmel. Wir fliehen am Abzuchtkanal und der alten Stadtmauer entlang (der j\u00fcdische Friedhof ist nicht nur in den neuen L\u00e4ndern, sondern auch hier geschlossen), landen auf dem Segelfluggel\u00e4nde Bollrich.<\/p>\n<p><img loading=\"lazy\" class=\"aligncenter size-full wp-image-13626\" src=\"http:\/\/www.rhizom.de\/wandern\/wp-content\/uploads\/2019\/06\/20190608_bei-Goslar.jpg\" alt=\"Auf der Suche nach dem Klippenweg. Copyright K.G.Brandler\" width=\"768\" height=\"444\" srcset=\"http:\/\/www.rhizom.de\/wandern\/wp-content\/uploads\/2019\/06\/20190608_bei-Goslar.jpg 768w, http:\/\/www.rhizom.de\/wandern\/wp-content\/uploads\/2019\/06\/20190608_bei-Goslar-300x173.jpg 300w\" sizes=\"(max-width: 768px) 100vw, 768px\" \/><br \/>\nDas Vorhaben, jenseits der Pfingstochsentouren naturbelassene Wege zu finden, geht h\u00f6chst langsam bzw. zu schnell in Erf\u00fcllung.<\/p>\n<p><img loading=\"lazy\" class=\"aligncenter size-full wp-image-13628\" src=\"http:\/\/www.rhizom.de\/wandern\/wp-content\/uploads\/2019\/06\/20190608_hinter-dem-Absetzbecken.jpg\" alt=\"Hinter dem Absetzbecken\" width=\"768\" height=\"444\" srcset=\"http:\/\/www.rhizom.de\/wandern\/wp-content\/uploads\/2019\/06\/20190608_hinter-dem-Absetzbecken.jpg 768w, http:\/\/www.rhizom.de\/wandern\/wp-content\/uploads\/2019\/06\/20190608_hinter-dem-Absetzbecken-300x173.jpg 300w\" sizes=\"(max-width: 768px) 100vw, 768px\" \/><br \/>\nDer Weg zwischen den Absetzbecken verfl\u00fcchtigt sich in unendlichen Dornr\u00f6schenhecken und die Natur steckt voller R\u00e4tsel.<\/p>\n<p><img loading=\"lazy\" class=\"aligncenter size-full wp-image-13668\" src=\"http:\/\/www.rhizom.de\/wandern\/wp-content\/uploads\/2019\/06\/20190608_Antonia-Bank.jpg\" alt=\"Antonia-Bank\" width=\"768\" height=\"444\" srcset=\"http:\/\/www.rhizom.de\/wandern\/wp-content\/uploads\/2019\/06\/20190608_Antonia-Bank.jpg 768w, http:\/\/www.rhizom.de\/wandern\/wp-content\/uploads\/2019\/06\/20190608_Antonia-Bank-300x173.jpg 300w\" sizes=\"(max-width: 768px) 100vw, 768px\" \/><\/p>\n<p>Kein Wunder: Orientierung verloren. Gelmketal und Ammental daher vor und zur\u00fcck.<\/p>\n<p><img loading=\"lazy\" class=\"aligncenter size-full wp-image-13627\" src=\"http:\/\/www.rhizom.de\/wandern\/wp-content\/uploads\/2019\/06\/20190608_Granitwand-Alte-Harzstrasse.jpg\" alt=\"Wandern im Harz, Sackgasse\" width=\"768\" height=\"444\" srcset=\"http:\/\/www.rhizom.de\/wandern\/wp-content\/uploads\/2019\/06\/20190608_Granitwand-Alte-Harzstrasse.jpg 768w, http:\/\/www.rhizom.de\/wandern\/wp-content\/uploads\/2019\/06\/20190608_Granitwand-Alte-Harzstrasse-300x173.jpg 300w\" sizes=\"(max-width: 768px) 100vw, 768px\" \/><br \/>\nEndlich: die Br\u00fccke am Waldhaus \u00fcber die Oker, dann die Alte Harzstra\u00dfe als Genusswandern.<\/p>\n<p><img loading=\"lazy\" class=\"aligncenter size-full wp-image-13629\" src=\"http:\/\/www.rhizom.de\/wandern\/wp-content\/uploads\/2019\/06\/20190608_ueber-der-Oker.jpg\" alt=\"Wandern im Harz\" width=\"768\" height=\"444\" srcset=\"http:\/\/www.rhizom.de\/wandern\/wp-content\/uploads\/2019\/06\/20190608_ueber-der-Oker.jpg 768w, http:\/\/www.rhizom.de\/wandern\/wp-content\/uploads\/2019\/06\/20190608_ueber-der-Oker-300x173.jpg 300w\" sizes=\"(max-width: 768px) 100vw, 768px\" \/><\/p>\n<p><img loading=\"lazy\" class=\"aligncenter size-full wp-image-13630\" src=\"http:\/\/www.rhizom.de\/wandern\/wp-content\/uploads\/2019\/06\/20190608_Wasser-und-Windrauschen.jpg\" alt=\"Wandern im Harz\" width=\"768\" height=\"444\" srcset=\"http:\/\/www.rhizom.de\/wandern\/wp-content\/uploads\/2019\/06\/20190608_Wasser-und-Windrauschen.jpg 768w, http:\/\/www.rhizom.de\/wandern\/wp-content\/uploads\/2019\/06\/20190608_Wasser-und-Windrauschen-300x173.jpg 300w\" sizes=\"(max-width: 768px) 100vw, 768px\" \/><\/p>\n<p><img loading=\"lazy\" class=\"aligncenter size-full wp-image-13632\" src=\"http:\/\/www.rhizom.de\/wandern\/wp-content\/uploads\/2019\/06\/20190608_Blick-ins-Okertal.jpg\" alt=\"Blick ins Okertal\" width=\"768\" height=\"444\" srcset=\"http:\/\/www.rhizom.de\/wandern\/wp-content\/uploads\/2019\/06\/20190608_Blick-ins-Okertal.jpg 768w, http:\/\/www.rhizom.de\/wandern\/wp-content\/uploads\/2019\/06\/20190608_Blick-ins-Okertal-300x173.jpg 300w\" sizes=\"(max-width: 768px) 100vw, 768px\" \/><br \/>\n<img loading=\"lazy\" class=\"aligncenter size-full wp-image-13631\" src=\"http:\/\/www.rhizom.de\/wandern\/wp-content\/uploads\/2019\/06\/20190608_Gepaeck-am-Klippenweg.jpg\" alt=\"Wandern im Harz\" width=\"768\" height=\"444\" srcset=\"http:\/\/www.rhizom.de\/wandern\/wp-content\/uploads\/2019\/06\/20190608_Gepaeck-am-Klippenweg.jpg 768w, http:\/\/www.rhizom.de\/wandern\/wp-content\/uploads\/2019\/06\/20190608_Gepaeck-am-Klippenweg-300x173.jpg 300w\" sizes=\"(max-width: 768px) 100vw, 768px\" \/><\/p>\n<p>Autos und Motorr\u00e4der sind trotz der Talstra\u00dfe nicht zu h\u00f6ren: lauter braust der Wind oberhalb des Okertales in den Ohren.<\/p>\n<p><img loading=\"lazy\" class=\"aligncenter size-full wp-image-13633\" src=\"http:\/\/www.rhizom.de\/wandern\/wp-content\/uploads\/2019\/06\/20190608_Romke-Wasserfall.jpg\" alt=\"Romkehaller Wasserfall\" width=\"768\" height=\"444\" srcset=\"http:\/\/www.rhizom.de\/wandern\/wp-content\/uploads\/2019\/06\/20190608_Romke-Wasserfall.jpg 768w, http:\/\/www.rhizom.de\/wandern\/wp-content\/uploads\/2019\/06\/20190608_Romke-Wasserfall-300x173.jpg 300w\" sizes=\"(max-width: 768px) 100vw, 768px\" \/><br \/>\nSchnellstens raus aus dem Bereich des windverwehten\u00a0Wassers vom Romkerhallerfall! Viel kann nicht unten ankommen. Besichtigung sparen wir aus.<\/p>\n<p><img loading=\"lazy\" class=\"aligncenter size-full wp-image-13634\" src=\"http:\/\/www.rhizom.de\/wandern\/wp-content\/uploads\/2019\/06\/20190608_Romke-am-Felssturz.jpg\" alt=\"am Romkehaller Wasserfall\" width=\"768\" height=\"444\" srcset=\"http:\/\/www.rhizom.de\/wandern\/wp-content\/uploads\/2019\/06\/20190608_Romke-am-Felssturz.jpg 768w, http:\/\/www.rhizom.de\/wandern\/wp-content\/uploads\/2019\/06\/20190608_Romke-am-Felssturz-300x173.jpg 300w\" sizes=\"(max-width: 768px) 100vw, 768px\" \/><br \/>\nDer Tag neigt sich bereits dem Ende zu. Steil hoch geht es auf dem Klippenpfad. Das wegen Renovierung geschlossene K\u00e4stehaus muss nicht mehr sein. Wir umkreisen etliche Brocken (nicht den Brocken) und die Feigenbaumklippe.<\/p>\n<p><img loading=\"lazy\" class=\"aligncenter size-full wp-image-13635\" src=\"http:\/\/www.rhizom.de\/wandern\/wp-content\/uploads\/2019\/06\/20190608_Feigenbaumklippe-Unterschlupf.jpg\" alt=\"Unterschlupf. Copyright K.G.Brandler\" width=\"768\" height=\"444\" srcset=\"http:\/\/www.rhizom.de\/wandern\/wp-content\/uploads\/2019\/06\/20190608_Feigenbaumklippe-Unterschlupf.jpg 768w, http:\/\/www.rhizom.de\/wandern\/wp-content\/uploads\/2019\/06\/20190608_Feigenbaumklippe-Unterschlupf-300x173.jpg 300w\" sizes=\"(max-width: 768px) 100vw, 768px\" \/><br \/>\nBesseres l\u00e4sst sich niemals finden.\u00a0Ein langer Sonnenuntergang und \u201eGute Nacht.\u201c Irgendwann ein Blick in den dunklen Himmel. Haarscharf an der Kante des \u00dcberhanges: drei Sterne des Gro\u00dfen Wagens. Wer wei\u00df \u2013 unsere Vorfahren haben sicher mehr aus der Konstellation gelesen.<\/p>\n<h2>Klippenweg und quer durch<\/h2>\n<p><img loading=\"lazy\" class=\"aligncenter size-full wp-image-13637\" src=\"http:\/\/www.rhizom.de\/wandern\/wp-content\/uploads\/2019\/06\/20190609_Feigenbaumklippe-Morgenhimmel.jpg\" alt=\"Feigenbaumklippe am Morgen. Copyright K.G.Brandler\" width=\"768\" height=\"444\" srcset=\"http:\/\/www.rhizom.de\/wandern\/wp-content\/uploads\/2019\/06\/20190609_Feigenbaumklippe-Morgenhimmel.jpg 768w, http:\/\/www.rhizom.de\/wandern\/wp-content\/uploads\/2019\/06\/20190609_Feigenbaumklippe-Morgenhimmel-300x173.jpg 300w\" sizes=\"(max-width: 768px) 100vw, 768px\" \/><\/p>\n<p>Rosarot, breit strahlend der Sonnenaufgang gegen 4 Uhr.<\/p>\n<p><img loading=\"lazy\" class=\"aligncenter size-full wp-image-13617\" src=\"http:\/\/www.rhizom.de\/wandern\/wp-content\/uploads\/2017\/08\/20190608_Schlafplatz.jpg\" alt=\"Pfingsten 2019, Harz\" width=\"768\" height=\"444\" srcset=\"http:\/\/www.rhizom.de\/wandern\/wp-content\/uploads\/2017\/08\/20190608_Schlafplatz.jpg 768w, http:\/\/www.rhizom.de\/wandern\/wp-content\/uploads\/2017\/08\/20190608_Schlafplatz-300x173.jpg 300w\" sizes=\"(max-width: 768px) 100vw, 768px\" \/><\/p>\n<p>In der zweiten Reihe schl\u00e4ft es sich immer noch gut.<\/p>\n<p><img loading=\"lazy\" class=\"aligncenter size-full wp-image-13638\" src=\"http:\/\/www.rhizom.de\/wandern\/wp-content\/uploads\/2019\/06\/20190609_Feigenbaumklippe.jpg\" alt=\"Feigenbaumklippe\" width=\"768\" height=\"444\" srcset=\"http:\/\/www.rhizom.de\/wandern\/wp-content\/uploads\/2019\/06\/20190609_Feigenbaumklippe.jpg 768w, http:\/\/www.rhizom.de\/wandern\/wp-content\/uploads\/2019\/06\/20190609_Feigenbaumklippe-300x173.jpg 300w\" sizes=\"(max-width: 768px) 100vw, 768px\" \/><\/p>\n<p>Ziellos gezielt genie\u00dfen wir h\u00f6chst ausgeruht jede Klippe. Dank an den <a href=\"https:\/\/www.youtube.com\/watch?v=4PoRSDTDxTw\" target=\"\u201c_blank\u201c\">\u2192 Ideengeber<\/a>.<\/p>\n<p><img loading=\"lazy\" class=\"aligncenter size-full wp-image-13639\" src=\"http:\/\/www.rhizom.de\/wandern\/wp-content\/uploads\/2019\/06\/20190609_Klippensteine.jpg\" alt=\"Wandern im Harz\" width=\"768\" height=\"444\" srcset=\"http:\/\/www.rhizom.de\/wandern\/wp-content\/uploads\/2019\/06\/20190609_Klippensteine.jpg 768w, http:\/\/www.rhizom.de\/wandern\/wp-content\/uploads\/2019\/06\/20190609_Klippensteine-300x173.jpg 300w\" sizes=\"(max-width: 768px) 100vw, 768px\" \/><\/p>\n<p>Mein babylonischer Sternen-Favorit: die Moosklippe, ohne Gel\u00e4nder. Oben steinerne Single-Kuhlen: perfektes Liegen im Felsennest mit ungesch\u00fctztem Blick in den weiten, weiten Himmel.<\/p>\n<p><img loading=\"lazy\" class=\"aligncenter size-full wp-image-13640\" src=\"http:\/\/www.rhizom.de\/wandern\/wp-content\/uploads\/2019\/06\/20190609_Alte-vom-Berge.jpg\" alt=\"K\u00e4steklippen, Alte vom Berge\" width=\"768\" height=\"444\" srcset=\"http:\/\/www.rhizom.de\/wandern\/wp-content\/uploads\/2019\/06\/20190609_Alte-vom-Berge.jpg 768w, http:\/\/www.rhizom.de\/wandern\/wp-content\/uploads\/2019\/06\/20190609_Alte-vom-Berge-300x173.jpg 300w\" sizes=\"(max-width: 768px) 100vw, 768px\" \/><\/p>\n<p>\u00dcberhaupt: wer nicht diese Felsformationen genauer erforscht, wei\u00df nicht, was eine Harzer Klippe bedeutet. Mausefalle \u2013 Hexenk\u00fcche \u2013 M\u00f6nch und Nonne \u2013 K\u00e4steklippen, wir enden bei der Alten vom Berge.<\/p>\n<p><img loading=\"lazy\" class=\"aligncenter size-full wp-image-13641\" src=\"http:\/\/www.rhizom.de\/wandern\/wp-content\/uploads\/2019\/06\/20190609_Blick-zum-Brocken.jpg\" alt=\"Wandern im Harz\" width=\"768\" height=\"444\" srcset=\"http:\/\/www.rhizom.de\/wandern\/wp-content\/uploads\/2019\/06\/20190609_Blick-zum-Brocken.jpg 768w, http:\/\/www.rhizom.de\/wandern\/wp-content\/uploads\/2019\/06\/20190609_Blick-zum-Brocken-300x173.jpg 300w\" sizes=\"(max-width: 768px) 100vw, 768px\" \/><\/p>\n<p>S\u00fcd-xx-w\u00e4rts quer gibt es wenig zu entscheiden. Aus dem Auto vom Forst wird freundlich gewinkt. Dass wir am Brockenblick als Backpacker nicht frisch aus dem Hotelbett gestiegen sind, ist klar. Kontrolliert wird das Harzgebiet offensichtlich an Feiertagen verst\u00e4rkt.<\/p>\n<p><img loading=\"lazy\" class=\"aligncenter size-full wp-image-13642\" src=\"http:\/\/www.rhizom.de\/wandern\/wp-content\/uploads\/2019\/06\/20190609_Diabaswerk.jpg\" alt=\"Diabaswerk Huneberg\" width=\"768\" height=\"444\" srcset=\"http:\/\/www.rhizom.de\/wandern\/wp-content\/uploads\/2019\/06\/20190609_Diabaswerk.jpg 768w, http:\/\/www.rhizom.de\/wandern\/wp-content\/uploads\/2019\/06\/20190609_Diabaswerk-300x173.jpg 300w\" sizes=\"(max-width: 768px) 100vw, 768px\" \/><\/p>\n<p>Gemeint sind andere als wir und anderes. Sogar das Diabaswerk am Huneberg liegt unbewacht: Absturz auf eigene Gefahr&#8230;<\/p>\n<p><img loading=\"lazy\" class=\"aligncenter size-full wp-image-13672\" src=\"http:\/\/www.rhizom.de\/wandern\/wp-content\/uploads\/2019\/06\/20190609_infrastruktur-harz-waschplatz.jpg\" alt=\"\" width=\"768\" height=\"444\" srcset=\"http:\/\/www.rhizom.de\/wandern\/wp-content\/uploads\/2019\/06\/20190609_infrastruktur-harz-waschplatz.jpg 768w, http:\/\/www.rhizom.de\/wandern\/wp-content\/uploads\/2019\/06\/20190609_infrastruktur-harz-waschplatz-300x173.jpg 300w\" sizes=\"(max-width: 768px) 100vw, 768px\" \/><\/p>\n<p>Obwohl frisch gewaschen: wir werden mit unseren offensichtlich anderen Ambitionen an der <a href=\"http:\/\/www.marienteichbaude.de\/index.php\" target=\"_blank\" rel=\"noopener\">\u2192 Marienteichbaude<\/a> freundlichst \u00fcbersehen, um so freundlicher beim Nachf\u00fcllen aller Flaschen bedient. Hier tanzt ansonsten der B\u00e4r, auch wenn es nur Wildkatzen sind.<\/p>\n<p><img loading=\"lazy\" class=\"aligncenter size-full wp-image-13643\" src=\"http:\/\/www.rhizom.de\/wandern\/wp-content\/uploads\/2019\/06\/20190609_jenseits-von-Split.jpg\" alt=\"Wandern im Harz, \u00dcberraschung\" width=\"768\" height=\"444\" srcset=\"http:\/\/www.rhizom.de\/wandern\/wp-content\/uploads\/2019\/06\/20190609_jenseits-von-Split.jpg 768w, http:\/\/www.rhizom.de\/wandern\/wp-content\/uploads\/2019\/06\/20190609_jenseits-von-Split-300x173.jpg 300w\" sizes=\"(max-width: 768px) 100vw, 768px\" \/><\/p>\n<p>Wir verschwinden schnellstens, kreiseln auf wilden Waldwegen, geraten wieder auf Splitt, stolpern notgedrungen darauf abw\u00e4rts auf dem trotzdem einsamen Luchsweg zum Radauwasserfall mit lauschigem Pl\u00e4tzchen f\u00fcr einen verdienten Kaffee.<\/p>\n<p><img loading=\"lazy\" class=\"aligncenter size-full wp-image-13664\" src=\"http:\/\/www.rhizom.de\/wandern\/wp-content\/uploads\/2019\/06\/20190608_Radauwasserfall-Rhododendron.jpg\" alt=\"Radauwasserfall\" width=\"768\" height=\"444\" srcset=\"http:\/\/www.rhizom.de\/wandern\/wp-content\/uploads\/2019\/06\/20190608_Radauwasserfall-Rhododendron.jpg 768w, http:\/\/www.rhizom.de\/wandern\/wp-content\/uploads\/2019\/06\/20190608_Radauwasserfall-Rhododendron-300x173.jpg 300w\" sizes=\"(max-width: 768px) 100vw, 768px\" \/><br \/>\nRichtung Molkenhaus ein steiniger Zickzackpfad aufw\u00e4rts. Abw\u00e4rts gr\u00f6lt uns das Ziel entgegen. Dabei hat das Haus (nicht die Wiese) geschlossen.<\/p>\n<p><img loading=\"lazy\" class=\"aligncenter size-full wp-image-13644\" src=\"http:\/\/www.rhizom.de\/wandern\/wp-content\/uploads\/2019\/06\/20190609_Luchs.jpg\" alt=\"Luchsgehege\" width=\"768\" height=\"444\" srcset=\"http:\/\/www.rhizom.de\/wandern\/wp-content\/uploads\/2019\/06\/20190609_Luchs.jpg 768w, http:\/\/www.rhizom.de\/wandern\/wp-content\/uploads\/2019\/06\/20190609_Luchs-300x173.jpg 300w\" sizes=\"(max-width: 768px) 100vw, 768px\" \/><br \/>\nAlso eingedenk der morgigen Zugbindung geradewegs auf Splitt zum verfetteten Luchs im Gehege und zur Rabenklippe.<\/p>\n<p><img loading=\"lazy\" class=\"aligncenter size-full wp-image-13645\" src=\"http:\/\/www.rhizom.de\/wandern\/wp-content\/uploads\/2019\/06\/20190609_Harzer-Wald.jpg\" alt=\"Wandern im Harz\" width=\"768\" height=\"444\" srcset=\"http:\/\/www.rhizom.de\/wandern\/wp-content\/uploads\/2019\/06\/20190609_Harzer-Wald.jpg 768w, http:\/\/www.rhizom.de\/wandern\/wp-content\/uploads\/2019\/06\/20190609_Harzer-Wald-300x173.jpg 300w\" sizes=\"(max-width: 768px) 100vw, 768px\" \/><\/p>\n<p><img loading=\"lazy\" class=\"aligncenter size-full wp-image-13647\" src=\"http:\/\/www.rhizom.de\/wandern\/wp-content\/uploads\/2019\/06\/20190609_Wollsackverwitterung.jpg\" alt=\"Granit, Wollsackverwitterung\" width=\"768\" height=\"444\" srcset=\"http:\/\/www.rhizom.de\/wandern\/wp-content\/uploads\/2019\/06\/20190609_Wollsackverwitterung.jpg 768w, http:\/\/www.rhizom.de\/wandern\/wp-content\/uploads\/2019\/06\/20190609_Wollsackverwitterung-300x173.jpg 300w\" sizes=\"(max-width: 768px) 100vw, 768px\" \/><\/p>\n<p>Das gro\u00dfe Suchen Richtung Eckertal &#8211; vergeblich. Eisentor, Verzehrvorschriften, Privatg\u00e4rtchen versperren den eindeutig gezeichneten Weg. Doch, gerade durch die Gastwirtschaft w\u00e4re der Einstieg gewesen.<\/p>\n<p><img loading=\"lazy\" class=\"aligncenter size-full wp-image-13646\" src=\"http:\/\/www.rhizom.de\/wandern\/wp-content\/uploads\/2019\/06\/20190609_Rabenklippe.jpg\" alt=\"Rabenklippe\" width=\"768\" height=\"444\" srcset=\"http:\/\/www.rhizom.de\/wandern\/wp-content\/uploads\/2019\/06\/20190609_Rabenklippe.jpg 768w, http:\/\/www.rhizom.de\/wandern\/wp-content\/uploads\/2019\/06\/20190609_Rabenklippe-300x173.jpg 300w\" sizes=\"(max-width: 768px) 100vw, 768px\" \/><\/p>\n<p>Der nun urige, feuchte und steile Pfad am Gro\u00dfen St\u00f6tterbach h\u00e4tte langsames Gehen verdient. Der Eckertalweg schon wieder mit eckigem Ekelsplitt bis der Jungborn mit lieblicher Wiese fast wie zu Zeiten des einstigen Kurparks gr\u00fc\u00dft. Die Pflege des Areals wird inzwischen mit dem Vermieten von Sch\u00e4ferwagen finanziert. Recht so. Nur wir k\u00f6nnen nun nicht wie Kafka im <a href=\"http:\/\/www.rhizom.de\/wandern\/2018\/04\/14\/eckertal\/\" target=\"_blank\" rel=\"noopener\">\u2192 Kurluft-H\u00e4uschen<\/a> tr\u00e4umen.<\/p>\n<p><img loading=\"lazy\" class=\"aligncenter size-full wp-image-13663\" src=\"http:\/\/www.rhizom.de\/wandern\/wp-content\/uploads\/2019\/06\/20190610_Jungborn-Eckerntal.jpg\" alt=\"\" width=\"768\" height=\"444\" srcset=\"http:\/\/www.rhizom.de\/wandern\/wp-content\/uploads\/2019\/06\/20190610_Jungborn-Eckerntal.jpg 768w, http:\/\/www.rhizom.de\/wandern\/wp-content\/uploads\/2019\/06\/20190610_Jungborn-Eckerntal-300x173.jpg 300w\" sizes=\"(max-width: 768px) 100vw, 768px\" \/><br \/>\nMit grauen Wolken bricht eine Nacht an, die zumindest in meiner Erinnerung nicht dunkel wird.<\/p>\n<h2>Alles Ilse am Tag drei<\/h2>\n<p>\u00dcber den Besenbinderstieg nach Ilsenburg, dann entlang der Ilse-Kaskaden.<\/p>\n<p><img loading=\"lazy\" class=\"aligncenter size-full wp-image-13649\" src=\"http:\/\/www.rhizom.de\/wandern\/wp-content\/uploads\/2019\/06\/20190610_Feuersalamander.jpg\" alt=\"Feuersalamander an der Ilse. Copyright K.G.Brandler\" width=\"768\" height=\"444\" srcset=\"http:\/\/www.rhizom.de\/wandern\/wp-content\/uploads\/2019\/06\/20190610_Feuersalamander.jpg 768w, http:\/\/www.rhizom.de\/wandern\/wp-content\/uploads\/2019\/06\/20190610_Feuersalamander-300x173.jpg 300w\" sizes=\"(max-width: 768px) 100vw, 768px\" \/><br \/>\nHexenverd\u00e4chtig, aber\u00a0naturgesch\u00fctzt endlich einmal ein lebendiges Tierchen unter all den \u00fcberfahrenen Leichen meiner sonstigen Fotos<\/p>\n<p><img loading=\"lazy\" class=\"aligncenter size-full wp-image-13650\" src=\"http:\/\/www.rhizom.de\/wandern\/wp-content\/uploads\/2019\/06\/20190610_Ilse.jpg\" alt=\"Ilse\" width=\"768\" height=\"444\" srcset=\"http:\/\/www.rhizom.de\/wandern\/wp-content\/uploads\/2019\/06\/20190610_Ilse.jpg 768w, http:\/\/www.rhizom.de\/wandern\/wp-content\/uploads\/2019\/06\/20190610_Ilse-300x173.jpg 300w\" sizes=\"(max-width: 768px) 100vw, 768px\" \/><\/p>\n<p>Die sommerliche Ilse l\u00e4dt zum Planschen ein. Hier zur <a href=\"http:\/\/www.rhizom.de\/wandern\/2018\/02\/05\/ilse\/\" target=\"_blank\" rel=\"noopener\">\u2192 Ilse im Winter<\/a>.<\/p>\n<p><img loading=\"lazy\" class=\"aligncenter size-full wp-image-13651\" src=\"http:\/\/www.rhizom.de\/wandern\/wp-content\/uploads\/2019\/06\/20190610_Ilse-Badelust.jpg\" alt=\"Ilse\" width=\"768\" height=\"444\" srcset=\"http:\/\/www.rhizom.de\/wandern\/wp-content\/uploads\/2019\/06\/20190610_Ilse-Badelust.jpg 768w, http:\/\/www.rhizom.de\/wandern\/wp-content\/uploads\/2019\/06\/20190610_Ilse-Badelust-300x173.jpg 300w\" sizes=\"(max-width: 768px) 100vw, 768px\" \/><\/p>\n<p>Doch \u00e4tzend splittsteinig wartet bereits die Strecke Richtung Plessenburg.<\/p>\n<p><img loading=\"lazy\" class=\"aligncenter size-full wp-image-13652\" src=\"http:\/\/www.rhizom.de\/wandern\/wp-content\/uploads\/2019\/06\/20190610_Plessenburg.jpg\" alt=\"Plessenburg\" width=\"768\" height=\"444\" srcset=\"http:\/\/www.rhizom.de\/wandern\/wp-content\/uploads\/2019\/06\/20190610_Plessenburg.jpg 768w, http:\/\/www.rhizom.de\/wandern\/wp-content\/uploads\/2019\/06\/20190610_Plessenburg-300x173.jpg 300w\" sizes=\"(max-width: 768px) 100vw, 768px\" \/><br \/>\nDie Art unseres Gep\u00e4cks hat Seltenheitswert. Mehr als einen Tagesrucksack tr\u00e4gt niemand, die Radler wohl nur ein Gelds\u00e4ckel.<\/p>\n<p><img loading=\"lazy\" class=\"aligncenter size-full wp-image-13653\" src=\"http:\/\/www.rhizom.de\/wandern\/wp-content\/uploads\/2019\/06\/20190610_Richtung-Ilsenburg.jpg\" alt=\"Zwischen Plessenburg - Ilsenburg\" width=\"768\" height=\"444\" srcset=\"http:\/\/www.rhizom.de\/wandern\/wp-content\/uploads\/2019\/06\/20190610_Richtung-Ilsenburg.jpg 768w, http:\/\/www.rhizom.de\/wandern\/wp-content\/uploads\/2019\/06\/20190610_Richtung-Ilsenburg-300x173.jpg 300w\" sizes=\"(max-width: 768px) 100vw, 768px\" \/><br \/>\nDas Wettergl\u00fcck ist uns hold: sogar kahle H\u00e4nge sind in der Sonne keine wirkliche Qual.<\/p>\n<p><img loading=\"lazy\" class=\"aligncenter size-full wp-image-13654\" src=\"http:\/\/www.rhizom.de\/wandern\/wp-content\/uploads\/2019\/06\/20190610_Ilsestein.jpg\" alt=\"Ilsestein mit Kreuz. Copyright K.G.Brandler\" width=\"768\" height=\"444\" srcset=\"http:\/\/www.rhizom.de\/wandern\/wp-content\/uploads\/2019\/06\/20190610_Ilsestein.jpg 768w, http:\/\/www.rhizom.de\/wandern\/wp-content\/uploads\/2019\/06\/20190610_Ilsestein-300x173.jpg 300w\" sizes=\"(max-width: 768px) 100vw, 768px\" \/><\/p>\n<p>Steil (es geht auch anders) zur Ilsesteinquelle und zur Felsenburg Ilsestein mit leckerstem Eis, f\u00fcr dessen Transport der Splitt wenigstens einen Sinn ergibt.<\/p>\n<p><img loading=\"lazy\" class=\"aligncenter size-full wp-image-13665\" src=\"http:\/\/www.rhizom.de\/wandern\/wp-content\/uploads\/2019\/06\/20190610_kaltes-Eis.jpg\" alt=\"\" width=\"768\" height=\"456\" srcset=\"http:\/\/www.rhizom.de\/wandern\/wp-content\/uploads\/2019\/06\/20190610_kaltes-Eis.jpg 768w, http:\/\/www.rhizom.de\/wandern\/wp-content\/uploads\/2019\/06\/20190610_kaltes-Eis-300x178.jpg 300w\" sizes=\"(max-width: 768px) 100vw, 768px\" \/><br \/>\nDas Kloster in Ilsenburg schon mit dem Gef\u00fchl \u201evorbei ist vorbei\u201c ohne mich. Noch 3 Stunden bis Buffalo\u2026<\/p>\n<p><img loading=\"lazy\" class=\"alignleft size-full wp-image-13680\" src=\"http:\/\/www.rhizom.de\/wandern\/wp-content\/uploads\/2019\/06\/harzer-wanderstempel.jpg\" alt=\"\" width=\"300\" height=\"203\" \/><\/p>\n<h2><\/h2>\n<h2><\/h2>\n<h2>Fazit &#8220;Wandern im Harz&#8221;<\/h2>\n<p>Das angepriesene \u201eWandern im Harz\u201c bedeutet eint\u00f6nige, breite Nationalparkstra\u00dfen plus Splitt. Dank Borkenk\u00e4fer streckenweise fu\u00dffreundliche Nadelstreu. Etwas zynisch: gern mehr davon.<\/p>\n<p>Die begehrte Harzer Wandernadel ist problemlos an g\u00fcnstig gelegenen Stempelstellen N\u00e4he Parkplatz, Bushaltestelle und Restaurant zu ergattern.<\/p>\n<p>Festes Quartier, fester Rundkurs, Tagestouren \u2013 daf\u00fcr werben die Harzer Gastgeber. Das gelingt.<\/p>\n<p>Doch nur wer mit leisem Schritt, leichtem Tritt und ganz heimlich auf einen unbezeichneten Waldweg ausweicht, genie\u00dft den Harz wie er in den Sagen- und M\u00e4rchenb\u00fcchern steht. Viel, viel Zeit mitbringen! Im Harz sollte der Weg das Ziel sein.<\/p>\n<p><img loading=\"lazy\" class=\"aligncenter size-full wp-image-13655\" src=\"http:\/\/www.rhizom.de\/wandern\/wp-content\/uploads\/2019\/06\/20190610_Steinkunst.jpg\" alt=\"Wandern im Harz\" width=\"768\" height=\"444\" srcset=\"http:\/\/www.rhizom.de\/wandern\/wp-content\/uploads\/2019\/06\/20190610_Steinkunst.jpg 768w, http:\/\/www.rhizom.de\/wandern\/wp-content\/uploads\/2019\/06\/20190610_Steinkunst-300x173.jpg 300w\" sizes=\"(max-width: 768px) 100vw, 768px\" \/><\/p>\n","protected":false},"excerpt":{"rendered":"<p>Pfingsten 2019, &#8220;Wandern im Harz&#8221;. Zu zweit von Goslar nach Ilsenburg &#8211; dank Harz-Berlin-Express (mit einigen Abstrichen fast wie vor dem 9.12.2018). Geplant: Klippenweg und Ilsetal, alles andere jenseits der harzbekannten Forstwege. Aller Anfang ist schwer Goslar, kurz nach 10h ein schnuckeliges Harzst\u00e4dtchen, nach 10:30h Touristengewimmel. Wir fliehen am Abzuchtkanal und der alten Stadtmauer entlang &#8230; <a title=\"Von Goslar nach Ilsenburg\" class=\"read-more\" href=\"http:\/\/www.rhizom.de\/wandern\/2019\/06\/13\/goslar-ilsenburg\/\">Read more<\/a><\/p>\n","protected":false},"author":1,"featured_media":0,"comment_status":"open","ping_status":"open","sticky":false,"template":"","format":"standard","meta":{"generate_page_header":""},"categories":[5],"tags":[136,143],"_links":{"self":[{"href":"http:\/\/www.rhizom.de\/wandern\/wp-json\/wp\/v2\/posts\/13625"}],"collection":[{"href":"http:\/\/www.rhizom.de\/wandern\/wp-json\/wp\/v2\/posts"}],"about":[{"href":"http:\/\/www.rhizom.de\/wandern\/wp-json\/wp\/v2\/types\/post"}],"author":[{"embeddable":true,"href":"http:\/\/www.rhizom.de\/wandern\/wp-json\/wp\/v2\/users\/1"}],"replies":[{"embeddable":true,"href":"http:\/\/www.rhizom.de\/wandern\/wp-json\/wp\/v2\/comments?post=13625"}],"version-history":[{"count":25,"href":"http:\/\/www.rhizom.de\/wandern\/wp-json\/wp\/v2\/posts\/13625\/revisions"}],"predecessor-version":[{"id":14084,"href":"http:\/\/www.rhizom.de\/wandern\/wp-json\/wp\/v2\/posts\/13625\/revisions\/14084"}],"wp:attachment":[{"href":"http:\/\/www.rhizom.de\/wandern\/wp-json\/wp\/v2\/media?parent=13625"}],"wp:term":[{"taxonomy":"category","embeddable":true,"href":"http:\/\/www.rhizom.de\/wandern\/wp-json\/wp\/v2\/categories?post=13625"},{"taxonomy":"post_tag","embeddable":true,"href":"http:\/\/www.rhizom.de\/wandern\/wp-json\/wp\/v2\/tags?post=13625"}],"curies":[{"name":"wp","href":"https:\/\/api.w.org\/{rel}","templated":true}]}}