{"id":14120,"date":"2019-07-22T00:35:40","date_gmt":"2019-07-21T22:35:40","guid":{"rendered":"http:\/\/www.rhizom.de\/wandern\/?p=14120"},"modified":"2019-08-12T22:19:27","modified_gmt":"2019-08-12T20:19:27","slug":"koelpinsee","status":"publish","type":"post","link":"http:\/\/www.rhizom.de\/wandern\/2019\/07\/22\/koelpinsee\/","title":{"rendered":"Die Nacht der ge\u00f6ffneten Augen"},"content":{"rendered":"<p><img loading=\"lazy\" class=\"alignright size-full wp-image-14162\" src=\"http:\/\/www.rhizom.de\/wandern\/wp-content\/uploads\/2019\/07\/feder.jpg\" alt=\"\" width=\"150\" height=\"150\" \/><strong>20.7. &#8211; 21.7.2019, der K\u00f6lpinsee in G\u00f6tschendorf, Uckermark.<br \/>\nIn Zusammenhang mit zwei freudig geplanten Wanderungen mit dem WSV Rotation Berlin, aber eigen und zuf\u00e4llig doch eher Solo. Am Samstag \u00fcber 20 km, am Sonntag etwa 10 km &#8211; diese allerdings gef\u00fchlt\u00a0anstrengend.<br \/>\n<\/strong><\/p>\n<h2 style=\"clear: both;\">Alles ist m\u00f6glich<\/h2>\n<p><img loading=\"lazy\" class=\"aligncenter size-full wp-image-14141\" src=\"http:\/\/www.rhizom.de\/wandern\/wp-content\/uploads\/2019\/07\/20190721_Traum-Schlaf-Goetschendorf.jpg\" alt=\"Schlafen und tr\u00e4umen, G\u00f6tschendorf, copyright Karla Brandler\" width=\"768\" height=\"444\" srcset=\"http:\/\/www.rhizom.de\/wandern\/wp-content\/uploads\/2019\/07\/20190721_Traum-Schlaf-Goetschendorf.jpg 768w, http:\/\/www.rhizom.de\/wandern\/wp-content\/uploads\/2019\/07\/20190721_Traum-Schlaf-Goetschendorf-300x173.jpg 300w\" sizes=\"(max-width: 768px) 100vw, 768px\" \/><br \/>\nAm (oder an?) Gotts See hab ich sie gefunden: die Feder, die ins M\u00e4rchenland f\u00fchrt und in eine Nacht am K\u00f6lpinsee, in Stille und Sicherheit. Zus\u00e4tzlich sammle ich Rainfarn gegen das zu erwartende, sirrende Getier aus den Feuchtwiesen.<\/p>\n<h2>Es wird Abend am K\u00f6lpinsee<\/h2>\n<p><img loading=\"lazy\" class=\"aligncenter size-full wp-image-14121\" src=\"http:\/\/www.rhizom.de\/wandern\/wp-content\/uploads\/2019\/07\/20190721_Koelpinsee-abends.jpg\" alt=\"Badestelle am K\u00f6lpinsee, G\u00f6tschendorf UM\" width=\"768\" height=\"444\" srcset=\"http:\/\/www.rhizom.de\/wandern\/wp-content\/uploads\/2019\/07\/20190721_Koelpinsee-abends.jpg 768w, http:\/\/www.rhizom.de\/wandern\/wp-content\/uploads\/2019\/07\/20190721_Koelpinsee-abends-300x173.jpg 300w\" sizes=\"(max-width: 768px) 100vw, 768px\" \/><br \/>\nGegen Abend ein einsames Bad mit Blick auf die Insel im K\u00f6lpinsee. Schwimmend sehe ich das grau verfallene Schloss von G\u00f6tschendorf vor mir. Ein Sehnsuchtsort f\u00fcr die Phantasie: wo gibt es solche Orte schon noch in unserer perfekten Kulissenwelt&#8230;<\/p>\n<p><img loading=\"lazy\" class=\"aligncenter size-full wp-image-14125\" src=\"http:\/\/www.rhizom.de\/wandern\/wp-content\/uploads\/2019\/07\/20190721_Vogelgesang.jpg\" alt=\"Der S\u00e4nger abends und morgens\" width=\"768\" height=\"444\" srcset=\"http:\/\/www.rhizom.de\/wandern\/wp-content\/uploads\/2019\/07\/20190721_Vogelgesang.jpg 768w, http:\/\/www.rhizom.de\/wandern\/wp-content\/uploads\/2019\/07\/20190721_Vogelgesang-300x173.jpg 300w\" sizes=\"(max-width: 768px) 100vw, 768px\" \/><br \/>\nAbendstille. Nein, es singt weder die Nachtigall noch die Lerche, sondern vom Segelmast ein Pieper (oder doch eine Bachstelze?): eindringlich laut und ausdauernd. Dann das gro\u00dfartige Schauspiel des Abendhimmels. In Sekundenschnelle wechseln die Bilder.<\/p>\n<p><img loading=\"lazy\" class=\"aligncenter size-full wp-image-14127\" src=\"http:\/\/www.rhizom.de\/wandern\/wp-content\/uploads\/2019\/07\/20190721_Koelpinsee-Abendhimmel-5.jpg\" alt=\"K\u00f6lpinsee, G\u00f6tschendorf UM, copyright Karla Brandler\" width=\"768\" height=\"444\" srcset=\"http:\/\/www.rhizom.de\/wandern\/wp-content\/uploads\/2019\/07\/20190721_Koelpinsee-Abendhimmel-5.jpg 768w, http:\/\/www.rhizom.de\/wandern\/wp-content\/uploads\/2019\/07\/20190721_Koelpinsee-Abendhimmel-5-300x173.jpg 300w\" sizes=\"(max-width: 768px) 100vw, 768px\" \/><br \/>\n<img loading=\"lazy\" class=\"aligncenter size-full wp-image-14129\" src=\"http:\/\/www.rhizom.de\/wandern\/wp-content\/uploads\/2019\/07\/20190721_Koelpinsee-Abendhimmel-3.jpg\" alt=\"K\u00f6lpinsee, G\u00f6tschendorf UM\" width=\"768\" height=\"444\" srcset=\"http:\/\/www.rhizom.de\/wandern\/wp-content\/uploads\/2019\/07\/20190721_Koelpinsee-Abendhimmel-3.jpg 768w, http:\/\/www.rhizom.de\/wandern\/wp-content\/uploads\/2019\/07\/20190721_Koelpinsee-Abendhimmel-3-300x173.jpg 300w\" sizes=\"(max-width: 768px) 100vw, 768px\" \/><br \/>\n<img loading=\"lazy\" class=\"aligncenter size-full wp-image-14132\" src=\"http:\/\/www.rhizom.de\/wandern\/wp-content\/uploads\/2019\/07\/20190721_Koelpinsee-Abendhimmel-1.jpg\" alt=\"K\u00f6lpinsee, G\u00f6tschendorf UM, copyright Karla Brandler\" width=\"768\" height=\"444\" srcset=\"http:\/\/www.rhizom.de\/wandern\/wp-content\/uploads\/2019\/07\/20190721_Koelpinsee-Abendhimmel-1.jpg 768w, http:\/\/www.rhizom.de\/wandern\/wp-content\/uploads\/2019\/07\/20190721_Koelpinsee-Abendhimmel-1-300x173.jpg 300w\" sizes=\"(max-width: 768px) 100vw, 768px\" \/><br \/>\n<img loading=\"lazy\" class=\"aligncenter size-full wp-image-14133\" src=\"http:\/\/www.rhizom.de\/wandern\/wp-content\/uploads\/2019\/07\/20190721_es-wird-Nacht-Koelpinsee-2.jpg\" alt=\"K\u00f6lpinsee, G\u00f6tschendorf UM, copyright Karla Brandler\" width=\"768\" height=\"444\" srcset=\"http:\/\/www.rhizom.de\/wandern\/wp-content\/uploads\/2019\/07\/20190721_es-wird-Nacht-Koelpinsee-2.jpg 768w, http:\/\/www.rhizom.de\/wandern\/wp-content\/uploads\/2019\/07\/20190721_es-wird-Nacht-Koelpinsee-2-300x173.jpg 300w\" sizes=\"(max-width: 768px) 100vw, 768px\" \/><br \/>\n<img loading=\"lazy\" class=\"aligncenter size-full wp-image-14134\" src=\"http:\/\/www.rhizom.de\/wandern\/wp-content\/uploads\/2019\/07\/20190721_es-wird-Nacht-Koelpinsee-1.jpg\" alt=\"K\u00f6lpinsee, G\u00f6tschendorf UM\" width=\"768\" height=\"444\" srcset=\"http:\/\/www.rhizom.de\/wandern\/wp-content\/uploads\/2019\/07\/20190721_es-wird-Nacht-Koelpinsee-1.jpg 768w, http:\/\/www.rhizom.de\/wandern\/wp-content\/uploads\/2019\/07\/20190721_es-wird-Nacht-Koelpinsee-1-300x173.jpg 300w\" sizes=\"(max-width: 768px) 100vw, 768px\" \/><br \/>\nDer dunkelste Himmel leuchtet noch strahlend blau. Pl\u00f6tzlich Wind. Die Wellen klatschen dr\u00f6hnenden Applaus. Weniger rhythmisch wummern die Boote gegen den Steg. Ich verziehe mich immer weiter unter das Dach.<\/p>\n<p><img loading=\"lazy\" class=\"aligncenter size-full wp-image-14135\" src=\"http:\/\/www.rhizom.de\/wandern\/wp-content\/uploads\/2019\/07\/20190721_Nachtwind.jpg\" alt=\"Nachtwind am K\u00f6lpinsee, G\u00f6tschendorf UM\" width=\"768\" height=\"444\" srcset=\"http:\/\/www.rhizom.de\/wandern\/wp-content\/uploads\/2019\/07\/20190721_Nachtwind.jpg 768w, http:\/\/www.rhizom.de\/wandern\/wp-content\/uploads\/2019\/07\/20190721_Nachtwind-300x173.jpg 300w\" sizes=\"(max-width: 768px) 100vw, 768px\" \/><\/p>\n<p>Mit voller Wucht prasseln in eine v\u00f6llige Windstille Regentropfen kerzengerade aus einem gleichm\u00e4\u00dfig d\u00fcster grauen Himmel.<br \/>\nWetterleuchten erhellt ab und zu strukturlos Himmel und See, beide ununterscheidbar. Schwaches Donnern.\u00a0 Keine wirklichen Blitze. Nur Rauschen, m\u00e4chtiges Rauschen. Wasser. Nichts als Wasser. Ich f\u00fchle es nah und gef\u00e4hrlich wie auf einem Schiff in den Wellen.<\/p>\n<p><img loading=\"lazy\" class=\"aligncenter size-full wp-image-14178\" src=\"http:\/\/www.rhizom.de\/wandern\/wp-content\/uploads\/2019\/07\/wetterleuchten.gif\" alt=\"Gewittrig und Regen, nachts vom 20. zum 21. Juli 2019\" width=\"768\" height=\"444\" \/><br \/>\nEin Schiff in den Wellen des unendlichen Meeres. Ich sehe kleine Fl\u00fcchtlingsboote vor mir, l\u00e4ngst nicht mehr den K\u00f6lpinsee. Ich sp\u00fcre die Wellen \u00fcber Bord schlagen. Eine Nacht, in der meine offenen Augen auch das Herz \u00f6ffnen. Ja, bis zu diesem Moment hab ich einzig und allein mit dem Verstand und im rationalen Abw\u00e4gen aller Argumente an das Mittelmeer denken\u00a0k\u00f6nnen.<br \/>\nWas unsere Komfortzone mit uns macht&#8230; und seien es nur unsere Betten, unsere im Sturm nie ge\u00f6ffneten Fenster.<\/p>\n<h2>Der Morgen am K\u00f6lpinsee<\/h2>\n<p><img loading=\"lazy\" class=\"aligncenter size-full wp-image-14137\" src=\"http:\/\/www.rhizom.de\/wandern\/wp-content\/uploads\/2019\/07\/20190721_morgensonne.jpg\" alt=\"Morgensonne am K\u00f6lpinsee, G\u00f6tschendorf UM, copyright Karla Brandler\" width=\"768\" height=\"444\" srcset=\"http:\/\/www.rhizom.de\/wandern\/wp-content\/uploads\/2019\/07\/20190721_morgensonne.jpg 768w, http:\/\/www.rhizom.de\/wandern\/wp-content\/uploads\/2019\/07\/20190721_morgensonne-300x173.jpg 300w\" sizes=\"(max-width: 768px) 100vw, 768px\" \/><br \/>\nEin Morgenbad im grauen, stillen See. Es gibt keine Sonne, nur sp\u00e4ter ein Lichtloch: im Himmel und im\u00a0Wasser.<\/p>\n<p><img loading=\"lazy\" class=\"aligncenter size-full wp-image-14138\" src=\"http:\/\/www.rhizom.de\/wandern\/wp-content\/uploads\/2019\/07\/20190721_nach-dem-regen.jpg\" alt=\"K\u00f6lpinsee, G\u00f6tschendorf UM, copyright Karla Brandler\" width=\"768\" height=\"444\" srcset=\"http:\/\/www.rhizom.de\/wandern\/wp-content\/uploads\/2019\/07\/20190721_nach-dem-regen.jpg 768w, http:\/\/www.rhizom.de\/wandern\/wp-content\/uploads\/2019\/07\/20190721_nach-dem-regen-300x173.jpg 300w\" sizes=\"(max-width: 768px) 100vw, 768px\" \/><br \/>\nWieder singt der Pieper vom Segelmast. Der kohlschwarze Hahn kr\u00e4ht aus dem noch verschlossenen H\u00fchnerstall.<\/p>\n<p><img loading=\"lazy\" class=\"aligncenter size-full wp-image-14143\" src=\"http:\/\/www.rhizom.de\/wandern\/wp-content\/uploads\/2019\/07\/20190721_Hahn-am-Abend.jpg\" alt=\"schwarzer Hahn, copyright Karla Brandler\" width=\"150\" height=\"150\" \/><\/p>\n<h3 style=\"text-align: center; color: #cccccc;\">Mit sehr, sehr herzlichem Dank an alle im Kloster St. Georg, die so gro\u00dfz\u00fcgig diese Ausnahmenacht f\u00fcr mich m\u00f6glich gemacht\u00a0haben.<\/h3>\n<p style=\"text-align: right;\">\u2192 <a href=\"https:\/\/www.facebook.com\/st.georg.kloster\/\" target=\"_blank&quot;\">St. Georg-Kloster auf Facebook<\/a><br \/>\n\u2192 <a href=\"http:\/\/www.rhizom.de\/wandern\/2019\/07\/08\/goetschendorf\/\">Wanderung von Ringenwalde nach G\u00f6tschendorf, Kloster<\/a><\/p>\n","protected":false},"excerpt":{"rendered":"<p>20.7. &#8211; 21.7.2019, der K\u00f6lpinsee in G\u00f6tschendorf, Uckermark. In Zusammenhang mit zwei freudig geplanten Wanderungen mit dem WSV Rotation Berlin, aber eigen und zuf\u00e4llig doch eher Solo. Am Samstag \u00fcber 20 km, am Sonntag etwa 10 km &#8211; diese allerdings gef\u00fchlt\u00a0anstrengend. Alles ist m\u00f6glich Am (oder an?) Gotts See hab ich sie gefunden: die Feder, &#8230; <a title=\"Die Nacht der ge\u00f6ffneten Augen\" class=\"read-more\" href=\"http:\/\/www.rhizom.de\/wandern\/2019\/07\/22\/koelpinsee\/\">Read more<\/a><\/p>\n","protected":false},"author":1,"featured_media":0,"comment_status":"open","ping_status":"open","sticky":false,"template":"","format":"standard","meta":{"generate_page_header":""},"categories":[5],"tags":[143],"_links":{"self":[{"href":"http:\/\/www.rhizom.de\/wandern\/wp-json\/wp\/v2\/posts\/14120"}],"collection":[{"href":"http:\/\/www.rhizom.de\/wandern\/wp-json\/wp\/v2\/posts"}],"about":[{"href":"http:\/\/www.rhizom.de\/wandern\/wp-json\/wp\/v2\/types\/post"}],"author":[{"embeddable":true,"href":"http:\/\/www.rhizom.de\/wandern\/wp-json\/wp\/v2\/users\/1"}],"replies":[{"embeddable":true,"href":"http:\/\/www.rhizom.de\/wandern\/wp-json\/wp\/v2\/comments?post=14120"}],"version-history":[{"count":29,"href":"http:\/\/www.rhizom.de\/wandern\/wp-json\/wp\/v2\/posts\/14120\/revisions"}],"predecessor-version":[{"id":14215,"href":"http:\/\/www.rhizom.de\/wandern\/wp-json\/wp\/v2\/posts\/14120\/revisions\/14215"}],"wp:attachment":[{"href":"http:\/\/www.rhizom.de\/wandern\/wp-json\/wp\/v2\/media?parent=14120"}],"wp:term":[{"taxonomy":"category","embeddable":true,"href":"http:\/\/www.rhizom.de\/wandern\/wp-json\/wp\/v2\/categories?post=14120"},{"taxonomy":"post_tag","embeddable":true,"href":"http:\/\/www.rhizom.de\/wandern\/wp-json\/wp\/v2\/tags?post=14120"}],"curies":[{"name":"wp","href":"https:\/\/api.w.org\/{rel}","templated":true}]}}