{"id":15238,"date":"2019-11-08T17:04:26","date_gmt":"2019-11-08T16:04:26","guid":{"rendered":"http:\/\/www.rhizom.de\/wandern\/?p=15238"},"modified":"2019-12-24T10:41:17","modified_gmt":"2019-12-24T09:41:17","slug":"karlswerk","status":"publish","type":"post","link":"http:\/\/www.rhizom.de\/wandern\/2019\/11\/08\/karlswerk\/","title":{"rendered":"Karlswerk, ein Nebeltraum"},"content":{"rendered":"<p><strong>Solo, ca. 14 km. Niederfinow, Bahnhof \u2013 am M\u00fchlbach zum Karlswerk. Weiter durch \u201eeinzigartige Kulturlandschaft\u201c. Das weitr\u00e4umige Biosph\u00e4renreservat Schorfheide Chorin reicht bis Eberswalde.<\/strong><\/p>\n<h2>Gesichte<\/h2>\n<p>Im Nebel sehen. R\u00e4ume verdunkeln. Im Licht der banal realistische Ausblick.<br \/>\nDas Schicksal bin nicht ich selbst. Verdrehte Zitatfetzen als Trost. Aber weder das noch anderes ist verst\u00e4ndlich f\u00fcr andere.<\/p>\n<p><a href=\"http:\/\/www.rhizom.de\/wandern\/wp-content\/uploads\/2019\/11\/20191107_Karlswerk-im-Nebeltraum.jpg\" target=\"_blank\" rel=\"noopener\"><img loading=\"lazy\" class=\"aligncenter size-full wp-image-15302\" src=\"http:\/\/www.rhizom.de\/wandern\/wp-content\/uploads\/2019\/11\/20191107_Karlswerk-im-Nebeltraum.jpg\" alt=\"Karlswerk, ein Nebeltraum\" width=\"767\" height=\"444\" srcset=\"http:\/\/www.rhizom.de\/wandern\/wp-content\/uploads\/2019\/11\/20191107_Karlswerk-im-Nebeltraum.jpg 767w, http:\/\/www.rhizom.de\/wandern\/wp-content\/uploads\/2019\/11\/20191107_Karlswerk-im-Nebeltraum-300x174.jpg 300w\" sizes=\"(max-width: 767px) 100vw, 767px\" \/><\/a><\/p>\n<h2>Einsam(er) nie<\/h2>\n<p>Im Nebel die goldenen Br\u00e4nde: November. Gottfried-Benn-Melancholie. Verg\u00e4nglichkeit. Sch\u00f6nheit.<\/p>\n<p><a href=\"http:\/\/www.rhizom.de\/wandern\/wp-content\/uploads\/2019\/11\/20191107_Bahnhof-Niederfinow.jpg\" target=\"_blank\" rel=\"noopener\"><img loading=\"lazy\" class=\"aligncenter size-full wp-image-15241\" title=\"Bahnhof Niederfinow\" src=\"http:\/\/www.rhizom.de\/wandern\/wp-content\/uploads\/2019\/11\/20191107_Bahnhof-Niederfinow.jpg\" alt=\"Bahnhof Niederfinow\" width=\"767\" height=\"444\" srcset=\"http:\/\/www.rhizom.de\/wandern\/wp-content\/uploads\/2019\/11\/20191107_Bahnhof-Niederfinow.jpg 767w, http:\/\/www.rhizom.de\/wandern\/wp-content\/uploads\/2019\/11\/20191107_Bahnhof-Niederfinow-300x174.jpg 300w\" sizes=\"(max-width: 767px) 100vw, 767px\" \/><\/a><br \/>\n<a href=\"http:\/\/www.rhizom.de\/wandern\/wp-content\/uploads\/2019\/11\/20191107_Karlswerk-Wiesen.jpg\" target=\"_blank\" rel=\"noopener\"><img loading=\"lazy\" class=\"aligncenter size-full wp-image-15243\" title=\"Wiesen am Karlswerk\" src=\"http:\/\/www.rhizom.de\/wandern\/wp-content\/uploads\/2019\/11\/20191107_Karlswerk-Wiesen.jpg\" alt=\"Wiesen am Karlswerk\" width=\"767\" height=\"444\" srcset=\"http:\/\/www.rhizom.de\/wandern\/wp-content\/uploads\/2019\/11\/20191107_Karlswerk-Wiesen.jpg 767w, http:\/\/www.rhizom.de\/wandern\/wp-content\/uploads\/2019\/11\/20191107_Karlswerk-Wiesen-300x174.jpg 300w\" sizes=\"(max-width: 767px) 100vw, 767px\" \/><\/a><br \/>\n<a href=\"http:\/\/www.rhizom.de\/wandern\/wp-content\/uploads\/2019\/11\/20191107_Nebelmorgen-bei-Karlswerk.jpg\" target=\"_blank\" rel=\"noopener\"><img loading=\"lazy\" class=\"aligncenter size-full wp-image-15245\" title=\"Von Karlswerk nach Hohenfinow\" src=\"http:\/\/www.rhizom.de\/wandern\/wp-content\/uploads\/2019\/11\/20191107_Nebelmorgen-bei-Karlswerk.jpg\" alt=\"November, Von Karlswerk nach Hohenfinow\" width=\"767\" height=\"444\" srcset=\"http:\/\/www.rhizom.de\/wandern\/wp-content\/uploads\/2019\/11\/20191107_Nebelmorgen-bei-Karlswerk.jpg 767w, http:\/\/www.rhizom.de\/wandern\/wp-content\/uploads\/2019\/11\/20191107_Nebelmorgen-bei-Karlswerk-300x174.jpg 300w\" sizes=\"(max-width: 767px) 100vw, 767px\" \/><\/a><br \/>\n<a href=\"http:\/\/www.rhizom.de\/wandern\/wp-content\/uploads\/2019\/11\/20191107_Hohenfinow-Feld-im-Nebel.jpg\" target=\"_blank\" rel=\"noopener\"><img loading=\"lazy\" class=\"aligncenter size-full wp-image-15247\" title=\"Feld bei Hohenfinow\" src=\"http:\/\/www.rhizom.de\/wandern\/wp-content\/uploads\/2019\/11\/20191107_Hohenfinow-Feld-im-Nebel.jpg\" alt=\"Feld, Hohenfinow\" width=\"767\" height=\"444\" srcset=\"http:\/\/www.rhizom.de\/wandern\/wp-content\/uploads\/2019\/11\/20191107_Hohenfinow-Feld-im-Nebel.jpg 767w, http:\/\/www.rhizom.de\/wandern\/wp-content\/uploads\/2019\/11\/20191107_Hohenfinow-Feld-im-Nebel-300x174.jpg 300w\" sizes=\"(max-width: 767px) 100vw, 767px\" \/><\/a><br \/>\n<a href=\"http:\/\/www.rhizom.de\/wandern\/wp-content\/uploads\/2017\/08\/20191107_Karlswerk-Hohenfinow.jpg\" target=\"_blank\" rel=\"noopener\"><img loading=\"lazy\" class=\"aligncenter size-full wp-image-15236\" title=\"Nebelmorgen bei Karlswerk, Hohenfinow\" src=\"http:\/\/www.rhizom.de\/wandern\/wp-content\/uploads\/2017\/08\/20191107_Karlswerk-Hohenfinow.jpg\" alt=\"7.November 2019, Nebelmorgen bei Karlswerk, Hohenfinow\" width=\"1024\" height=\"768\" srcset=\"http:\/\/www.rhizom.de\/wandern\/wp-content\/uploads\/2017\/08\/20191107_Karlswerk-Hohenfinow.jpg 1024w, http:\/\/www.rhizom.de\/wandern\/wp-content\/uploads\/2017\/08\/20191107_Karlswerk-Hohenfinow-300x225.jpg 300w, http:\/\/www.rhizom.de\/wandern\/wp-content\/uploads\/2017\/08\/20191107_Karlswerk-Hohenfinow-768x576.jpg 768w\" sizes=\"(max-width: 1024px) 100vw, 1024px\" \/><\/a><\/p>\n<h2>L\u00e4ppchenweg<\/h2>\n<p>Tornow umgehen. Bitte nur Wald, Feld.<\/p>\n<p><a href=\"http:\/\/www.rhizom.de\/wandern\/wp-content\/uploads\/2019\/11\/20191107_Karlswerk-Solitaer.jpg\" target=\"_blank\" rel=\"noopener\"><img loading=\"lazy\" class=\"aligncenter size-full wp-image-15248\" title=\"Solit\u00e4r hinter Karlswerk\" src=\"http:\/\/www.rhizom.de\/wandern\/wp-content\/uploads\/2019\/11\/20191107_Karlswerk-Solitaer.jpg\" alt=\"Solit\u00e4r hinter Karlswerk\" width=\"767\" height=\"444\" srcset=\"http:\/\/www.rhizom.de\/wandern\/wp-content\/uploads\/2019\/11\/20191107_Karlswerk-Solitaer.jpg 767w, http:\/\/www.rhizom.de\/wandern\/wp-content\/uploads\/2019\/11\/20191107_Karlswerk-Solitaer-300x174.jpg 300w\" sizes=\"(max-width: 767px) 100vw, 767px\" \/><\/a><\/p>\n<p><a href=\"http:\/\/www.rhizom.de\/wandern\/wp-content\/uploads\/2019\/11\/20191107_Karlswerk-Waldrand.jpg\" target=\"_blank\" rel=\"noopener\"><img loading=\"lazy\" class=\"aligncenter size-full wp-image-15246\" title=\"Karlswerk Richtung Tornow\" src=\"http:\/\/www.rhizom.de\/wandern\/wp-content\/uploads\/2019\/11\/20191107_Karlswerk-Waldrand.jpg\" alt=\"Karlswerk Richtung Tornow\" width=\"767\" height=\"444\" srcset=\"http:\/\/www.rhizom.de\/wandern\/wp-content\/uploads\/2019\/11\/20191107_Karlswerk-Waldrand.jpg 767w, http:\/\/www.rhizom.de\/wandern\/wp-content\/uploads\/2019\/11\/20191107_Karlswerk-Waldrand-300x174.jpg 300w\" sizes=\"(max-width: 767px) 100vw, 767px\" \/><\/a><br \/>\nDer \u201eL\u00e4ppchenweg\u201c f\u00fchrt zum Galgenberg, der diesen Namen nicht hat, aber steil ins hoffnungslose Nirgendwo st\u00fcrzt wie hier wohl gew\u00f6hnlich ein verwundetes Wild.<br \/>\nEin Teil der L\u00e4ppchen dort als Installation. ;)) Weidmannsheil!<\/p>\n<p><a href=\"http:\/\/www.rhizom.de\/wandern\/wp-content\/uploads\/2019\/11\/20191107_Lappensammlung.jpg\" target=\"_blank\" rel=\"noopener\"><img loading=\"lazy\" class=\"aligncenter size-full wp-image-15288\" title=\"Weidmannsheil\" src=\"http:\/\/www.rhizom.de\/wandern\/wp-content\/uploads\/2019\/11\/20191107_Lappensammlung.jpg\" alt=\"Weidmannsheil. Eine Lappeninstallation\" width=\"768\" height=\"444\" srcset=\"http:\/\/www.rhizom.de\/wandern\/wp-content\/uploads\/2019\/11\/20191107_Lappensammlung.jpg 768w, http:\/\/www.rhizom.de\/wandern\/wp-content\/uploads\/2019\/11\/20191107_Lappensammlung-300x173.jpg 300w\" sizes=\"(max-width: 768px) 100vw, 768px\" \/><\/a><\/p>\n<p>In der anderen Richtung: weit vor einer lagernden Rinderherde zwei breite Sandwege. Langsam steige ich ab, dr\u00fccke mich am Weidezaun entlang, notgedrungen dann innerhalb des Zaunes und gedeckt von Stachelgeb\u00fcsch und hohem Gras.<\/p>\n<p><a href=\"http:\/\/www.rhizom.de\/wandern\/wp-content\/uploads\/2019\/11\/20191107_Rinderherde.jpg\" target=\"_blank\" rel=\"noopener\"><img loading=\"lazy\" class=\"aligncenter size-full wp-image-15281\" title=\"Ruhende Rinderherde vor Tornow\" src=\"http:\/\/www.rhizom.de\/wandern\/wp-content\/uploads\/2019\/11\/20191107_Rinderherde.jpg\" alt=\"Ruhende Rinderherde vor Tornow\" width=\"768\" height=\"444\" srcset=\"http:\/\/www.rhizom.de\/wandern\/wp-content\/uploads\/2019\/11\/20191107_Rinderherde.jpg 768w, http:\/\/www.rhizom.de\/wandern\/wp-content\/uploads\/2019\/11\/20191107_Rinderherde-300x173.jpg 300w\" sizes=\"(max-width: 768px) 100vw, 768px\" \/><\/a><br \/>\nGedeckt? Welch ein Irrtum! Martialisches Br\u00fcllen. Hinter mir setzt sich die Herde in Bewegung. Sie rennt nicht, trotzdem: die Tiere sind unglaublich schnell. Fest und zielsicher ihre Blicke in meine Richtung, ganz egal wie sehr ich mich verstecke.<\/p>\n<p><a href=\"http:\/\/www.rhizom.de\/wandern\/wp-content\/uploads\/2019\/11\/20191107_Rinder.jpg\" target=\"_blank\" rel=\"noopener\"><img loading=\"lazy\" class=\"aligncenter size-full wp-image-15279\" title=\"Rinderherde neugierig\" src=\"http:\/\/www.rhizom.de\/wandern\/wp-content\/uploads\/2019\/11\/20191107_Rinder.jpg\" alt=\"Rinderherde verteidigt das Weidegebiet\" width=\"768\" height=\"444\" srcset=\"http:\/\/www.rhizom.de\/wandern\/wp-content\/uploads\/2019\/11\/20191107_Rinder.jpg 768w, http:\/\/www.rhizom.de\/wandern\/wp-content\/uploads\/2019\/11\/20191107_Rinder-300x173.jpg 300w\" sizes=\"(max-width: 768px) 100vw, 768px\" \/><\/a><br \/>\nDas Br\u00fcllen in Tonlagen wie von vierbeinigen Zyklopen: n\u00e4her, immer n\u00e4her, lauter. Sie jagen ohne zu jagen. Mich. Trittsiegel im Geb\u00fcsch und im Wald \u2013 eindeutig nicht mein Reich. Verflucht \u2013 die tief gestampften Pfade nehmen kein Ende. Ich hetze l\u00e4ngst, springe \u2013 irgendwo \u00fcber den Elektrozaun. Sicher f\u00fchle ich mich keineswegs. Schluchten, die wieder in Richtung der ewig lang gestreckten Weide enden. Bergan, in die Tiefe \u2013 um Himmels willen nur jetzt kein Sumpf\u2026<\/p>\n<p><a href=\"http:\/\/www.rhizom.de\/wandern\/wp-content\/uploads\/2019\/11\/20191107_Rettung.jpg\"><img loading=\"lazy\" class=\"aligncenter size-full wp-image-15282\" title=\"rettender Ansitz\" src=\"http:\/\/www.rhizom.de\/wandern\/wp-content\/uploads\/2019\/11\/20191107_Rettung.jpg\" alt=\"rettender Ansitz\" width=\"768\" height=\"444\" srcset=\"http:\/\/www.rhizom.de\/wandern\/wp-content\/uploads\/2019\/11\/20191107_Rettung.jpg 768w, http:\/\/www.rhizom.de\/wandern\/wp-content\/uploads\/2019\/11\/20191107_Rettung-300x173.jpg 300w\" sizes=\"(max-width: 768px) 100vw, 768px\" \/><\/a><\/p>\n<p>Ein Ansitz. Undurchdringlich umrankt. Der n\u00e4chste Ansitz zerst\u00f6rt. Aber: ein Weg. DER Weg.<\/p>\n<p><a href=\"http:\/\/www.rhizom.de\/wandern\/wp-content\/uploads\/2019\/11\/20191107_Laerchen.jpg\" target=\"_blank\" rel=\"noopener\"><img loading=\"lazy\" class=\"aligncenter size-full wp-image-15283\" title=\"L\u00e4rchen\" src=\"http:\/\/www.rhizom.de\/wandern\/wp-content\/uploads\/2019\/11\/20191107_Laerchen.jpg\" alt=\"L\u00e4rchen\" width=\"768\" height=\"444\" srcset=\"http:\/\/www.rhizom.de\/wandern\/wp-content\/uploads\/2019\/11\/20191107_Laerchen.jpg 768w, http:\/\/www.rhizom.de\/wandern\/wp-content\/uploads\/2019\/11\/20191107_Laerchen-300x173.jpg 300w\" sizes=\"(max-width: 768px) 100vw, 768px\" \/><\/a><br \/>\nWarum mich die n\u00e4chste, andere Herde, auf der n\u00e4chsten Weide wiederum beobachtet und b\u00f6sartig bebl\u00f6kt \u2013 ich wei\u00df es nicht: perfekte Kommunikation \u00fcber Kilometer hinweg. Gleiche Tonlagen, gleiche Absicht.<br \/>\n<a href=\"http:\/\/www.rhizom.de\/wandern\/wp-content\/uploads\/2019\/11\/20191107_Kuehe.jpg\" target=\"_blank\" rel=\"noopener\"><img loading=\"lazy\" class=\"aligncenter size-full wp-image-15285\" title=\"bl\u00f6kende und br\u00fcllende K\u00fche trotz Entfernung\" src=\"http:\/\/www.rhizom.de\/wandern\/wp-content\/uploads\/2019\/11\/20191107_Kuehe.jpg\" alt=\"K\u00fche\" width=\"768\" height=\"444\" srcset=\"http:\/\/www.rhizom.de\/wandern\/wp-content\/uploads\/2019\/11\/20191107_Kuehe.jpg 768w, http:\/\/www.rhizom.de\/wandern\/wp-content\/uploads\/2019\/11\/20191107_Kuehe-300x173.jpg 300w\" sizes=\"(max-width: 768px) 100vw, 768px\" \/><\/a><\/p>\n<h2>Die Zone<\/h2>\n<p>Wieder eintauchen in den Wald. Wahrscheinlich sind Wandersleut nur ganz selten auf diesen Wegen. Absolute Stille. Irgendwann der 25 km Rundweg Eberswalde zur Schleuse Rag\u00f6se. Baustelle. Die Stahlplatten vibrieren bei jedem Schritt. Kein Durchkommen.<br \/>\nDer Erkl\u00e4rung aus dem dritten Auto muss ich wohl glauben. Wo entlang dann? Schulterzucken. Viel Gl\u00fcck.<\/p>\n<p><a href=\"http:\/\/www.rhizom.de\/wandern\/wp-content\/uploads\/2019\/11\/20191107_NEB-Niederfinow-Eberswalde.jpg\" target=\"_blank\" rel=\"noopener\"><img loading=\"lazy\" class=\"aligncenter size-full wp-image-15262\" title=\"NEB zwischen Niederfinow und Eberswalde\" src=\"http:\/\/www.rhizom.de\/wandern\/wp-content\/uploads\/2019\/11\/20191107_NEB-Niederfinow-Eberswalde.jpg\" alt=\"NEB zwischen Niederfinow und Eberswalde\" width=\"768\" height=\"444\" srcset=\"http:\/\/www.rhizom.de\/wandern\/wp-content\/uploads\/2019\/11\/20191107_NEB-Niederfinow-Eberswalde.jpg 768w, http:\/\/www.rhizom.de\/wandern\/wp-content\/uploads\/2019\/11\/20191107_NEB-Niederfinow-Eberswalde-300x173.jpg 300w\" sizes=\"(max-width: 768px) 100vw, 768px\" \/><\/a><br \/>\n<a href=\"http:\/\/www.rhizom.de\/wandern\/wp-content\/uploads\/2019\/11\/20191107_Baustelle.jpg\" target=\"_blank\" rel=\"noopener\"><img loading=\"lazy\" class=\"aligncenter size-full wp-image-15263\" src=\"http:\/\/www.rhizom.de\/wandern\/wp-content\/uploads\/2019\/11\/20191107_Baustelle.jpg\" alt=\"Baustelle Wanderweg\" width=\"768\" height=\"444\" srcset=\"http:\/\/www.rhizom.de\/wandern\/wp-content\/uploads\/2019\/11\/20191107_Baustelle.jpg 768w, http:\/\/www.rhizom.de\/wandern\/wp-content\/uploads\/2019\/11\/20191107_Baustelle-300x173.jpg 300w\" sizes=\"(max-width: 768px) 100vw, 768px\" \/><\/a><br \/>\n<a href=\"http:\/\/www.rhizom.de\/wandern\/wp-content\/uploads\/2019\/11\/20191107_Baustelle-Wanderweg.jpg\" target=\"_blank\" rel=\"noopener\"><img loading=\"lazy\" class=\"aligncenter size-full wp-image-15264\" src=\"http:\/\/www.rhizom.de\/wandern\/wp-content\/uploads\/2019\/11\/20191107_Baustelle-Wanderweg.jpg\" alt=\"Stahlplatten Wanderweg\" width=\"768\" height=\"444\" srcset=\"http:\/\/www.rhizom.de\/wandern\/wp-content\/uploads\/2019\/11\/20191107_Baustelle-Wanderweg.jpg 768w, http:\/\/www.rhizom.de\/wandern\/wp-content\/uploads\/2019\/11\/20191107_Baustelle-Wanderweg-300x173.jpg 300w\" sizes=\"(max-width: 768px) 100vw, 768px\" \/><\/a><br \/>\n<a href=\"http:\/\/www.rhizom.de\/wandern\/wp-content\/uploads\/2019\/11\/20191107_Baustelle-Wanderweg-Stahlplatte.jpg\" target=\"_blank\" rel=\"noopener\"><img loading=\"lazy\" class=\"aligncenter size-full wp-image-15265\" src=\"http:\/\/www.rhizom.de\/wandern\/wp-content\/uploads\/2019\/11\/20191107_Baustelle-Wanderweg-Stahlplatte.jpg\" alt=\"Stahlplatte\" width=\"768\" height=\"444\" srcset=\"http:\/\/www.rhizom.de\/wandern\/wp-content\/uploads\/2019\/11\/20191107_Baustelle-Wanderweg-Stahlplatte.jpg 768w, http:\/\/www.rhizom.de\/wandern\/wp-content\/uploads\/2019\/11\/20191107_Baustelle-Wanderweg-Stahlplatte-300x173.jpg 300w\" sizes=\"(max-width: 768px) 100vw, 768px\" \/><\/a><br \/>\n<a href=\"http:\/\/www.rhizom.de\/wandern\/wp-content\/uploads\/2019\/11\/20191107_Baustelle-Richtung-ohne-Wanderweg.jpg\" target=\"_blank\" rel=\"noopener\"><img loading=\"lazy\" class=\"aligncenter size-full wp-image-15267\" src=\"http:\/\/www.rhizom.de\/wandern\/wp-content\/uploads\/2019\/11\/20191107_Baustelle-Richtung-ohne-Wanderweg.jpg\" alt=\"Schienenstrang Richtung Eberswalde\" width=\"768\" height=\"444\" srcset=\"http:\/\/www.rhizom.de\/wandern\/wp-content\/uploads\/2019\/11\/20191107_Baustelle-Richtung-ohne-Wanderweg.jpg 768w, http:\/\/www.rhizom.de\/wandern\/wp-content\/uploads\/2019\/11\/20191107_Baustelle-Richtung-ohne-Wanderweg-300x173.jpg 300w\" sizes=\"(max-width: 768px) 100vw, 768px\" \/><\/a><br \/>\nAn den Schienen entlang: verrottete Einz\u00e4unung und Warnungen: Altlasten Milit\u00e4r.<\/p>\n<p><a href=\"http:\/\/www.rhizom.de\/wandern\/wp-content\/uploads\/2019\/11\/20191107_Altlast-Wiese.jpg\" target=\"_blank\" rel=\"noopener\"><img loading=\"lazy\" class=\"aligncenter size-full wp-image-15273\" src=\"http:\/\/www.rhizom.de\/wandern\/wp-content\/uploads\/2019\/11\/20191107_Altlast-Wiese.jpg\" alt=\"Gefahr milit\u00e4rische Altlast\" width=\"768\" height=\"444\" srcset=\"http:\/\/www.rhizom.de\/wandern\/wp-content\/uploads\/2019\/11\/20191107_Altlast-Wiese.jpg 768w, http:\/\/www.rhizom.de\/wandern\/wp-content\/uploads\/2019\/11\/20191107_Altlast-Wiese-300x173.jpg 300w\" sizes=\"(max-width: 768px) 100vw, 768px\" \/><\/a><br \/>\nAn der wegelosen Wiese gibt es nur das Zur\u00fcck.<\/p>\n<p><a href=\"http:\/\/www.rhizom.de\/wandern\/wp-content\/uploads\/2019\/11\/20191107_Altlast-2.jpg\" target=\"_blank\" rel=\"noopener\"><img loading=\"lazy\" class=\"aligncenter size-full wp-image-15271\" src=\"http:\/\/www.rhizom.de\/wandern\/wp-content\/uploads\/2019\/11\/20191107_Altlast-2.jpg\" alt=\"Warnschild\" width=\"768\" height=\"444\" srcset=\"http:\/\/www.rhizom.de\/wandern\/wp-content\/uploads\/2019\/11\/20191107_Altlast-2.jpg 768w, http:\/\/www.rhizom.de\/wandern\/wp-content\/uploads\/2019\/11\/20191107_Altlast-2-300x173.jpg 300w\" sizes=\"(max-width: 768px) 100vw, 768px\" \/><\/a><br \/>\nAm Hang entlang, auf einen Waldweg. Es muss gelingen! Bitte kein Ende in Milit\u00e4rruinen.<\/p>\n<p><a href=\"http:\/\/www.rhizom.de\/wandern\/wp-content\/uploads\/2019\/11\/20191107_Altlast.jpg\" target=\"_blank\" rel=\"noopener\"><img loading=\"lazy\" class=\"aligncenter size-full wp-image-15278\" src=\"http:\/\/www.rhizom.de\/wandern\/wp-content\/uploads\/2019\/11\/20191107_Altlast.jpg\" alt=\"Hang zum Oderbruch\" width=\"768\" height=\"444\" srcset=\"http:\/\/www.rhizom.de\/wandern\/wp-content\/uploads\/2019\/11\/20191107_Altlast.jpg 768w, http:\/\/www.rhizom.de\/wandern\/wp-content\/uploads\/2019\/11\/20191107_Altlast-300x173.jpg 300w\" sizes=\"(max-width: 768px) 100vw, 768px\" \/><\/a><br \/>\nNeben dem Weg hohe Terrassen in eine dicht verwachsene Schlucht. Kriegsspielh\u00fcgel wie H\u00fcnengr\u00e4ber.<\/p>\n<p><a href=\"http:\/\/www.rhizom.de\/wandern\/wp-content\/uploads\/2019\/11\/20191107_Altlast-Symbole.jpg\" target=\"_blank\" rel=\"noopener\"><img loading=\"lazy\" class=\"aligncenter size-full wp-image-15276\" src=\"http:\/\/www.rhizom.de\/wandern\/wp-content\/uploads\/2019\/11\/20191107_Altlast-Symbole.jpg\" alt=\"Baumstamm-Gesch\u00fctze\" width=\"768\" height=\"444\" srcset=\"http:\/\/www.rhizom.de\/wandern\/wp-content\/uploads\/2019\/11\/20191107_Altlast-Symbole.jpg 768w, http:\/\/www.rhizom.de\/wandern\/wp-content\/uploads\/2019\/11\/20191107_Altlast-Symbole-300x173.jpg 300w\" sizes=\"(max-width: 768px) 100vw, 768px\" \/><\/a><br \/>\nDer Sch\u00f6nheit des Waldes haben diese einstigen Gr\u00e4ben und Grabungen um teilweise alte Baumbest\u00e4nde keinen Abbruch getan &#8211; im Gegenteil. Vielleicht sogar eine Badestelle?<\/p>\n<p><a href=\"http:\/\/www.rhizom.de\/wandern\/wp-content\/uploads\/2019\/11\/20191107_Altlast-See.jpg\" target=\"_blank\" rel=\"noopener\"><img loading=\"lazy\" class=\"aligncenter size-full wp-image-15274\" src=\"http:\/\/www.rhizom.de\/wandern\/wp-content\/uploads\/2019\/11\/20191107_Altlast-See.jpg\" alt=\"See im ehemaligen Milit\u00e4rgebiet\" width=\"768\" height=\"444\" srcset=\"http:\/\/www.rhizom.de\/wandern\/wp-content\/uploads\/2019\/11\/20191107_Altlast-See.jpg 768w, http:\/\/www.rhizom.de\/wandern\/wp-content\/uploads\/2019\/11\/20191107_Altlast-See-300x173.jpg 300w\" sizes=\"(max-width: 768px) 100vw, 768px\" \/><\/a><\/p>\n<h2>Zivile Last<\/h2>\n<p>Ostender H\u00f6hen. Recylinghof und M\u00fcllhalde. Grenzweg \u2013 warum Grenzweg?<\/p>\n<p><a href=\"http:\/\/www.rhizom.de\/wandern\/wp-content\/uploads\/2019\/11\/20191107_Altlast-Neulast-Recycling.jpg\" target=\"_blank\" rel=\"noopener\"><img loading=\"lazy\" class=\"aligncenter size-full wp-image-15255\" src=\"http:\/\/www.rhizom.de\/wandern\/wp-content\/uploads\/2019\/11\/20191107_Altlast-Neulast-Recycling.jpg\" alt=\"Recycling Eberswalde\" width=\"768\" height=\"444\" srcset=\"http:\/\/www.rhizom.de\/wandern\/wp-content\/uploads\/2019\/11\/20191107_Altlast-Neulast-Recycling.jpg 768w, http:\/\/www.rhizom.de\/wandern\/wp-content\/uploads\/2019\/11\/20191107_Altlast-Neulast-Recycling-300x173.jpg 300w\" sizes=\"(max-width: 768px) 100vw, 768px\" \/><\/a><\/p>\n<p><a href=\"http:\/\/www.rhizom.de\/wandern\/wp-content\/uploads\/2019\/11\/20191107_die-Mauer.jpg\" target=\"_blank\" rel=\"noopener\"><img loading=\"lazy\" class=\"aligncenter size-full wp-image-15260\" src=\"http:\/\/www.rhizom.de\/wandern\/wp-content\/uploads\/2019\/11\/20191107_die-Mauer.jpg\" alt=\"Private Mauer\" width=\"768\" height=\"444\" srcset=\"http:\/\/www.rhizom.de\/wandern\/wp-content\/uploads\/2019\/11\/20191107_die-Mauer.jpg 768w, http:\/\/www.rhizom.de\/wandern\/wp-content\/uploads\/2019\/11\/20191107_die-Mauer-300x173.jpg 300w\" sizes=\"(max-width: 768px) 100vw, 768px\" \/><\/a><\/p>\n<p><a href=\"http:\/\/www.rhizom.de\/wandern\/wp-content\/uploads\/2019\/11\/20191107_Klaerwerk-Eberswalde.jpg\" target=\"_blank\" rel=\"noopener\"><img loading=\"lazy\" class=\"aligncenter size-full wp-image-15257\" src=\"http:\/\/www.rhizom.de\/wandern\/wp-content\/uploads\/2019\/11\/20191107_Klaerwerk-Eberswalde.jpg\" alt=\"Kl\u00e4rwerk Eberswalde\" width=\"768\" height=\"444\" srcset=\"http:\/\/www.rhizom.de\/wandern\/wp-content\/uploads\/2019\/11\/20191107_Klaerwerk-Eberswalde.jpg 768w, http:\/\/www.rhizom.de\/wandern\/wp-content\/uploads\/2019\/11\/20191107_Klaerwerk-Eberswalde-300x173.jpg 300w\" sizes=\"(max-width: 768px) 100vw, 768px\" \/><\/a><\/p>\n<p><a href=\"http:\/\/www.rhizom.de\/wandern\/wp-content\/uploads\/2019\/11\/20191107_Schilfguertel.jpg\" target=\"_blank\" rel=\"noopener\"><img loading=\"lazy\" class=\"aligncenter size-full wp-image-15258\" src=\"http:\/\/www.rhizom.de\/wandern\/wp-content\/uploads\/2019\/11\/20191107_Schilfguertel.jpg\" alt=\"Schilfg\u00fcrtel zur Finow\" width=\"768\" height=\"444\" srcset=\"http:\/\/www.rhizom.de\/wandern\/wp-content\/uploads\/2019\/11\/20191107_Schilfguertel.jpg 768w, http:\/\/www.rhizom.de\/wandern\/wp-content\/uploads\/2019\/11\/20191107_Schilfguertel-300x173.jpg 300w\" sizes=\"(max-width: 768px) 100vw, 768px\" \/><\/a><\/p>\n<p><a href=\"http:\/\/www.rhizom.de\/wandern\/wp-content\/uploads\/2019\/11\/20191107_Richtung-Finow.jpg\" target=\"_blank\" rel=\"noopener\"><img loading=\"lazy\" class=\"aligncenter size-full wp-image-15259\" src=\"http:\/\/www.rhizom.de\/wandern\/wp-content\/uploads\/2019\/11\/20191107_Richtung-Finow.jpg\" alt=\"ohne Weg am Eichwerder\" width=\"768\" height=\"444\" srcset=\"http:\/\/www.rhizom.de\/wandern\/wp-content\/uploads\/2019\/11\/20191107_Richtung-Finow.jpg 768w, http:\/\/www.rhizom.de\/wandern\/wp-content\/uploads\/2019\/11\/20191107_Richtung-Finow-300x173.jpg 300w\" sizes=\"(max-width: 768px) 100vw, 768px\" \/><\/a><\/p>\n<p><a href=\"http:\/\/www.rhizom.de\/wandern\/wp-content\/uploads\/2019\/11\/20191107_Eberswalde-Nostalgie.jpg\" target=\"_blank\" rel=\"noopener\"><img loading=\"lazy\" class=\"aligncenter size-full wp-image-15261\" src=\"http:\/\/www.rhizom.de\/wandern\/wp-content\/uploads\/2019\/11\/20191107_Eberswalde-Nostalgie.jpg\" alt=\"Wohnbauten aus dem Industriezeitalter\" width=\"768\" height=\"444\" srcset=\"http:\/\/www.rhizom.de\/wandern\/wp-content\/uploads\/2019\/11\/20191107_Eberswalde-Nostalgie.jpg 768w, http:\/\/www.rhizom.de\/wandern\/wp-content\/uploads\/2019\/11\/20191107_Eberswalde-Nostalgie-300x173.jpg 300w\" sizes=\"(max-width: 768px) 100vw, 768px\" \/><\/a><br \/>\nAm Eichwerder: Asphalt zwischen unendlichem Sumpf und Kl\u00e4rwerk. Es m\u00fcsste am Finowkanal entlang gehen. Zug\u00e4nge sind nicht erkennbar. Unverhofft schnell lande ich von Osten her am Eberswalder Markt.<\/p>\n<h2>Was noch<\/h2>\n<p>Der Regio bis Bernau. Die S-Bahn bis Pankow. Polizeieinsatz. Alles unbestimmt.<br \/>\nBestimmt: Tintlinge in diversen Stadien, allerlei Mini, Kremplinge, Baumpilze nicht essbar, spitzschuppiger Schirmling&#8230;<\/p>\n<p><a href=\"http:\/\/www.rhizom.de\/wandern\/wp-content\/uploads\/2019\/11\/20191107_Pilze-Baumpilz.jpg\" target=\"_blank\" rel=\"noopener\"><img loading=\"lazy\" class=\"aligncenter size-full wp-image-15251\" title=\"Baumpilze\" src=\"http:\/\/www.rhizom.de\/wandern\/wp-content\/uploads\/2019\/11\/20191107_Pilze-Baumpilz.jpg\" alt=\"Baumpilze\" width=\"768\" height=\"444\" srcset=\"http:\/\/www.rhizom.de\/wandern\/wp-content\/uploads\/2019\/11\/20191107_Pilze-Baumpilz.jpg 768w, http:\/\/www.rhizom.de\/wandern\/wp-content\/uploads\/2019\/11\/20191107_Pilze-Baumpilz-300x173.jpg 300w\" sizes=\"(max-width: 768px) 100vw, 768px\" \/><\/a><br \/>\n<a href=\"http:\/\/www.rhizom.de\/wandern\/wp-content\/uploads\/2019\/11\/20191107_Pilze-spitzschuppiger-Schirmling.jpg\" target=\"_blank\" rel=\"noopener\"><img loading=\"lazy\" class=\"aligncenter size-full wp-image-15253\" title=\"spitzschuppiger Schirmling\" src=\"http:\/\/www.rhizom.de\/wandern\/wp-content\/uploads\/2019\/11\/20191107_Pilze-spitzschuppiger-Schirmling.jpg\" alt=\"spitzschuppiger Schirmling\" width=\"768\" height=\"444\" srcset=\"http:\/\/www.rhizom.de\/wandern\/wp-content\/uploads\/2019\/11\/20191107_Pilze-spitzschuppiger-Schirmling.jpg 768w, http:\/\/www.rhizom.de\/wandern\/wp-content\/uploads\/2019\/11\/20191107_Pilze-spitzschuppiger-Schirmling-300x173.jpg 300w\" sizes=\"(max-width: 768px) 100vw, 768px\" \/><\/a><br \/>\n<a href=\"http:\/\/www.rhizom.de\/wandern\/wp-content\/uploads\/2019\/11\/20191107_Pilze-Tintling.jpg\" target=\"_blank\" rel=\"noopener\"><img loading=\"lazy\" class=\"aligncenter size-full wp-image-15252\" title=\"Tintling\" src=\"http:\/\/www.rhizom.de\/wandern\/wp-content\/uploads\/2019\/11\/20191107_Pilze-Tintling.jpg\" alt=\"Tintling\" width=\"768\" height=\"444\" srcset=\"http:\/\/www.rhizom.de\/wandern\/wp-content\/uploads\/2019\/11\/20191107_Pilze-Tintling.jpg 768w, http:\/\/www.rhizom.de\/wandern\/wp-content\/uploads\/2019\/11\/20191107_Pilze-Tintling-300x173.jpg 300w\" sizes=\"(max-width: 768px) 100vw, 768px\" \/><\/a><br \/>\n<a href=\"http:\/\/www.rhizom.de\/wandern\/wp-content\/uploads\/2019\/11\/20191107_Pilze-Mahlzeit.jpg\" target=\"_blank\" rel=\"noopener\"><img loading=\"lazy\" class=\"aligncenter size-full wp-image-15254\" src=\"http:\/\/www.rhizom.de\/wandern\/wp-content\/uploads\/2019\/11\/20191107_Pilze-Mahlzeit.jpg\" alt=\"Mahlzeit\" width=\"768\" height=\"444\" srcset=\"http:\/\/www.rhizom.de\/wandern\/wp-content\/uploads\/2019\/11\/20191107_Pilze-Mahlzeit.jpg 768w, http:\/\/www.rhizom.de\/wandern\/wp-content\/uploads\/2019\/11\/20191107_Pilze-Mahlzeit-300x173.jpg 300w\" sizes=\"(max-width: 768px) 100vw, 768px\" \/><\/a><\/p>\n<p>Ein kleiner Parasol und eine gro\u00dfe Marone. Mein Abendmahl. Mit Vogelmiere.<br \/>\nNicht im Muscarin-Nebel, nur im Dunst. Danach traumlos.<\/p>\n","protected":false},"excerpt":{"rendered":"<p>Solo, ca. 14 km. Niederfinow, Bahnhof \u2013 am M\u00fchlbach zum Karlswerk. Weiter durch \u201eeinzigartige Kulturlandschaft\u201c. Das weitr\u00e4umige Biosph\u00e4renreservat Schorfheide Chorin reicht bis Eberswalde. Gesichte Im Nebel sehen. R\u00e4ume verdunkeln. Im Licht der banal realistische Ausblick. Das Schicksal bin nicht ich selbst. Verdrehte Zitatfetzen als Trost. Aber weder das noch anderes ist verst\u00e4ndlich f\u00fcr andere. Einsam(er) &#8230; <a title=\"Karlswerk, ein Nebeltraum\" class=\"read-more\" href=\"http:\/\/www.rhizom.de\/wandern\/2019\/11\/08\/karlswerk\/\">Read more<\/a><\/p>\n","protected":false},"author":1,"featured_media":0,"comment_status":"open","ping_status":"open","sticky":false,"template":"","format":"standard","meta":{"generate_page_header":""},"categories":[5],"tags":[],"_links":{"self":[{"href":"http:\/\/www.rhizom.de\/wandern\/wp-json\/wp\/v2\/posts\/15238"}],"collection":[{"href":"http:\/\/www.rhizom.de\/wandern\/wp-json\/wp\/v2\/posts"}],"about":[{"href":"http:\/\/www.rhizom.de\/wandern\/wp-json\/wp\/v2\/types\/post"}],"author":[{"embeddable":true,"href":"http:\/\/www.rhizom.de\/wandern\/wp-json\/wp\/v2\/users\/1"}],"replies":[{"embeddable":true,"href":"http:\/\/www.rhizom.de\/wandern\/wp-json\/wp\/v2\/comments?post=15238"}],"version-history":[{"count":20,"href":"http:\/\/www.rhizom.de\/wandern\/wp-json\/wp\/v2\/posts\/15238\/revisions"}],"predecessor-version":[{"id":15565,"href":"http:\/\/www.rhizom.de\/wandern\/wp-json\/wp\/v2\/posts\/15238\/revisions\/15565"}],"wp:attachment":[{"href":"http:\/\/www.rhizom.de\/wandern\/wp-json\/wp\/v2\/media?parent=15238"}],"wp:term":[{"taxonomy":"category","embeddable":true,"href":"http:\/\/www.rhizom.de\/wandern\/wp-json\/wp\/v2\/categories?post=15238"},{"taxonomy":"post_tag","embeddable":true,"href":"http:\/\/www.rhizom.de\/wandern\/wp-json\/wp\/v2\/tags?post=15238"}],"curies":[{"name":"wp","href":"https:\/\/api.w.org\/{rel}","templated":true}]}}