{"id":1582,"date":"2017-09-23T19:44:06","date_gmt":"2017-09-23T17:44:06","guid":{"rendered":"http:\/\/www.rhizom.de\/wandern\/?p=1582"},"modified":"2020-01-03T16:05:24","modified_gmt":"2020-01-03T15:05:24","slug":"neophyten","status":"publish","type":"post","link":"http:\/\/www.rhizom.de\/wandern\/2017\/09\/23\/neophyten\/","title":{"rendered":"Neobiota"},"content":{"rendered":"<figure id=\"attachment_1579\" aria-describedby=\"caption-attachment-1579\" style=\"width: 290px\" class=\"wp-caption alignleft\"><a href=\"http:\/\/www.rhizom.de\/wandern\/wp-content\/uploads\/2017\/09\/20170921_Notbluete-1.jpg\" target=\"_blank\" rel=\"noopener\"><img loading=\"lazy\" class=\"size-medium wp-image-1579\" src=\"http:\/\/www.rhizom.de\/wandern\/wp-content\/uploads\/2017\/09\/20170921_Notbluete-300x225.jpg\" alt=\"Notbl\u00fcte von Rosskastanien in der Schorfheide bei Eichhorst, 20.9.2017\" width=\"300\" height=\"225\" srcset=\"http:\/\/www.rhizom.de\/wandern\/wp-content\/uploads\/2017\/09\/20170921_Notbluete-300x225.jpg 300w, http:\/\/www.rhizom.de\/wandern\/wp-content\/uploads\/2017\/09\/20170921_Notbluete-768x576.jpg 768w, http:\/\/www.rhizom.de\/wandern\/wp-content\/uploads\/2017\/09\/20170921_Notbluete.jpg 1024w\" sizes=\"(max-width: 300px) 100vw, 300px\" \/><\/a><figcaption id=\"caption-attachment-1579\" class=\"wp-caption-text\">Rosskastanie bei Eichhorst, mit Klick zur Bl\u00fcte<\/figcaption><\/figure>\n<p><strong>20. September 2017<br \/>\nBl\u00fchende Rosskastanien bei Eichhorst, Schorfheide<\/strong><\/p>\n<p>Ungew\u00f6hnliche Bl\u00fctezeiten sind ein Warnsignal. Trockenheit, N\u00e4hrstoffmangel oder Sch\u00e4dlingsbefall k\u00f6nnen eine sogenannte Notbl\u00fcte ausl\u00f6sen. Mit dem Ausbilden von Samen versucht die Pflanze das \u00dcberleben der Art zu sichern. Verursacher ist die seit 1990\/91 bekannte <strong>Miniermotte<\/strong>. Sie stammt wie die Kastanie aus Albanien, Nordgriechenland und Makedonien. Das Fliegen mit dem Wind, aber auch Reisende stehen im Verdacht der rasanten Verbreitung nach ganz Europa.<\/p>\n<p style=\"clear: both; text-align: left; padding-top: 15px; font-size: 1pt; color: #ffffff;\">.<\/p>\n<figure id=\"attachment_1595\" aria-describedby=\"caption-attachment-1595\" style=\"width: 290px\" class=\"wp-caption alignleft\"><img loading=\"lazy\" class=\"size-full wp-image-1595\" src=\"http:\/\/www.rhizom.de\/wandern\/wp-content\/uploads\/2017\/09\/20170921_kastanienminimiermotte.jpg\" alt=\"Kastanienlaub von der Miniermotte befallen, Schorfheide 20.9.2017\" width=\"300\" height=\"225\" \/><figcaption id=\"caption-attachment-1595\" class=\"wp-caption-text\">Das Kastanienlaub von Miniermotte befallen<\/figcaption><\/figure>\n<p>Aus den Motteneiern schl\u00fcpfen nach 4 bis 21 Tagen die Raupen. Deren Fra\u00dfg\u00e4nge (Minen) unterbrechen die Wasserversorgung und damit die Photosynthese: die Bl\u00e4tter welken.<br \/>\nDie Puppen ertragen tiefen Frost, Vertrocknung, Vern\u00e4ssung und Verschimmelung der Bl\u00e4tter. Sie k\u00f6nnen bis zu drei Jahren \u00fcberwintern. Im Wald verbrennt niemand das alte Laub&#8230; Und wenn es dann zu wenig zu fressen gibt f\u00fcr die Brut? Bisher entwickeln sich die Raupen nur an der wei\u00df bl\u00fchenden Rosskastanie&#8230; Nat\u00fcrliche Feinde gibt es nicht bei uns. Ab und zu bessert eine Meise ihren Speiseplan damit auf. Eine Delikatesse scheint das nicht zu sein: Vogelscharen wurden nicht gesichtet.<\/p>\n<p style=\"clear: both; text-align: left; padding-top: 15px; font-size: 1pt; color: #ffffff;\">.<\/p>\n<figure id=\"attachment_1581\" aria-describedby=\"caption-attachment-1581\" style=\"width: 290px\" class=\"wp-caption alignleft\"><a href=\"http:\/\/www.rhizom.de\/wandern\/wp-content\/uploads\/2017\/09\/20170813-rhododendron-1.jpg\" target=\"_blank\" rel=\"noopener\"><img loading=\"lazy\" class=\"size-medium wp-image-1581\" src=\"http:\/\/www.rhizom.de\/wandern\/wp-content\/uploads\/2017\/09\/20170813-rhododendron-2-300x225.jpg\" alt=\"Rhododendron, Wiesenburg 13.August 2017\" width=\"300\" height=\"225\" srcset=\"http:\/\/www.rhizom.de\/wandern\/wp-content\/uploads\/2017\/09\/20170813-rhododendron-2-300x225.jpg 300w, http:\/\/www.rhizom.de\/wandern\/wp-content\/uploads\/2017\/09\/20170813-rhododendron-2-768x575.jpg 768w, http:\/\/www.rhizom.de\/wandern\/wp-content\/uploads\/2017\/09\/20170813-rhododendron-2.jpg 1024w\" sizes=\"(max-width: 300px) 100vw, 300px\" \/><\/a><figcaption id=\"caption-attachment-1581\" class=\"wp-caption-text\">Rhododendron, Wiesenburg 13.8.2017, mit Klick zur Notbl\u00fcte am gleichen Busch<\/figcaption><\/figure>\n<p>Die Liste der Neophyten in Deutschland (nicht nat\u00fcrlich vorkommende Pflanzen) ist lang. Kastanien geh\u00f6ren nicht in unsere W\u00e4lder. Oder ist der relativ junge, kleine Kastanienwald als Versuchsfl\u00e4che angelegt?<br \/>\nEs gibt ja auch willkommene Neophyten: nicht mit Glyphosat behandelt und auf kleinem Acker angebaut, schmeckt manches davon sogar pr\u00e4chtig!<\/p>\n<p><strong>13. August 2017. Bl\u00fchender Rhododendron<\/strong>: soo sch\u00f6n, aber auch die falsche Zeit! Ist es bei diesem tropischen Gew\u00e4chs der Klimawandel, der ihm ZU gut bekommt? Krank sieht der \u00fcppige Busch nicht aus.<\/p>\n","protected":false},"excerpt":{"rendered":"<p>20. September 2017 Bl\u00fchende Rosskastanien bei Eichhorst, Schorfheide Ungew\u00f6hnliche Bl\u00fctezeiten sind ein Warnsignal. Trockenheit, N\u00e4hrstoffmangel oder Sch\u00e4dlingsbefall k\u00f6nnen eine sogenannte Notbl\u00fcte ausl\u00f6sen. Mit dem Ausbilden von Samen versucht die Pflanze das \u00dcberleben der Art zu sichern. Verursacher ist die seit 1990\/91 bekannte Miniermotte. Sie stammt wie die Kastanie aus Albanien, Nordgriechenland und Makedonien. Das Fliegen &#8230; <a title=\"Neobiota\" class=\"read-more\" href=\"http:\/\/www.rhizom.de\/wandern\/2017\/09\/23\/neophyten\/\">Read more<\/a><\/p>\n","protected":false},"author":1,"featured_media":0,"comment_status":"open","ping_status":"open","sticky":false,"template":"","format":"standard","meta":{"generate_page_header":""},"categories":[43],"tags":[109],"_links":{"self":[{"href":"http:\/\/www.rhizom.de\/wandern\/wp-json\/wp\/v2\/posts\/1582"}],"collection":[{"href":"http:\/\/www.rhizom.de\/wandern\/wp-json\/wp\/v2\/posts"}],"about":[{"href":"http:\/\/www.rhizom.de\/wandern\/wp-json\/wp\/v2\/types\/post"}],"author":[{"embeddable":true,"href":"http:\/\/www.rhizom.de\/wandern\/wp-json\/wp\/v2\/users\/1"}],"replies":[{"embeddable":true,"href":"http:\/\/www.rhizom.de\/wandern\/wp-json\/wp\/v2\/comments?post=1582"}],"version-history":[{"count":53,"href":"http:\/\/www.rhizom.de\/wandern\/wp-json\/wp\/v2\/posts\/1582\/revisions"}],"predecessor-version":[{"id":15662,"href":"http:\/\/www.rhizom.de\/wandern\/wp-json\/wp\/v2\/posts\/1582\/revisions\/15662"}],"wp:attachment":[{"href":"http:\/\/www.rhizom.de\/wandern\/wp-json\/wp\/v2\/media?parent=1582"}],"wp:term":[{"taxonomy":"category","embeddable":true,"href":"http:\/\/www.rhizom.de\/wandern\/wp-json\/wp\/v2\/categories?post=1582"},{"taxonomy":"post_tag","embeddable":true,"href":"http:\/\/www.rhizom.de\/wandern\/wp-json\/wp\/v2\/tags?post=1582"}],"curies":[{"name":"wp","href":"https:\/\/api.w.org\/{rel}","templated":true}]}}