{"id":17209,"date":"2020-05-07T10:39:09","date_gmt":"2020-05-07T08:39:09","guid":{"rendered":"http:\/\/www.rhizom.de\/wandern\/?p=17209"},"modified":"2020-05-08T10:59:36","modified_gmt":"2020-05-08T08:59:36","slug":"nsg-mahnigsee-dahmetal","status":"publish","type":"post","link":"http:\/\/www.rhizom.de\/wandern\/2020\/05\/07\/nsg-mahnigsee-dahmetal\/","title":{"rendered":"Dahmetal und Dahmeland"},"content":{"rendered":"<p><strong>3. und 5. Mai 2020, jeweils ca. 15 km im NSG Mahnigsee-Dahmetal. Vorgespurt von Eckhard Knauer (WSV Rotation Berlin), mehr oder weniger gefolgt in &#8220;doppeltem Solo&#8221;.<\/strong><\/p>\n<h2>Der Kessel von Halbe<\/h2>\n<p><a href=\"http:\/\/www.rhizom.de\/wandern\/wp-content\/uploads\/2020\/05\/20200505-75-Jahre-Kessel-von-Halbe.jpg\" target=\"_blank\" rel=\"noopener\"><img loading=\"lazy\" class=\"aligncenter size-full wp-image-17211\" title=\"8. Mai 1945. Tag der Befreiung Deutschlands vom Nationalsozialismus\" src=\"http:\/\/www.rhizom.de\/wandern\/wp-content\/uploads\/2020\/05\/20200505-75-Jahre-Kessel-von-Halbe.jpg\" alt=\"Kessel-von-Halbe. 8. Mai 1945. Tag der Befreiung Deutschlands vom Nationalsozialismus\" width=\"768\" height=\"444\" srcset=\"http:\/\/www.rhizom.de\/wandern\/wp-content\/uploads\/2020\/05\/20200505-75-Jahre-Kessel-von-Halbe.jpg 768w, http:\/\/www.rhizom.de\/wandern\/wp-content\/uploads\/2020\/05\/20200505-75-Jahre-Kessel-von-Halbe-300x173.jpg 300w\" sizes=\"(max-width: 768px) 100vw, 768px\" \/><\/a><br \/>\nZwischen Halbe und M\u00e4rkisch Buchholz: Erinnerung an die Kesselschlacht vom 24. bis 28. April 1945. Vor 75 Jahren. Der 8. Mai war offizielles Ende des Zweiten Weltkrieges. Tag der Befreiung vom Nationalsozialismus.<\/p>\n<p><a href=\"http:\/\/www.rhizom.de\/wandern\/wp-content\/uploads\/2020\/05\/20200505-Kessel-von-Halbe.jpg\" target=\"_blank\" rel=\"noopener\"><img loading=\"lazy\" class=\"aligncenter size-full wp-image-17212\" title=\"Wider das Vergessen\" src=\"http:\/\/www.rhizom.de\/wandern\/wp-content\/uploads\/2020\/05\/20200505-Kessel-von-Halbe.jpg\" alt=\"Wider das Vergessen\" width=\"768\" height=\"444\" srcset=\"http:\/\/www.rhizom.de\/wandern\/wp-content\/uploads\/2020\/05\/20200505-Kessel-von-Halbe.jpg 768w, http:\/\/www.rhizom.de\/wandern\/wp-content\/uploads\/2020\/05\/20200505-Kessel-von-Halbe-300x173.jpg 300w\" sizes=\"(max-width: 768px) 100vw, 768px\" \/><\/a><br \/>\nVersinken im weichen Moos. Jeder Laut wird geschluckt. Die Baumst\u00e4mme wie die endlose Eint\u00f6nigkeit von Massengr\u00e4bern. Bis heute Bergung sterblicher \u00dcberreste. T\u00e4ter und sinnlose Opfer. Youtube-Beitr\u00e4ge offerieren aus dem Boden gescharrte Relikte.<\/p>\n<p><a href=\"http:\/\/www.rhizom.de\/wandern\/wp-content\/uploads\/2020\/05\/20200505-Halbe-ausgetrocknete-Senke.jpg\" target=\"_blank\" rel=\"noopener\"><img loading=\"lazy\" class=\"aligncenter size-full wp-image-17213\" title=\"ausgetrocknete Senke\" src=\"http:\/\/www.rhizom.de\/wandern\/wp-content\/uploads\/2020\/05\/20200505-Halbe-ausgetrocknete-Senke.jpg\" alt=\"ausgetrocknete Senke\" width=\"768\" height=\"444\" srcset=\"http:\/\/www.rhizom.de\/wandern\/wp-content\/uploads\/2020\/05\/20200505-Halbe-ausgetrocknete-Senke.jpg 768w, http:\/\/www.rhizom.de\/wandern\/wp-content\/uploads\/2020\/05\/20200505-Halbe-ausgetrocknete-Senke-300x173.jpg 300w\" sizes=\"(max-width: 768px) 100vw, 768px\" \/><\/a><br \/>\nDas Vergessen in der Natur. Auf Google Maps erkennbar: von West nach Ost verlaufende Senken und\u00a0kleine, moorige Fl\u00e4chen bis zum Mahnigsee.<\/p>\n<p><a href=\"http:\/\/www.rhizom.de\/wandern\/wp-content\/uploads\/2020\/05\/20200505-Halbe-Sumpfvergissmeinnicht.jpg\" target=\"_blank\" rel=\"noopener\"><img loading=\"lazy\" class=\"aligncenter size-full wp-image-17214\" title=\"Vergissmeinnicht\" src=\"http:\/\/www.rhizom.de\/wandern\/wp-content\/uploads\/2020\/05\/20200505-Halbe-Sumpfvergissmeinnicht.jpg\" alt=\"Vergissmeinnicht\" width=\"768\" height=\"444\" srcset=\"http:\/\/www.rhizom.de\/wandern\/wp-content\/uploads\/2020\/05\/20200505-Halbe-Sumpfvergissmeinnicht.jpg 768w, http:\/\/www.rhizom.de\/wandern\/wp-content\/uploads\/2020\/05\/20200505-Halbe-Sumpfvergissmeinnicht-300x173.jpg 300w\" sizes=\"(max-width: 768px) 100vw, 768px\" \/><\/a><br \/>\nEin Kolk, teilweise wahrscheinlich aufgegraben und aufgesch\u00fcttet: Lockstelle f\u00fcr das Wild.<\/p>\n<p><a href=\"http:\/\/www.rhizom.de\/wandern\/wp-content\/uploads\/2020\/05\/20200505-Halbe-sumpfig.jpg\" target=\"_blank\" rel=\"noopener\"><img loading=\"lazy\" class=\"aligncenter size-full wp-image-17215\" title=\"Aufgegrabener Kolk\" src=\"http:\/\/www.rhizom.de\/wandern\/wp-content\/uploads\/2020\/05\/20200505-Halbe-sumpfig.jpg\" alt=\"Aufgegrabener Kolk\" width=\"768\" height=\"444\" srcset=\"http:\/\/www.rhizom.de\/wandern\/wp-content\/uploads\/2020\/05\/20200505-Halbe-sumpfig.jpg 768w, http:\/\/www.rhizom.de\/wandern\/wp-content\/uploads\/2020\/05\/20200505-Halbe-sumpfig-300x173.jpg 300w\" sizes=\"(max-width: 768px) 100vw, 768px\" \/><\/a><br \/>\nDas Vergessen im Alltag. \u00dcberall hier das Gewehr heben und auf Lebendiges zielen. Blut.<\/p>\n<p><a href=\"http:\/\/www.rhizom.de\/wandern\/wp-content\/uploads\/2020\/05\/20200505-Halbe-Senke.jpg\" target=\"_blank\" rel=\"noopener\"><img loading=\"lazy\" class=\"aligncenter size-full wp-image-17216\" title=\"Senke Richtung Mahnigsee\" src=\"http:\/\/www.rhizom.de\/wandern\/wp-content\/uploads\/2020\/05\/20200505-Halbe-Senke.jpg\" alt=\"Senke Richtung Mahnigsee\" width=\"768\" height=\"444\" srcset=\"http:\/\/www.rhizom.de\/wandern\/wp-content\/uploads\/2020\/05\/20200505-Halbe-Senke.jpg 768w, http:\/\/www.rhizom.de\/wandern\/wp-content\/uploads\/2020\/05\/20200505-Halbe-Senke-300x173.jpg 300w\" sizes=\"(max-width: 768px) 100vw, 768px\" \/><\/a><br \/>\nSp\u00e4ter die Jagdgenossenschaftler, sammeln sich in den Dahmewiesen am anderen Ufer. Blicke durchs Autofenster \u00fcber die ich nicht nachdenken will. Corona-Ausgehsperre f\u00fcr Normalos ohne triftigen Grund. Jagd und Angelsport ausdr\u00fccklich JA. Wandern? Alles unklar.<\/p>\n<p><a href=\"http:\/\/www.rhizom.de\/wandern\/wp-content\/uploads\/2020\/05\/20200505-Einstand.jpg\" target=\"_blank\" rel=\"noopener\"><img loading=\"lazy\" class=\"aligncenter size-full wp-image-17217\" title=\"Einstand\" src=\"http:\/\/www.rhizom.de\/wandern\/wp-content\/uploads\/2020\/05\/20200505-Einstand.jpg\" alt=\"Einstand\" width=\"768\" height=\"444\" srcset=\"http:\/\/www.rhizom.de\/wandern\/wp-content\/uploads\/2020\/05\/20200505-Einstand.jpg 768w, http:\/\/www.rhizom.de\/wandern\/wp-content\/uploads\/2020\/05\/20200505-Einstand-300x173.jpg 300w\" sizes=\"(max-width: 768px) 100vw, 768px\" \/><\/a><\/p>\n<h2>Naturschutzgebiet Mahnigsee-Dahmetal<\/h2>\n<p><a href=\"http:\/\/www.rhizom.de\/wandern\/wp-content\/uploads\/2020\/05\/20200505-Dahmetal-bei-Teurow.jpg\" target=\"_blank\" rel=\"noopener\"><img loading=\"lazy\" class=\"aligncenter size-full wp-image-17218\" title=\"Dahmetal bei Teurow\" src=\"http:\/\/www.rhizom.de\/wandern\/wp-content\/uploads\/2020\/05\/20200505-Dahmetal-bei-Teurow.jpg\" alt=\"Dahmetal bei Teurow\" width=\"768\" height=\"444\" srcset=\"http:\/\/www.rhizom.de\/wandern\/wp-content\/uploads\/2020\/05\/20200505-Dahmetal-bei-Teurow.jpg 768w, http:\/\/www.rhizom.de\/wandern\/wp-content\/uploads\/2020\/05\/20200505-Dahmetal-bei-Teurow-300x173.jpg 300w\" sizes=\"(max-width: 768px) 100vw, 768px\" \/><\/a><br \/>\nDie m\u00e4andernde Dahme und der Mahnigsee schimmern nur an wenigen Stellen durch die B\u00e4ume. Die Wiesen sind Weideland. Um den Mahnigsee weitgehende Verbuschung.<\/p>\n<p><a href=\"http:\/\/www.rhizom.de\/wandern\/wp-content\/uploads\/2020\/05\/20200503-Mahnigsee.jpg\" target=\"_blank\" rel=\"noopener\"><img loading=\"lazy\" class=\"aligncenter size-full wp-image-17219\" title=\"Mahnigsee\" src=\"http:\/\/www.rhizom.de\/wandern\/wp-content\/uploads\/2020\/05\/20200503-Mahnigsee.jpg\" alt=\"Mahnigsee\" width=\"768\" height=\"444\" srcset=\"http:\/\/www.rhizom.de\/wandern\/wp-content\/uploads\/2020\/05\/20200503-Mahnigsee.jpg 768w, http:\/\/www.rhizom.de\/wandern\/wp-content\/uploads\/2020\/05\/20200503-Mahnigsee-300x173.jpg 300w\" sizes=\"(max-width: 768px) 100vw, 768px\" \/><\/a><br \/>\nDer Mahnigsee ist der Dahme zwischen Teurow und M\u00e4rkisch Buchholz westlich mittig vorgelagert. Richtung Nord ein kurzer Stichpfad im ausgetrockneten Sumpfland.<\/p>\n<p><a href=\"http:\/\/www.rhizom.de\/wandern\/wp-content\/uploads\/2020\/05\/20200503-moorig-am-Mahnigsee.jpg\" target=\"_blank\" rel=\"noopener\"><img loading=\"lazy\" class=\"aligncenter size-full wp-image-17220\" title=\"Mahnigsee. Mooriges Ufer\" src=\"http:\/\/www.rhizom.de\/wandern\/wp-content\/uploads\/2020\/05\/20200503-moorig-am-Mahnigsee.jpg\" alt=\"Mooriges Ufer. Mahnigsee\" width=\"768\" height=\"444\" srcset=\"http:\/\/www.rhizom.de\/wandern\/wp-content\/uploads\/2020\/05\/20200503-moorig-am-Mahnigsee.jpg 768w, http:\/\/www.rhizom.de\/wandern\/wp-content\/uploads\/2020\/05\/20200503-moorig-am-Mahnigsee-300x173.jpg 300w\" sizes=\"(max-width: 768px) 100vw, 768px\" \/><\/a><br \/>\nDas NSG geh\u00f6rt zum FFH Dahmetal, europ\u00e4isches Schutzgebiet nach der Fauna-Flora-Habitat-Richtlinie.<\/p>\n<p><a href=\"http:\/\/www.rhizom.de\/wandern\/wp-content\/uploads\/2020\/05\/20200503-Mahnigsee-Mummel.jpg\" target=\"_blank\" rel=\"noopener\"><img loading=\"lazy\" class=\"aligncenter size-full wp-image-17243\" title=\"Mummeln im Mahnigsee\" src=\"http:\/\/www.rhizom.de\/wandern\/wp-content\/uploads\/2020\/05\/20200503-Mahnigsee-Mummel.jpg\" alt=\"Mummeln im Mahnigsee\" width=\"768\" height=\"444\" srcset=\"http:\/\/www.rhizom.de\/wandern\/wp-content\/uploads\/2020\/05\/20200503-Mahnigsee-Mummel.jpg 768w, http:\/\/www.rhizom.de\/wandern\/wp-content\/uploads\/2020\/05\/20200503-Mahnigsee-Mummel-300x173.jpg 300w\" sizes=\"(max-width: 768px) 100vw, 768px\" \/><\/a><\/p>\n<h2>Von M\u00e4rkisch Buchholz nach Oderin<\/h2>\n<p><a href=\"http:\/\/www.rhizom.de\/wandern\/wp-content\/uploads\/2020\/05\/20200503-gegenueber-Maerkisch-Buchholz.jpg\" target=\"_blank\" rel=\"noopener\"><img loading=\"lazy\" class=\"aligncenter title=\" title=\"Gegen\u00fcber: M\u00e4rkisch Buchholz\" src=\"http:\/\/www.rhizom.de\/wandern\/wp-content\/uploads\/2020\/05\/20200503-gegenueber-Maerkisch-Buchholz.jpg\" alt=\"Gegen\u00fcber: M\u00e4rkisch Buchholz\" width=\"768\" height=\"444\" \/><\/a><br \/>\nAm Zusammenfluss der m\u00e4andernden Dahme mit der Dahme-Wasserstra\u00dfe f\u00fchrt ein Holzbr\u00fccklein in die Wiesen.<\/p>\n<p><a href=\"http:\/\/www.rhizom.de\/wandern\/wp-content\/uploads\/2020\/05\/20200503-Maerkisch-Buchholz-Bruecke.jpg\" target=\"_blank\" rel=\"noopener\"><img loading=\"lazy\" class=\"aligncenter size-full wp-image-17242\" title=\"Versteckte Holzbr\u00fccke in die Dahmewiesen\" src=\"http:\/\/www.rhizom.de\/wandern\/wp-content\/uploads\/2020\/05\/20200503-Maerkisch-Buchholz-Bruecke.jpg\" alt=\"Versteckte Holzbr\u00fccke in die Dahmewiesen\" width=\"768\" height=\"444\" srcset=\"http:\/\/www.rhizom.de\/wandern\/wp-content\/uploads\/2020\/05\/20200503-Maerkisch-Buchholz-Bruecke.jpg 768w, http:\/\/www.rhizom.de\/wandern\/wp-content\/uploads\/2020\/05\/20200503-Maerkisch-Buchholz-Bruecke-300x173.jpg 300w\" sizes=\"(max-width: 768px) 100vw, 768px\" \/><\/a><br \/>\nDer Dahme-Umflutkanal: ein m\u00f6gliches Abflussgebiet der Spree. Deutlich ist an der Landspitze das Ineinanderflie\u00dfen der Wasser zu erkennen.<\/p>\n<p><a href=\"http:\/\/www.rhizom.de\/wandern\/wp-content\/uploads\/2020\/05\/20200503-Maerkisch-Buchholz-Zusammenfluss.jpg\" target=\"_blank\" rel=\"noopener\"><img loading=\"lazy\" class=\"aligncenter size-full wp-image-17235\" title=\"Zusammenfluss von Dahme und Dahme-Wasserstra\u00dfe\" src=\"http:\/\/www.rhizom.de\/wandern\/wp-content\/uploads\/2020\/05\/20200503-Maerkisch-Buchholz-Zusammenfluss.jpg\" alt=\"Zusammenfluss von Dahme und Dahme-Wasserstra\u00dfe\" width=\"768\" height=\"444\" srcset=\"http:\/\/www.rhizom.de\/wandern\/wp-content\/uploads\/2020\/05\/20200503-Maerkisch-Buchholz-Zusammenfluss.jpg 768w, http:\/\/www.rhizom.de\/wandern\/wp-content\/uploads\/2020\/05\/20200503-Maerkisch-Buchholz-Zusammenfluss-300x173.jpg 300w\" sizes=\"(max-width: 768px) 100vw, 768px\" \/><br \/>\n<\/a>Das Stufen- oder \u00dcberfallwehr mit eingebauten Aalleitern &#8211; stolze Auskunft eines Anglers. Aha. Das lohnt wohl.<\/p>\n<p><a href=\"http:\/\/www.rhizom.de\/wandern\/wp-content\/uploads\/2020\/05\/20200503-Maerkisch-Buchholz-Wehr.jpg\" target=\"_blank\" rel=\"noopener\"><img loading=\"lazy\" class=\"aligncenter size-full wp-image-17234\" title=\"M\u00e4rkisch Buchholz, Wehr\" src=\"http:\/\/www.rhizom.de\/wandern\/wp-content\/uploads\/2020\/05\/20200503-Maerkisch-Buchholz-Wehr.jpg\" alt=\"M\u00e4rkisch Buchholz, Wehr\" width=\"768\" height=\"444\" srcset=\"http:\/\/www.rhizom.de\/wandern\/wp-content\/uploads\/2020\/05\/20200503-Maerkisch-Buchholz-Wehr.jpg 768w, http:\/\/www.rhizom.de\/wandern\/wp-content\/uploads\/2020\/05\/20200503-Maerkisch-Buchholz-Wehr-300x173.jpg 300w\" sizes=\"(max-width: 768px) 100vw, 768px\" \/><\/a><br \/>\nDie Bootsschleppe. Der Kanusport fristet ein kl\u00e4gliches Corona-Dasein.<\/p>\n<p><a href=\"http:\/\/www.rhizom.de\/wandern\/wp-content\/uploads\/2020\/05\/20200503-Maerkisch-Buchholz-Bootsschleppe.jpg\" target=\"_blank\" rel=\"noopener\"><img loading=\"lazy\" class=\"aligncenter size-full wp-image-17224\" title=\"M\u00e4rkisch Buchholz, Bootsschleppe\" src=\"http:\/\/www.rhizom.de\/wandern\/wp-content\/uploads\/2020\/05\/20200503-Maerkisch-Buchholz-Bootsschleppe.jpg\" alt=\"M\u00e4rkisch Buchholz, Bootsschleppe\" width=\"768\" height=\"444\" srcset=\"http:\/\/www.rhizom.de\/wandern\/wp-content\/uploads\/2020\/05\/20200503-Maerkisch-Buchholz-Bootsschleppe.jpg 768w, http:\/\/www.rhizom.de\/wandern\/wp-content\/uploads\/2020\/05\/20200503-Maerkisch-Buchholz-Bootsschleppe-300x173.jpg 300w\" sizes=\"(max-width: 768px) 100vw, 768px\" \/><\/a><br \/>\nNoch einmal am Dahmetal entlang, nun flussaufw\u00e4rts.<\/p>\n<p><a href=\"http:\/\/www.rhizom.de\/wandern\/wp-content\/uploads\/2020\/05\/20200503-Dahmetal-rechtsseitig.jpg\" target=\"_blank\" rel=\"noopener\"><img loading=\"lazy\" class=\"aligncenter size-full wp-image-17225\" title=\"Dahmetal, rechtsseitig\" src=\"http:\/\/www.rhizom.de\/wandern\/wp-content\/uploads\/2020\/05\/20200503-Dahmetal-rechtsseitig.jpg\" alt=\"Dahmetal, rechtsseitig\" width=\"768\" height=\"444\" srcset=\"http:\/\/www.rhizom.de\/wandern\/wp-content\/uploads\/2020\/05\/20200503-Dahmetal-rechtsseitig.jpg 768w, http:\/\/www.rhizom.de\/wandern\/wp-content\/uploads\/2020\/05\/20200503-Dahmetal-rechtsseitig-300x173.jpg 300w\" sizes=\"(max-width: 768px) 100vw, 768px\" \/><\/a><br \/>\nDann quer durch zum Oderiner See. In der Ferne Tropical Island.<\/p>\n<p><a href=\"http:\/\/www.rhizom.de\/wandern\/wp-content\/uploads\/2020\/05\/20200503-Oderiner-See.jpg\" target=\"_blank\" rel=\"noopener\"><img loading=\"lazy\" class=\"aligncenter size-full wp-image-17227\" title=\"Oderiner See, Ostufer\" src=\"http:\/\/www.rhizom.de\/wandern\/wp-content\/uploads\/2020\/05\/20200503-Oderiner-See.jpg\" alt=\"Oderiner See, Ostufer\" width=\"768\" height=\"444\" srcset=\"http:\/\/www.rhizom.de\/wandern\/wp-content\/uploads\/2020\/05\/20200503-Oderiner-See.jpg 768w, http:\/\/www.rhizom.de\/wandern\/wp-content\/uploads\/2020\/05\/20200503-Oderiner-See-300x173.jpg 300w\" sizes=\"(max-width: 768px) 100vw, 768px\" \/><\/a><\/p>\n<p><a href=\"http:\/\/www.rhizom.de\/wandern\/wp-content\/uploads\/2020\/05\/20200503-am-Oderiner-Seegraben.jpg\" target=\"_blank\" rel=\"noopener\"><img loading=\"lazy\" class=\"aligncenter size-full wp-image-17241\" title=\"Am Oderiner Seegraben\" src=\"http:\/\/www.rhizom.de\/wandern\/wp-content\/uploads\/2020\/05\/20200503-am-Oderiner-Seegraben.jpg\" alt=\"Am Oderiner Seegraben\" width=\"768\" height=\"444\" srcset=\"http:\/\/www.rhizom.de\/wandern\/wp-content\/uploads\/2020\/05\/20200503-am-Oderiner-Seegraben.jpg 768w, http:\/\/www.rhizom.de\/wandern\/wp-content\/uploads\/2020\/05\/20200503-am-Oderiner-Seegraben-300x173.jpg 300w\" sizes=\"(max-width: 768px) 100vw, 768px\" \/><\/a><\/p>\n<h2>Die F\u00e4hrten des hungrigen Wolfes<\/h2>\n<p>Zwei Tage sp\u00e4ter alles noch einmal ohne den unsicheren Zaun-Abzweig zum Oderiner See. Die Idee: einen Bogen gleich zum Bahnhof schlagen. Neues erkunden. Die Wege verlaufen eigenwillig. Eine unendliche Stra\u00dfe. Wieder diese Kriegserinnerung. Doch es ist nur die ehemalige Handelsstra\u00dfe Berlin &#8211; L\u00fcbben.<\/p>\n<p><a href=\"http:\/\/www.rhizom.de\/wandern\/wp-content\/uploads\/2020\/05\/20200505-Gedenkstein-Hungriger-Wolf.jpg\" target=\"_blank\" rel=\"noopener\"><img loading=\"lazy\" class=\"aligncenter size-full wp-image-17233\" title=\"Gedenkstein &quot;Hungriger Wolf&quot;\" src=\"http:\/\/www.rhizom.de\/wandern\/wp-content\/uploads\/2020\/05\/20200505-Gedenkstein-Hungriger-Wolf.jpg\" alt=\"Gedenkstein &quot;Hungriger Wolf&quot;\" width=\"768\" height=\"444\" srcset=\"http:\/\/www.rhizom.de\/wandern\/wp-content\/uploads\/2020\/05\/20200505-Gedenkstein-Hungriger-Wolf.jpg 768w, http:\/\/www.rhizom.de\/wandern\/wp-content\/uploads\/2020\/05\/20200505-Gedenkstein-Hungriger-Wolf-300x173.jpg 300w\" sizes=\"(max-width: 768px) 100vw, 768px\" \/><\/a><br \/>\nB\u00f6se Ahnung an der W\u00fcstung Gasthaus &#8220;Hungriger Wolf&#8221;. W\u00f6lfe laufen unter Umst\u00e4nden 70 Kilometer nach einer Maus. Im Gedenkstein: Himmelsrichtungen ohne Wohin. Breit und gerade nach \u00dcberall. Asphaltiert oder Schotter, trotzdem nichtmal ein Radfahrer. Zur Sicherheit: kein Richtungswechsel mehr. S\u00fcd, S\u00fcd. Doch nicht etwa parallel zur Bahn? Die B\u00e4ume rauschen wie Stra\u00dfenverkehr.<\/p>\n<p><a href=\"http:\/\/www.rhizom.de\/wandern\/wp-content\/uploads\/2020\/05\/20200505-Poststrasse-Berlin-Luebben.jpg\" target=\"_blank\" rel=\"noopener\"><img loading=\"lazy\" class=\"aligncenter size-full wp-image-17232\" title=\"Handelsstra\u00dfe Berlin - L\u00fcbben\" src=\"http:\/\/www.rhizom.de\/wandern\/wp-content\/uploads\/2020\/05\/20200505-Poststrasse-Berlin-Luebben.jpg\" alt=\"Handelsstra\u00dfe Berlin - L\u00fcbben\" width=\"768\" height=\"444\" srcset=\"http:\/\/www.rhizom.de\/wandern\/wp-content\/uploads\/2020\/05\/20200505-Poststrasse-Berlin-Luebben.jpg 768w, http:\/\/www.rhizom.de\/wandern\/wp-content\/uploads\/2020\/05\/20200505-Poststrasse-Berlin-Luebben-300x173.jpg 300w\" sizes=\"(max-width: 768px) 100vw, 768px\" \/><\/a><br \/>\nIch setze Handy-Hilferufe ab. Aber ehe <a href=\"https:\/\/www.lr-online.de\/lausitz\/luebben\/lausitzer-woelfe-mal-anders-fast-vergessen_-der-hungrige-wolf-im-unterspreewald-38045378.html\" target=\"_blank\" rel=\"noopener\"> der hungrige Wolf gefunden<\/a>, bin ich l\u00e4ngst weit. Gef\u00fchlsm\u00e4\u00dfig m\u00fcsste ich auf Tropical Island sto\u00dfen.<br \/>\nIn der Ferne eine leuchtend gelbe Maschine. Die Baumst\u00e4mme fliegen wie Streichh\u00f6lzer. Mich zu n\u00e4hern, w\u00e4re Selbstmord.<\/p>\n<p><a href=\"http:\/\/www.rhizom.de\/wandern\/wp-content\/uploads\/2020\/05\/20200505-Waldumbau.jpg\" target=\"_blank\" rel=\"noopener\"><img loading=\"lazy\" class=\"aligncenter size-full wp-image-17230\" title=\"Waldumbau\" src=\"http:\/\/www.rhizom.de\/wandern\/wp-content\/uploads\/2020\/05\/20200505-Waldumbau.jpg\" alt=\"Waldumbau mit Ponsse\" width=\"768\" height=\"444\" srcset=\"http:\/\/www.rhizom.de\/wandern\/wp-content\/uploads\/2020\/05\/20200505-Waldumbau.jpg 768w, http:\/\/www.rhizom.de\/wandern\/wp-content\/uploads\/2020\/05\/20200505-Waldumbau-300x173.jpg 300w\" sizes=\"(max-width: 768px) 100vw, 768px\" \/><\/a><br \/>\nZeit zum Nachsinnen. Faszinierend das intelligente Dinotier: wendig, problemlos steil hoch, runter, zur Seite rechts, zur Seite links, den Hals geschwenkt und in Sekunden eine Stangenkiefer gefressen. Gezielter Waldumbau mit &#8220;Ponsse&#8221; (finnischer Forstmaschinenhersteller): bewundernswert funktional. Die Kosten solcher Wunder-Maschinchen m\u00fcssen sich allerdings erst einmal amortisieren.<\/p>\n<p><a href=\"http:\/\/www.rhizom.de\/wandern\/wp-content\/uploads\/2020\/05\/20200505-Dino.jpg\" target=\"_blank\" rel=\"noopener\"><img loading=\"lazy\" class=\"aligncenter size-full wp-image-17252\" title=\"Umbau des Brandenburger Landeswaldes\" src=\"http:\/\/www.rhizom.de\/wandern\/wp-content\/uploads\/2020\/05\/20200505-Dino.jpg\" alt=\"Umbau des Brandenburger Landeswaldes\" width=\"768\" height=\"444\" srcset=\"http:\/\/www.rhizom.de\/wandern\/wp-content\/uploads\/2020\/05\/20200505-Dino.jpg 768w, http:\/\/www.rhizom.de\/wandern\/wp-content\/uploads\/2020\/05\/20200505-Dino-300x173.jpg 300w\" sizes=\"(max-width: 768px) 100vw, 768px\" \/><\/a><\/p>\n<p>Alles Landeswald. Wie einst der Tesla-Wald. Dessen Erl\u00f6s k\u00e4me auch dem Landesbetrieb Forst Brandenburg zugute. Politisch falsch spekuliert: Holz in Zeiten der Corona-Sperre ist nicht verk\u00e4uflich nach China oder \u00dcbersee. Global Sense, \u00fcberall &#8220;first&#8230;&#8221;, gern im Regenwald. Weltweit f\u00fcr &#8220;Arbeitspl\u00e4tze&#8221;, &#8220;Entwicklung&#8221;. Bei uns f\u00fcr den eigenen\u00a0 Luxusschlitten &#8211; oder was fehlt noch?<\/p>\n<p><a href=\"http:\/\/www.rhizom.de\/wandern\/wp-content\/uploads\/2020\/05\/20200505-Forstmaschine.jpg\" target=\"_blank\" rel=\"noopener\"><img loading=\"lazy\" class=\"aligncenter size-full wp-image-17228\" title=\"Ponsse Forstmaschine\" src=\"http:\/\/www.rhizom.de\/wandern\/wp-content\/uploads\/2020\/05\/20200505-Forstmaschine.jpg\" alt=\"Ponsse Forstmaschine\" width=\"768\" height=\"444\" srcset=\"http:\/\/www.rhizom.de\/wandern\/wp-content\/uploads\/2020\/05\/20200505-Forstmaschine.jpg 768w, http:\/\/www.rhizom.de\/wandern\/wp-content\/uploads\/2020\/05\/20200505-Forstmaschine-300x173.jpg 300w\" sizes=\"(max-width: 768px) 100vw, 768px\" \/><\/a><br \/>\nWo bin ich nun: n\u00f6rdlich Aussichtsturm Wehlaberg, irgendwo ein Grenzstein zwischen Preu\u00dfen und Sachsen, s\u00fcdlich Moor, westlich Tropical Island mit Blindg\u00e4ngern und Munitionsresten jenseits der Waldautobahnwege. Egal welche Richtung, alles ohne Gew\u00e4hr.<\/p>\n<p><a href=\"http:\/\/www.rhizom.de\/wandern\/wp-content\/uploads\/2020\/05\/20200505-Brand.jpg\" target=\"_blank\" rel=\"noopener\"><img loading=\"lazy\" class=\"aligncenter size-full wp-image-17229\" title=\"Brand\" src=\"http:\/\/www.rhizom.de\/wandern\/wp-content\/uploads\/2020\/05\/20200505-Brand.jpg\" alt=\"Brand\" width=\"768\" height=\"444\" srcset=\"http:\/\/www.rhizom.de\/wandern\/wp-content\/uploads\/2020\/05\/20200505-Brand.jpg 768w, http:\/\/www.rhizom.de\/wandern\/wp-content\/uploads\/2020\/05\/20200505-Brand-300x173.jpg 300w\" sizes=\"(max-width: 768px) 100vw, 768px\" \/><\/a><br \/>\nFeierabend. Ich genie\u00dfe Sightseeing durch einen unglaublich strukturierten Wegewald bis zur Mond-Utopie Tropical Island inmitten von Landebahnen, verlassenen Hangars, Hausruinen. <a href=\"http:\/\/www.rhizom.de\/wandern\/2020\/01\/30\/waldspaziergang-gegen-tesla\/\">Wieder der Gedanke an Teslas Gigafabrik<\/a>. Metropolis. 4000 Arbeitspl\u00e4tze.<\/p>\n<p>Bahnhof Brand. Der Brand &#8211; so der Name des Waldgebietes hier.<\/p>\n<p><a href=\"http:\/\/www.rhizom.de\/wandern\/wp-content\/uploads\/2020\/05\/20200505-Ginster.jpg\" target=\"_blank\" rel=\"noopener\"><img loading=\"lazy\" class=\"aligncenter size-full wp-image-17240\" title=\"\u00dcppig bl\u00fcht der Ginster\" src=\"http:\/\/www.rhizom.de\/wandern\/wp-content\/uploads\/2020\/05\/20200505-Ginster.jpg\" alt=\"\u00dcppig bl\u00fcht der Ginster\" width=\"768\" height=\"444\" srcset=\"http:\/\/www.rhizom.de\/wandern\/wp-content\/uploads\/2020\/05\/20200505-Ginster.jpg 768w, http:\/\/www.rhizom.de\/wandern\/wp-content\/uploads\/2020\/05\/20200505-Ginster-300x173.jpg 300w\" sizes=\"(max-width: 768px) 100vw, 768px\" \/><\/a><\/p>\n","protected":false},"excerpt":{"rendered":"<p>3. und 5. Mai 2020, jeweils ca. 15 km im NSG Mahnigsee-Dahmetal. Vorgespurt von Eckhard Knauer (WSV Rotation Berlin), mehr oder weniger gefolgt in &#8220;doppeltem Solo&#8221;. Der Kessel von Halbe Zwischen Halbe und M\u00e4rkisch Buchholz: Erinnerung an die Kesselschlacht vom 24. bis 28. April 1945. Vor 75 Jahren. Der 8. Mai war offizielles Ende des &#8230; <a title=\"Dahmetal und Dahmeland\" class=\"read-more\" href=\"http:\/\/www.rhizom.de\/wandern\/2020\/05\/07\/nsg-mahnigsee-dahmetal\/\">Read more<\/a><\/p>\n","protected":false},"author":1,"featured_media":0,"comment_status":"open","ping_status":"open","sticky":false,"template":"","format":"standard","meta":{"generate_page_header":""},"categories":[5],"tags":[],"_links":{"self":[{"href":"http:\/\/www.rhizom.de\/wandern\/wp-json\/wp\/v2\/posts\/17209"}],"collection":[{"href":"http:\/\/www.rhizom.de\/wandern\/wp-json\/wp\/v2\/posts"}],"about":[{"href":"http:\/\/www.rhizom.de\/wandern\/wp-json\/wp\/v2\/types\/post"}],"author":[{"embeddable":true,"href":"http:\/\/www.rhizom.de\/wandern\/wp-json\/wp\/v2\/users\/1"}],"replies":[{"embeddable":true,"href":"http:\/\/www.rhizom.de\/wandern\/wp-json\/wp\/v2\/comments?post=17209"}],"version-history":[{"count":21,"href":"http:\/\/www.rhizom.de\/wandern\/wp-json\/wp\/v2\/posts\/17209\/revisions"}],"predecessor-version":[{"id":17250,"href":"http:\/\/www.rhizom.de\/wandern\/wp-json\/wp\/v2\/posts\/17209\/revisions\/17250"}],"wp:attachment":[{"href":"http:\/\/www.rhizom.de\/wandern\/wp-json\/wp\/v2\/media?parent=17209"}],"wp:term":[{"taxonomy":"category","embeddable":true,"href":"http:\/\/www.rhizom.de\/wandern\/wp-json\/wp\/v2\/categories?post=17209"},{"taxonomy":"post_tag","embeddable":true,"href":"http:\/\/www.rhizom.de\/wandern\/wp-json\/wp\/v2\/tags?post=17209"}],"curies":[{"name":"wp","href":"https:\/\/api.w.org\/{rel}","templated":true}]}}