{"id":17319,"date":"2020-05-14T16:32:12","date_gmt":"2020-05-14T14:32:12","guid":{"rendered":"http:\/\/www.rhizom.de\/wandern\/?p=17319"},"modified":"2020-05-26T08:56:27","modified_gmt":"2020-05-26T06:56:27","slug":"kersdorfer-schleuse","status":"publish","type":"post","link":"http:\/\/www.rhizom.de\/wandern\/2020\/05\/14\/kersdorfer-schleuse\/","title":{"rendered":"Kersdorfer Schleuse hin und zur\u00fcck"},"content":{"rendered":"<p><strong>13. Mai 2020, 20 km mit Findefuchs E. Knauer im Spreebereich zwischen Berkenbr\u00fcck, Dehmsee, Bunter Sch\u00fctz, Forsthaus an der Flut, Kersdorfer Schleuse, Kersdorfer See, M\u00fchlengraben, Langer Luchgraben, Briesen.<\/strong><\/p>\n<h2>Brandenburger Corona-Welt wie sie gef\u00e4llt<\/h2>\n<figure id=\"attachment_17369\" aria-describedby=\"caption-attachment-17369\" style=\"width: 758px\" class=\"wp-caption aligncenter\"><img loading=\"lazy\" class=\"size-full wp-image-17369\" src=\"http:\/\/www.rhizom.de\/wandern\/wp-content\/uploads\/2017\/08\/20200513_Corona-Hygiene.jpg\" alt=\"13. Mai 2020. Corona vorausschauend.\" width=\"768\" height=\"444\" srcset=\"http:\/\/www.rhizom.de\/wandern\/wp-content\/uploads\/2017\/08\/20200513_Corona-Hygiene.jpg 768w, http:\/\/www.rhizom.de\/wandern\/wp-content\/uploads\/2017\/08\/20200513_Corona-Hygiene-300x173.jpg 300w\" sizes=\"(max-width: 768px) 100vw, 768px\" \/><figcaption id=\"caption-attachment-17369\" class=\"wp-caption-text\">Am Wege entdeckt: vorausschauend<\/figcaption><\/figure>\n<p>\u00dcber web.de gelenkt: 16. 5. 2020. Eine Studie, wonach SARS-CoV-2 auf einer medizinischen Gesichtsmaske sieben Tagen \u00fcberleben kann, auf Glas zwei Tage, auf Stoff und Holz einen Tag, 24 Stunden bei Pappe, 72 Stunden bei Plastik und Edelstahl, l\u00e4sst nach Angaben der WHO bisher noch keine R\u00fcckschl\u00fcsse auf die echte Lebenswelt zu. Erfahrungen mit anderen Coronaviren w\u00fcrden das aber nicht ausschlie\u00dfen. Deshalb Desinfizieren wichtig &#8211; in Kliniken, au\u00dferhalb bei Waschbecken, Toiletten, elektronischen Ger\u00e4ten, Handl\u00e4ufen von Treppen, W\u00e4nden und B\u00f6den.<br \/>\nDa war ich Dummbacke \u2192 <strong><a href=\"http:\/\/www.rhizom.de\/wandern\/2020\/04\/28\/berliner\/#phasezwei\">eher realistisch in der Einsch\u00e4tzung.<\/a><\/strong> Nur das Haus geh\u00f6rt mir nicht.<\/p>\n<h2>Der Dehmsee an der Autobahn bei Berkenbr\u00fcck<\/h2>\n<p>Spannend das Wagnis gleich an der Autobahnbr\u00fccke \u00fcber die F\u00fcrstenwalder Spree: weiter unterhalb der Autobahn entlang, unmittelbar am Nordufer des Dehmsees.<\/p>\n<p><img loading=\"lazy\" class=\"aligncenter size-full wp-image-17325\" src=\"http:\/\/www.rhizom.de\/wandern\/wp-content\/uploads\/2020\/05\/20200513-Autobahnbruecke-Berkenbrueck.jpg\" alt=\"Autobahnbr\u00fccke Berkenbr\u00fcck\" width=\"768\" height=\"444\" srcset=\"http:\/\/www.rhizom.de\/wandern\/wp-content\/uploads\/2020\/05\/20200513-Autobahnbruecke-Berkenbrueck.jpg 768w, http:\/\/www.rhizom.de\/wandern\/wp-content\/uploads\/2020\/05\/20200513-Autobahnbruecke-Berkenbrueck-300x173.jpg 300w\" sizes=\"(max-width: 768px) 100vw, 768px\" \/><\/p>\n<p><img loading=\"lazy\" class=\"aligncenter size-full wp-image-17326\" src=\"http:\/\/www.rhizom.de\/wandern\/wp-content\/uploads\/2020\/05\/20200513-Dehmsee-Berkenbrueck.jpg\" alt=\"Dehmsee an der Autobahnbr\u00fccke Berkenbr\u00fcck\" width=\"768\" height=\"444\" srcset=\"http:\/\/www.rhizom.de\/wandern\/wp-content\/uploads\/2020\/05\/20200513-Dehmsee-Berkenbrueck.jpg 768w, http:\/\/www.rhizom.de\/wandern\/wp-content\/uploads\/2020\/05\/20200513-Dehmsee-Berkenbrueck-300x173.jpg 300w\" sizes=\"(max-width: 768px) 100vw, 768px\" \/><\/p>\n<p><img loading=\"lazy\" class=\"aligncenter size-full wp-image-17327\" src=\"http:\/\/www.rhizom.de\/wandern\/wp-content\/uploads\/2020\/05\/20200513-Autobahn-Dehmsee.jpg\" alt=\"Autobahn am Dehmsee\" width=\"768\" height=\"444\" srcset=\"http:\/\/www.rhizom.de\/wandern\/wp-content\/uploads\/2020\/05\/20200513-Autobahn-Dehmsee.jpg 768w, http:\/\/www.rhizom.de\/wandern\/wp-content\/uploads\/2020\/05\/20200513-Autobahn-Dehmsee-300x173.jpg 300w\" sizes=\"(max-width: 768px) 100vw, 768px\" \/><\/p>\n<p><img loading=\"lazy\" class=\"aligncenter size-full wp-image-17329\" src=\"http:\/\/www.rhizom.de\/wandern\/wp-content\/uploads\/2020\/05\/20200513-Dehmsee.jpg\" alt=\"Dehmsee\" width=\"768\" height=\"444\" srcset=\"http:\/\/www.rhizom.de\/wandern\/wp-content\/uploads\/2020\/05\/20200513-Dehmsee.jpg 768w, http:\/\/www.rhizom.de\/wandern\/wp-content\/uploads\/2020\/05\/20200513-Dehmsee-300x173.jpg 300w\" sizes=\"(max-width: 768px) 100vw, 768px\" \/><\/p>\n<p><img loading=\"lazy\" class=\"aligncenter size-full wp-image-17328\" src=\"http:\/\/www.rhizom.de\/wandern\/wp-content\/uploads\/2020\/05\/20200513-Dehmsee-Ufer.jpg\" alt=\"Dehmsee, Ufer\" width=\"768\" height=\"444\" srcset=\"http:\/\/www.rhizom.de\/wandern\/wp-content\/uploads\/2020\/05\/20200513-Dehmsee-Ufer.jpg 768w, http:\/\/www.rhizom.de\/wandern\/wp-content\/uploads\/2020\/05\/20200513-Dehmsee-Ufer-300x173.jpg 300w\" sizes=\"(max-width: 768px) 100vw, 768px\" \/><\/p>\n<p>Und wirklich, sogar ein legales Br\u00fccklein \u00fcber den Graben Richtung Glieningmoor!<\/p>\n<p><img loading=\"lazy\" class=\"aligncenter size-full wp-image-17330\" src=\"http:\/\/www.rhizom.de\/wandern\/wp-content\/uploads\/2020\/05\/20200513-Muehlenfliess-Dehmsee-.jpg\" alt=\"M\u00fchlenfliess zwischen Dehmsee und Glieningmoor\" width=\"768\" height=\"444\" srcset=\"http:\/\/www.rhizom.de\/wandern\/wp-content\/uploads\/2020\/05\/20200513-Muehlenfliess-Dehmsee-.jpg 768w, http:\/\/www.rhizom.de\/wandern\/wp-content\/uploads\/2020\/05\/20200513-Muehlenfliess-Dehmsee--300x173.jpg 300w\" sizes=\"(max-width: 768px) 100vw, 768px\" \/><\/p>\n<h2>Versteckt im Forst<\/h2>\n<p>Mit Fahrrad oder per pedes mit Track: ab hier problemlos. Noch sch\u00f6ner geht anders.<\/p>\n<p><img loading=\"lazy\" class=\"aligncenter size-full wp-image-17340\" src=\"http:\/\/www.rhizom.de\/wandern\/wp-content\/uploads\/2020\/05\/20200513-Waldrand.jpg\" alt=\"Waldrand zu den Spreewiesen\" width=\"768\" height=\"444\" srcset=\"http:\/\/www.rhizom.de\/wandern\/wp-content\/uploads\/2020\/05\/20200513-Waldrand.jpg 768w, http:\/\/www.rhizom.de\/wandern\/wp-content\/uploads\/2020\/05\/20200513-Waldrand-300x173.jpg 300w\" sizes=\"(max-width: 768px) 100vw, 768px\" \/><\/p>\n<p>Es gibt so viel mehr zu entdecken und zu genie\u00dfen in diesem riesigen, keinesfalls eint\u00f6nigen Wald- und Wassergebiet. Jetzt im Fr\u00fchjahr unglaubliche Kontraste nur in Gr\u00fcn.<\/p>\n<p><img loading=\"lazy\" class=\"aligncenter size-full wp-image-17342\" src=\"http:\/\/www.rhizom.de\/wandern\/wp-content\/uploads\/2020\/05\/20200513-Eichenallee-im-Fruehling.jpg\" alt=\"Eichenallee mitten im Wald\" width=\"768\" height=\"444\" srcset=\"http:\/\/www.rhizom.de\/wandern\/wp-content\/uploads\/2020\/05\/20200513-Eichenallee-im-Fruehling.jpg 768w, http:\/\/www.rhizom.de\/wandern\/wp-content\/uploads\/2020\/05\/20200513-Eichenallee-im-Fruehling-300x173.jpg 300w\" sizes=\"(max-width: 768px) 100vw, 768px\" \/><br \/>\nDie jungen Eichenbl\u00e4tter: gerade erst aufgebrochen, gr\u00fcngolden leuchtend zwischen knorrigem Ge\u00e4st. Auf Pfennig, Cent und auf dem Helm der Krieger eher d\u00fcster.<\/p>\n<p><img loading=\"lazy\" class=\"aligncenter size-full wp-image-17341\" src=\"http:\/\/www.rhizom.de\/wandern\/wp-content\/uploads\/2020\/05\/20200513-Graben-mit-Biberfrass.jpg\" alt=\"Graben mit Biberfra\u00df\" width=\"768\" height=\"444\" srcset=\"http:\/\/www.rhizom.de\/wandern\/wp-content\/uploads\/2020\/05\/20200513-Graben-mit-Biberfrass.jpg 768w, http:\/\/www.rhizom.de\/wandern\/wp-content\/uploads\/2020\/05\/20200513-Graben-mit-Biberfrass-300x173.jpg 300w\" sizes=\"(max-width: 768px) 100vw, 768px\" \/><br \/>\nAllzu wild empfiehlt sich nicht. Moore, Gr\u00e4ben, sumpfige Wiesen. Der Biber hat sich vorgearbeitet. Obwohl gesch\u00fctzt: sieht ringsum nicht aus als d\u00fcrfe er bleiben.<\/p>\n<p><img loading=\"lazy\" class=\"aligncenter size-full wp-image-17343\" src=\"http:\/\/www.rhizom.de\/wandern\/wp-content\/uploads\/2020\/05\/20200513-alter-Spreearm-Bunter-Schuetz.jpg\" alt=\"Spreearm am Bunten Sch\u00fctz\" width=\"768\" height=\"444\" srcset=\"http:\/\/www.rhizom.de\/wandern\/wp-content\/uploads\/2020\/05\/20200513-alter-Spreearm-Bunter-Schuetz.jpg 768w, http:\/\/www.rhizom.de\/wandern\/wp-content\/uploads\/2020\/05\/20200513-alter-Spreearm-Bunter-Schuetz-300x173.jpg 300w\" sizes=\"(max-width: 768px) 100vw, 768px\" \/><br \/>\nEinsam das einstige Forsthaus am Bunten Sch\u00fctz, ganz dicht die meliorierten Wiesen und ein alter Spreearm. Dann breit und gerade durch die B\u00e4ume: die F\u00fcrstenwalder Spree.<\/p>\n<p><img loading=\"lazy\" class=\"aligncenter size-full wp-image-17344\" src=\"http:\/\/www.rhizom.de\/wandern\/wp-content\/uploads\/2020\/05\/20200513-Fuerstenwalder-Spree.jpg\" alt=\"F\u00fcrstenwalder Spree\" width=\"768\" height=\"444\" srcset=\"http:\/\/www.rhizom.de\/wandern\/wp-content\/uploads\/2020\/05\/20200513-Fuerstenwalder-Spree.jpg 768w, http:\/\/www.rhizom.de\/wandern\/wp-content\/uploads\/2020\/05\/20200513-Fuerstenwalder-Spree-300x173.jpg 300w\" sizes=\"(max-width: 768px) 100vw, 768px\" \/><\/p>\n<p>Kurz hinter einer Wasser-Entnahmestelle** das\u00a0ehemalige &#8220;Forsthaus an der Fluth&#8221; mit dem Geraune um Stasi und RAF***.<\/p>\n<p><img loading=\"lazy\" class=\"aligncenter size-full wp-image-17349\" src=\"http:\/\/www.rhizom.de\/wandern\/wp-content\/uploads\/2020\/05\/20200513-DDR-Hinterlassenschaft.jpg\" alt=\"DDR-Design\" width=\"768\" height=\"444\" srcset=\"http:\/\/www.rhizom.de\/wandern\/wp-content\/uploads\/2020\/05\/20200513-DDR-Hinterlassenschaft.jpg 768w, http:\/\/www.rhizom.de\/wandern\/wp-content\/uploads\/2020\/05\/20200513-DDR-Hinterlassenschaft-300x173.jpg 300w\" sizes=\"(max-width: 768px) 100vw, 768px\" \/><br \/>\nDas Entsetzen oder die Verwunderung dar\u00fcber, was es im Verborgenen, niemals Sichtbaren und so unscheinbar wirkend irgendwo immer gibt&#8230;<\/p>\n<p><img loading=\"lazy\" class=\"aligncenter size-full wp-image-17347\" src=\"http:\/\/www.rhizom.de\/wandern\/wp-content\/uploads\/2020\/05\/20200513-Zahlenschloss.jpg\" alt=\"Der unersch\u00fctterliche Glaube an Zahl und Technik\" width=\"768\" height=\"444\" srcset=\"http:\/\/www.rhizom.de\/wandern\/wp-content\/uploads\/2020\/05\/20200513-Zahlenschloss.jpg 768w, http:\/\/www.rhizom.de\/wandern\/wp-content\/uploads\/2020\/05\/20200513-Zahlenschloss-300x173.jpg 300w\" sizes=\"(max-width: 768px) 100vw, 768px\" \/><br \/>\nH\u00f6chst allt\u00e4glich zu entschl\u00fcsseln.<\/p>\n<p><img loading=\"lazy\" class=\"aligncenter size-full wp-image-17348\" src=\"http:\/\/www.rhizom.de\/wandern\/wp-content\/uploads\/2020\/05\/20200513-geheime-Unterkunft.jpg\" alt=\"Am Forsthaus an der Fluth\" width=\"768\" height=\"444\" srcset=\"http:\/\/www.rhizom.de\/wandern\/wp-content\/uploads\/2020\/05\/20200513-geheime-Unterkunft.jpg 768w, http:\/\/www.rhizom.de\/wandern\/wp-content\/uploads\/2020\/05\/20200513-geheime-Unterkunft-300x173.jpg 300w\" sizes=\"(max-width: 768px) 100vw, 768px\" \/><br \/>\nDas Versteck, das vielleicht nicht unerheblich f\u00fcr den Erhalt eines herrlichen Mischwaldes beigetragen hat, liegt jetzt zur Coronakrise brach.<\/p>\n<p><img loading=\"lazy\" class=\"aligncenter size-full wp-image-17346\" src=\"http:\/\/www.rhizom.de\/wandern\/wp-content\/uploads\/2020\/05\/20200513-versteckter-Terror.jpg\" alt=\"Am Forsthaus an der Fluth\" width=\"768\" height=\"444\" srcset=\"http:\/\/www.rhizom.de\/wandern\/wp-content\/uploads\/2020\/05\/20200513-versteckter-Terror.jpg 768w, http:\/\/www.rhizom.de\/wandern\/wp-content\/uploads\/2020\/05\/20200513-versteckter-Terror-300x173.jpg 300w\" sizes=\"(max-width: 768px) 100vw, 768px\" \/><br \/>\nHinter den Bl\u00e4ttern: alles flie\u00dft. Oder hier drau\u00dfen: alles egal. Die M\u00e4nner, denen wir unterwegs begegnen (nur M\u00e4nnern) handfest, mit der Leichtigkeit des Seins.<\/p>\n<p><img loading=\"lazy\" class=\"aligncenter size-full wp-image-17350\" src=\"http:\/\/www.rhizom.de\/wandern\/wp-content\/uploads\/2020\/05\/20200513-Drahendorfer-in-Fuerstenwalder-Spree.jpg\" alt=\"M\u00fcndung Drahendorfer Spree in die F\u00fcrstenwalder Spree\" width=\"768\" height=\"444\" srcset=\"http:\/\/www.rhizom.de\/wandern\/wp-content\/uploads\/2020\/05\/20200513-Drahendorfer-in-Fuerstenwalder-Spree.jpg 768w, http:\/\/www.rhizom.de\/wandern\/wp-content\/uploads\/2020\/05\/20200513-Drahendorfer-in-Fuerstenwalder-Spree-300x173.jpg 300w\" sizes=\"(max-width: 768px) 100vw, 768px\" \/><br \/>\nVon der Holzbr\u00fccke aus zu sehen: die Einm\u00fcndung der Drahendorfer Spree in die F\u00fcrstenwalder. &#8220;Die Spree&#8221;, die ist eben ein nur m\u00fchsam gez\u00e4hmter Fluss. Hach: DIE Spree. DIE sagt alles. Der, die, das&#8230;<\/p>\n<p><img loading=\"lazy\" class=\"aligncenter size-full wp-image-17351\" src=\"http:\/\/www.rhizom.de\/wandern\/wp-content\/uploads\/2020\/05\/20200513-Holzbruecke-an-der-Fluth.jpg\" alt=\"Holzbr\u00fccke an der Fluth\" width=\"768\" height=\"444\" srcset=\"http:\/\/www.rhizom.de\/wandern\/wp-content\/uploads\/2020\/05\/20200513-Holzbruecke-an-der-Fluth.jpg 768w, http:\/\/www.rhizom.de\/wandern\/wp-content\/uploads\/2020\/05\/20200513-Holzbruecke-an-der-Fluth-300x173.jpg 300w\" sizes=\"(max-width: 768px) 100vw, 768px\" \/><\/p>\n<h2>Kersdorfer Schleuse<\/h2>\n<p>Gl\u00fccklicher Weise ist wenigstens die Technik mathematisch berechenbar. Der Oder-Spree-Kanal und die Kersdorfer Schleuse. Lest selbst nach. Perfektion genie\u00dft ungeteilte Bewunderung. Alles machbar.<\/p>\n<p><img loading=\"lazy\" class=\"aligncenter size-full wp-image-17320\" src=\"http:\/\/www.rhizom.de\/wandern\/wp-content\/uploads\/2020\/05\/20200513-begradigte-Spree-Kersdorfer-Schleuse.jpg\" alt=\"Spree an der Kersdorfer Schleuse\" width=\"768\" height=\"444\" srcset=\"http:\/\/www.rhizom.de\/wandern\/wp-content\/uploads\/2020\/05\/20200513-begradigte-Spree-Kersdorfer-Schleuse.jpg 768w, http:\/\/www.rhizom.de\/wandern\/wp-content\/uploads\/2020\/05\/20200513-begradigte-Spree-Kersdorfer-Schleuse-300x173.jpg 300w\" sizes=\"(max-width: 768px) 100vw, 768px\" \/><\/p>\n<p><img loading=\"lazy\" class=\"aligncenter size-full wp-image-17321\" src=\"http:\/\/www.rhizom.de\/wandern\/wp-content\/uploads\/2020\/05\/20200513-Kersdorfer-Schleuse.jpg\" alt=\"Kersdorfer Schleuse\" width=\"768\" height=\"444\" srcset=\"http:\/\/www.rhizom.de\/wandern\/wp-content\/uploads\/2020\/05\/20200513-Kersdorfer-Schleuse.jpg 768w, http:\/\/www.rhizom.de\/wandern\/wp-content\/uploads\/2020\/05\/20200513-Kersdorfer-Schleuse-300x173.jpg 300w\" sizes=\"(max-width: 768px) 100vw, 768px\" \/><\/p>\n<p><img loading=\"lazy\" class=\"aligncenter size-full wp-image-17322\" src=\"http:\/\/www.rhizom.de\/wandern\/wp-content\/uploads\/2020\/05\/20200513-Kersdorfer-Schleusenkammer.jpg\" alt=\"Kersdorfer Schleusenkammer\" width=\"768\" height=\"444\" srcset=\"http:\/\/www.rhizom.de\/wandern\/wp-content\/uploads\/2020\/05\/20200513-Kersdorfer-Schleusenkammer.jpg 768w, http:\/\/www.rhizom.de\/wandern\/wp-content\/uploads\/2020\/05\/20200513-Kersdorfer-Schleusenkammer-300x173.jpg 300w\" sizes=\"(max-width: 768px) 100vw, 768px\" \/><\/p>\n<p><img loading=\"lazy\" class=\"aligncenter size-full wp-image-17324\" src=\"http:\/\/www.rhizom.de\/wandern\/wp-content\/uploads\/2020\/05\/20200513-Kersdorfer-Schleuse-Stemmtor.jpg\" alt=\"Kersdorfer Schleuse, Stemmtor\" width=\"768\" height=\"444\" srcset=\"http:\/\/www.rhizom.de\/wandern\/wp-content\/uploads\/2020\/05\/20200513-Kersdorfer-Schleuse-Stemmtor.jpg 768w, http:\/\/www.rhizom.de\/wandern\/wp-content\/uploads\/2020\/05\/20200513-Kersdorfer-Schleuse-Stemmtor-300x173.jpg 300w\" sizes=\"(max-width: 768px) 100vw, 768px\" \/><\/p>\n<p><img loading=\"lazy\" class=\"aligncenter size-full wp-image-17323\" src=\"http:\/\/www.rhizom.de\/wandern\/wp-content\/uploads\/2020\/05\/20200513-Kersdorfer-Schleuse-Hubtor.jpg\" alt=\"Kersdorfer Schleuse, Hubtor\" width=\"768\" height=\"444\" srcset=\"http:\/\/www.rhizom.de\/wandern\/wp-content\/uploads\/2020\/05\/20200513-Kersdorfer-Schleuse-Hubtor.jpg 768w, http:\/\/www.rhizom.de\/wandern\/wp-content\/uploads\/2020\/05\/20200513-Kersdorfer-Schleuse-Hubtor-300x173.jpg 300w\" sizes=\"(max-width: 768px) 100vw, 768px\" \/><\/p>\n<h2>M\u00fchlenflie\u00df \u2013 M\u00fchlengraben, Langer&nbsp;Luchgraben<\/h2>\n<p>Alles machbar. Nur Zukunft ist nicht berechenbar. Nicht nur Autobahnen stellen \u00fcber weite Strecken hinweg nur eine j\u00e4mmerliche, nicht zu Ende gedachte Leistung des menschlichen Geistes dar. Trotzallem ist inzwischen ziemlich alles theoretische Denkfabrik und die Natur der Feind.<\/p>\n<p><img loading=\"lazy\" class=\"aligncenter size-full wp-image-17331\" src=\"http:\/\/www.rhizom.de\/wandern\/wp-content\/uploads\/2020\/05\/20200513-Kersdorfer-See-Ost-Sumpfgebiet.jpg\" alt=\"Kersdorfer See, \u00f6stliches Sumpfgebiet\" width=\"768\" height=\"444\" srcset=\"http:\/\/www.rhizom.de\/wandern\/wp-content\/uploads\/2020\/05\/20200513-Kersdorfer-See-Ost-Sumpfgebiet.jpg 768w, http:\/\/www.rhizom.de\/wandern\/wp-content\/uploads\/2020\/05\/20200513-Kersdorfer-See-Ost-Sumpfgebiet-300x173.jpg 300w\" sizes=\"(max-width: 768px) 100vw, 768px\" \/><br \/>\nZun\u00e4chst scheitern planm\u00e4\u00dfige Wanderer aber nur am mit Stolz und Eigennutz pr\u00e4sentierten &#8220;hier kommt ein Zaun&#8221;. Auf googlemaps nicht eingebaut.<\/p>\n<p><img loading=\"lazy\" class=\"aligncenter size-full wp-image-17332\" src=\"http:\/\/www.rhizom.de\/wandern\/wp-content\/uploads\/2020\/05\/20200513-Ostufer-Kersdorfer-See.jpg\" alt=\"Ostufer Kersdorfer See\" width=\"768\" height=\"444\" srcset=\"http:\/\/www.rhizom.de\/wandern\/wp-content\/uploads\/2020\/05\/20200513-Ostufer-Kersdorfer-See.jpg 768w, http:\/\/www.rhizom.de\/wandern\/wp-content\/uploads\/2020\/05\/20200513-Ostufer-Kersdorfer-See-300x173.jpg 300w\" sizes=\"(max-width: 768px) 100vw, 768px\" \/><br \/>\nWir schaffen das, nunmehr Anfang und zugleich Ende des Weges am Kersdorfer See, links zu sehen. Nicht zu sehen: \u00fcberwuchert von riesigen Seerosenbl\u00e4ttern.<\/p>\n<p><img loading=\"lazy\" class=\"aligncenter size-full wp-image-17333\" src=\"http:\/\/www.rhizom.de\/wandern\/wp-content\/uploads\/2020\/05\/20200513-Blickrichtung-Muehlengraben-Kersdorfer-See.jpg\" alt=\"Blickrichtung Muehlengraben, Kersdorfer-See\" width=\"768\" height=\"444\" srcset=\"http:\/\/www.rhizom.de\/wandern\/wp-content\/uploads\/2020\/05\/20200513-Blickrichtung-Muehlengraben-Kersdorfer-See.jpg 768w, http:\/\/www.rhizom.de\/wandern\/wp-content\/uploads\/2020\/05\/20200513-Blickrichtung-Muehlengraben-Kersdorfer-See-300x173.jpg 300w\" sizes=\"(max-width: 768px) 100vw, 768px\" \/><br \/>\nBriesen ist nah. Am M\u00fchlengraben, der unter der Autobahnbr\u00fccke zum M\u00fchlenflie\u00df wird, wurde in den 30er Jahren ein ganzes Moor in die Luft gesprengt f\u00fcr die Autobahn.<\/p>\n<p><img loading=\"lazy\" class=\"aligncenter size-full wp-image-17334\" src=\"http:\/\/www.rhizom.de\/wandern\/wp-content\/uploads\/2020\/05\/20200513-Kersdorf-Autobahn-Muehlengraben.jpg\" alt=\"Kersdorf, Autobahnbr\u00fccke \u00fcber den M\u00fchlengraben\" width=\"768\" height=\"444\" srcset=\"http:\/\/www.rhizom.de\/wandern\/wp-content\/uploads\/2020\/05\/20200513-Kersdorf-Autobahn-Muehlengraben.jpg 768w, http:\/\/www.rhizom.de\/wandern\/wp-content\/uploads\/2020\/05\/20200513-Kersdorf-Autobahn-Muehlengraben-300x173.jpg 300w\" sizes=\"(max-width: 768px) 100vw, 768px\" \/><br \/>\nEine Leistung von der noch heute mit Staunen und Bewunderung berichtet wird. Irren ist menschlich.<\/p>\n<p><img loading=\"lazy\" class=\"aligncenter size-full wp-image-17335\" src=\"http:\/\/www.rhizom.de\/wandern\/wp-content\/uploads\/2020\/05\/20200513-Autobahn-Muehlenfliess-Kersdorf.jpg\" alt=\"Kersdorf, Autobahnbr\u00fccke mit M\u00fchlenflie\u00df\" width=\"768\" height=\"444\" srcset=\"http:\/\/www.rhizom.de\/wandern\/wp-content\/uploads\/2020\/05\/20200513-Autobahn-Muehlenfliess-Kersdorf.jpg 768w, http:\/\/www.rhizom.de\/wandern\/wp-content\/uploads\/2020\/05\/20200513-Autobahn-Muehlenfliess-Kersdorf-300x173.jpg 300w\" sizes=\"(max-width: 768px) 100vw, 768px\" \/><br \/>\nHinter dem Langen Luch die kleinen hellen P\u00fcnktchen, da ist die Autobahn.<\/p>\n<p><img loading=\"lazy\" class=\"aligncenter size-full wp-image-17336\" src=\"http:\/\/www.rhizom.de\/wandern\/wp-content\/uploads\/2020\/05\/20200513-Langer-Luchgraben-Kersdorf.jpg\" alt=\"Langer Luchgraben, Kersdorf\" width=\"768\" height=\"444\" srcset=\"http:\/\/www.rhizom.de\/wandern\/wp-content\/uploads\/2020\/05\/20200513-Langer-Luchgraben-Kersdorf.jpg 768w, http:\/\/www.rhizom.de\/wandern\/wp-content\/uploads\/2020\/05\/20200513-Langer-Luchgraben-Kersdorf-300x173.jpg 300w\" sizes=\"(max-width: 768px) 100vw, 768px\" \/><\/p>\n<p><img loading=\"lazy\" class=\"aligncenter size-full wp-image-17337\" src=\"http:\/\/www.rhizom.de\/wandern\/wp-content\/uploads\/2020\/05\/20200513-denkendes-Pferd.jpg\" alt=\"Denkendes Pferd\" width=\"768\" height=\"444\" srcset=\"http:\/\/www.rhizom.de\/wandern\/wp-content\/uploads\/2020\/05\/20200513-denkendes-Pferd.jpg 768w, http:\/\/www.rhizom.de\/wandern\/wp-content\/uploads\/2020\/05\/20200513-denkendes-Pferd-300x173.jpg 300w\" sizes=\"(max-width: 768px) 100vw, 768px\" \/><\/p>\n<p><img loading=\"lazy\" class=\"aligncenter size-full wp-image-17338\" src=\"http:\/\/www.rhizom.de\/wandern\/wp-content\/uploads\/2020\/05\/20200513-Briesen-Mark-Nazis-raus.jpg\" alt=\"Briesen, Nazis raus\" width=\"768\" height=\"444\" srcset=\"http:\/\/www.rhizom.de\/wandern\/wp-content\/uploads\/2020\/05\/20200513-Briesen-Mark-Nazis-raus.jpg 768w, http:\/\/www.rhizom.de\/wandern\/wp-content\/uploads\/2020\/05\/20200513-Briesen-Mark-Nazis-raus-300x173.jpg 300w\" sizes=\"(max-width: 768px) 100vw, 768px\" \/><br \/>\nJa, ich kenn mich l\u00e4ngst wieder aus: Erinnerung an Irrwege. Umgeben von Sumpf, gejagt von der Zeit.<\/p>\n<p><img loading=\"lazy\" class=\"aligncenter size-full wp-image-17339\" src=\"http:\/\/www.rhizom.de\/wandern\/wp-content\/uploads\/2020\/05\/20200513-denken-ist-einsam.jpg\" alt=\"Denken ist einsam\" width=\"768\" height=\"444\" srcset=\"http:\/\/www.rhizom.de\/wandern\/wp-content\/uploads\/2020\/05\/20200513-denken-ist-einsam.jpg 768w, http:\/\/www.rhizom.de\/wandern\/wp-content\/uploads\/2020\/05\/20200513-denken-ist-einsam-300x173.jpg 300w\" sizes=\"(max-width: 768px) 100vw, 768px\" \/><\/p>\n<p>Aber auch neuer Anreiz: gar nicht so weit, ziemlich parallel das <a href=\"http:\/\/www.rhizom.de\/wandern\/2020\/03\/16\/quellgebiet-goldenes-fliess\/\" target=\"_blank\" rel=\"noopener\">\u2192 &#8220;Goldene Flie\u00df&#8221;<\/a>, meine Obsession.<\/p>\n<p>&nbsp;<\/p>\n<p style=\"text-align: right;\"><em>**geh\u00f6rt zum Wasserwerk in der Kersdorfer Gemarkung. <\/em><br \/>\n<em>Frankfurt (Oder) wird nicht mit reinem Grundwasser versorgt, sondern mit Spreewasser, das \u00fcber Pumpen, Filtrieranlagen und Sickerbecken transportiert und gereinigt wird. Ein Fakt, der in Zusammenhang mit dem Bau der Teslafabrik wieder einmal in Erinnerung gerufen wurde.<br \/>\nAlles h\u00e4ngt mit allem zusammen. Da hatte ich also erst einmal wieder <a href=\"http:\/\/www.rhizom.de\/wandern\/2020\/01\/30\/waldspaziergang-gegen-tesla\/\" target=\"_blank\" rel=\"noopener\">\u2192 Musk<\/a> und dann auch bald alles andere&#8230;<br \/>\n\ud83d\ude41 <\/em><\/p>\n<p style=\"text-align: right;\"><em>***Eine inhaltlich neutrale bzw. aktuelle Verlinkung dazu hab ich nicht gefunden. <\/em><\/p>\n","protected":false},"excerpt":{"rendered":"<p>13. Mai 2020, 20 km mit Findefuchs E. Knauer im Spreebereich zwischen Berkenbr\u00fcck, Dehmsee, Bunter Sch\u00fctz, Forsthaus an der Flut, Kersdorfer Schleuse, Kersdorfer See, M\u00fchlengraben, Langer Luchgraben, Briesen. Brandenburger Corona-Welt wie sie gef\u00e4llt \u00dcber web.de gelenkt: 16. 5. 2020. Eine Studie, wonach SARS-CoV-2 auf einer medizinischen Gesichtsmaske sieben Tagen \u00fcberleben kann, auf Glas zwei Tage, &#8230; <a title=\"Kersdorfer Schleuse hin und zur\u00fcck\" class=\"read-more\" href=\"http:\/\/www.rhizom.de\/wandern\/2020\/05\/14\/kersdorfer-schleuse\/\">Read more<\/a><\/p>\n","protected":false},"author":1,"featured_media":0,"comment_status":"open","ping_status":"open","sticky":false,"template":"","format":"standard","meta":{"generate_page_header":""},"categories":[6],"tags":[],"_links":{"self":[{"href":"http:\/\/www.rhizom.de\/wandern\/wp-json\/wp\/v2\/posts\/17319"}],"collection":[{"href":"http:\/\/www.rhizom.de\/wandern\/wp-json\/wp\/v2\/posts"}],"about":[{"href":"http:\/\/www.rhizom.de\/wandern\/wp-json\/wp\/v2\/types\/post"}],"author":[{"embeddable":true,"href":"http:\/\/www.rhizom.de\/wandern\/wp-json\/wp\/v2\/users\/1"}],"replies":[{"embeddable":true,"href":"http:\/\/www.rhizom.de\/wandern\/wp-json\/wp\/v2\/comments?post=17319"}],"version-history":[{"count":17,"href":"http:\/\/www.rhizom.de\/wandern\/wp-json\/wp\/v2\/posts\/17319\/revisions"}],"predecessor-version":[{"id":17483,"href":"http:\/\/www.rhizom.de\/wandern\/wp-json\/wp\/v2\/posts\/17319\/revisions\/17483"}],"wp:attachment":[{"href":"http:\/\/www.rhizom.de\/wandern\/wp-json\/wp\/v2\/media?parent=17319"}],"wp:term":[{"taxonomy":"category","embeddable":true,"href":"http:\/\/www.rhizom.de\/wandern\/wp-json\/wp\/v2\/categories?post=17319"},{"taxonomy":"post_tag","embeddable":true,"href":"http:\/\/www.rhizom.de\/wandern\/wp-json\/wp\/v2\/tags?post=17319"}],"curies":[{"name":"wp","href":"https:\/\/api.w.org\/{rel}","templated":true}]}}