{"id":17505,"date":"2020-05-28T00:05:47","date_gmt":"2020-05-27T22:05:47","guid":{"rendered":"http:\/\/www.rhizom.de\/wandern\/?p=17505"},"modified":"2020-06-06T18:22:25","modified_gmt":"2020-06-06T16:22:25","slug":"klobichsee","status":"publish","type":"post","link":"http:\/\/www.rhizom.de\/wandern\/2020\/05\/28\/klobichsee\/","title":{"rendered":"NSG Klobichsee"},"content":{"rendered":"<p><strong>27. Mai 2020, Coronazeit. 15\u00a0abwechslungsreiche Kilometer mit nun offiziell genehmigter \u201eKleingruppe\u201c des Wandersportvereins Rotation Berlin, Leitung Eckhard Knauer: eine Runde M\u00e4rkische Schweiz ab Bahnhof M\u00fcncheberg, \u00fcber Dahmsdorf \u2013 K\u00f6ter-Berge \u2013 NSG Klobichsee \u2013 Gro\u00dfer Klobichsee, Nordseite \u2013 Schulzen-See \u2013 M\u00fcnchehofer Chaussee \u2013 Obersdorf mit Vordersee, Storchennest und Kirche bis Bahnhof Obersdorf<\/strong><\/p>\n<p><strong>Teil 2: Solo spezial. Berliner Heimweg<\/strong><\/p>\n<h2>Zu Beginn ganz d\u00f6rflich<\/h2>\n<p><img loading=\"lazy\" class=\"aligncenter size-full wp-image-17526\" title=\"Dahmsdorf\" src=\"http:\/\/www.rhizom.de\/wandern\/wp-content\/uploads\/2020\/05\/20200527_Dahmsdorf-.jpg\" alt=\"Dahmsdorf\" width=\"768\" height=\"444\" srcset=\"http:\/\/www.rhizom.de\/wandern\/wp-content\/uploads\/2020\/05\/20200527_Dahmsdorf-.jpg 768w, http:\/\/www.rhizom.de\/wandern\/wp-content\/uploads\/2020\/05\/20200527_Dahmsdorf--300x173.jpg 300w\" sizes=\"(max-width: 768px) 100vw, 768px\" \/><\/p>\n<p><img loading=\"lazy\" class=\"aligncenter size-full wp-image-17527\" title=\"M\u00e4rkische Schweiz\" src=\"http:\/\/www.rhizom.de\/wandern\/wp-content\/uploads\/2020\/05\/20200527-Maerkische-Schweiz.jpg\" alt=\"M\u00e4rkische Schweiz\" width=\"768\" height=\"444\" srcset=\"http:\/\/www.rhizom.de\/wandern\/wp-content\/uploads\/2020\/05\/20200527-Maerkische-Schweiz.jpg 768w, http:\/\/www.rhizom.de\/wandern\/wp-content\/uploads\/2020\/05\/20200527-Maerkische-Schweiz-300x173.jpg 300w\" sizes=\"(max-width: 768px) 100vw, 768px\" \/><\/p>\n<p><img loading=\"lazy\" class=\"aligncenter size-full wp-image-17528\" title=\"Wiesenweg bei Dahmsdorf\" src=\"http:\/\/www.rhizom.de\/wandern\/wp-content\/uploads\/2020\/05\/20200527-Wiesenweg-bei-Dahmsdorf.jpg\" alt=\"Wiesenweg bei Dahmsdorf\" width=\"768\" height=\"444\" srcset=\"http:\/\/www.rhizom.de\/wandern\/wp-content\/uploads\/2020\/05\/20200527-Wiesenweg-bei-Dahmsdorf.jpg 768w, http:\/\/www.rhizom.de\/wandern\/wp-content\/uploads\/2020\/05\/20200527-Wiesenweg-bei-Dahmsdorf-300x173.jpg 300w\" sizes=\"(max-width: 768px) 100vw, 768px\" \/><\/p>\n<h2>Im NSG Klobichsee ganz urig<\/h2>\n<p><img loading=\"lazy\" class=\"aligncenter size-full wp-image-17520\" title=\"Bl\u00fchende Wiese\" src=\"http:\/\/www.rhizom.de\/wandern\/wp-content\/uploads\/2020\/05\/20200527-gelb-bluehende-Wiese.jpg\" alt=\"Bl\u00fchende Wiese\" width=\"768\" height=\"444\" srcset=\"http:\/\/www.rhizom.de\/wandern\/wp-content\/uploads\/2020\/05\/20200527-gelb-bluehende-Wiese.jpg 768w, http:\/\/www.rhizom.de\/wandern\/wp-content\/uploads\/2020\/05\/20200527-gelb-bluehende-Wiese-300x173.jpg 300w\" sizes=\"(max-width: 768px) 100vw, 768px\" \/><\/p>\n<p><img loading=\"lazy\" class=\"aligncenter size-full wp-image-17521\" title=\"Biberwerk mit schlechter Umsetzung von Arbeitsschutz\" src=\"http:\/\/www.rhizom.de\/wandern\/wp-content\/uploads\/2020\/05\/20200527-falscfh-genagt.jpg\" alt=\"Biberwerk mit schlechter Umsetzung von Arbeitsschutz\" width=\"768\" height=\"444\" srcset=\"http:\/\/www.rhizom.de\/wandern\/wp-content\/uploads\/2020\/05\/20200527-falscfh-genagt.jpg 768w, http:\/\/www.rhizom.de\/wandern\/wp-content\/uploads\/2020\/05\/20200527-falscfh-genagt-300x173.jpg 300w\" sizes=\"(max-width: 768px) 100vw, 768px\" \/><\/p>\n<p><img loading=\"lazy\" class=\"aligncenter size-full wp-image-17522\" title=\"Lebenswelt der Biber\" src=\"http:\/\/www.rhizom.de\/wandern\/wp-content\/uploads\/2020\/05\/20200527-Sumpf-des-Bibers.jpg\" alt=\"Lebenswelt der Biber\" width=\"768\" height=\"444\" srcset=\"http:\/\/www.rhizom.de\/wandern\/wp-content\/uploads\/2020\/05\/20200527-Sumpf-des-Bibers.jpg 768w, http:\/\/www.rhizom.de\/wandern\/wp-content\/uploads\/2020\/05\/20200527-Sumpf-des-Bibers-300x173.jpg 300w\" sizes=\"(max-width: 768px) 100vw, 768px\" \/><\/p>\n<h2>Alles rund auf dem Rundweg<\/h2>\n<p><img loading=\"lazy\" class=\"aligncenter size-full wp-image-17523\" title=\"Kleinstwandergruppe unterwegs\" src=\"http:\/\/www.rhizom.de\/wandern\/wp-content\/uploads\/2020\/05\/20200527-Kleinstwandergruppe.jpg\" alt=\"Kleinstwandergruppe unterwegs\" width=\"768\" height=\"444\" srcset=\"http:\/\/www.rhizom.de\/wandern\/wp-content\/uploads\/2020\/05\/20200527-Kleinstwandergruppe.jpg 768w, http:\/\/www.rhizom.de\/wandern\/wp-content\/uploads\/2020\/05\/20200527-Kleinstwandergruppe-300x173.jpg 300w\" sizes=\"(max-width: 768px) 100vw, 768px\" \/><\/p>\n<p><img loading=\"lazy\" class=\"aligncenter size-full wp-image-17552\" title=\"Steil abw\u00e4rts auf dem Klobichsee-Rundweg: Fr\u00fchst\u00fcck\" src=\"http:\/\/www.rhizom.de\/wandern\/wp-content\/uploads\/2020\/05\/20200527-Rundweg-Klobichsee.jpg\" alt=\"Steil abw\u00e4rts am Klobichsee\" width=\"768\" height=\"444\" srcset=\"http:\/\/www.rhizom.de\/wandern\/wp-content\/uploads\/2020\/05\/20200527-Rundweg-Klobichsee.jpg 768w, http:\/\/www.rhizom.de\/wandern\/wp-content\/uploads\/2020\/05\/20200527-Rundweg-Klobichsee-300x173.jpg 300w\" sizes=\"(max-width: 768px) 100vw, 768px\" \/><\/p>\n<p><img loading=\"lazy\" class=\"aligncenter size-full wp-image-17553\" title=\"Seeblick mit Sonnenflimmer \" src=\"http:\/\/www.rhizom.de\/wandern\/wp-content\/uploads\/2020\/05\/20200527-Flimmern-auf-dem-Klobichsee.jpg\" alt=\"Seeblick mit Sonnenflimmer \" width=\"768\" height=\"444\" srcset=\"http:\/\/www.rhizom.de\/wandern\/wp-content\/uploads\/2020\/05\/20200527-Flimmern-auf-dem-Klobichsee.jpg 768w, http:\/\/www.rhizom.de\/wandern\/wp-content\/uploads\/2020\/05\/20200527-Flimmern-auf-dem-Klobichsee-300x173.jpg 300w\" sizes=\"(max-width: 768px) 100vw, 768px\" \/><\/p>\n<h2>Nahblick : Weitblick<\/h2>\n<p><img loading=\"lazy\" class=\"aligncenter size-full wp-image-17554\" src=\"http:\/\/www.rhizom.de\/wandern\/wp-content\/uploads\/2020\/05\/20200527-Wasserstand-Klobichsee.jpg\" alt=\"Wasserstand Klobichsee\" width=\"768\" height=\"444\" srcset=\"http:\/\/www.rhizom.de\/wandern\/wp-content\/uploads\/2020\/05\/20200527-Wasserstand-Klobichsee.jpg 768w, http:\/\/www.rhizom.de\/wandern\/wp-content\/uploads\/2020\/05\/20200527-Wasserstand-Klobichsee-300x173.jpg 300w\" sizes=\"(max-width: 768px) 100vw, 768px\" \/><\/p>\n<p><img loading=\"lazy\" class=\"aligncenter size-full wp-image-17525\" title=\"Gro\u00dfer Klobichsee\" src=\"http:\/\/www.rhizom.de\/wandern\/wp-content\/uploads\/2020\/05\/20200527-Grosser-Klobichsee.jpg\" alt=\"Gro\u00dfer Klobichsee\" width=\"768\" height=\"444\" srcset=\"http:\/\/www.rhizom.de\/wandern\/wp-content\/uploads\/2020\/05\/20200527-Grosser-Klobichsee.jpg 768w, http:\/\/www.rhizom.de\/wandern\/wp-content\/uploads\/2020\/05\/20200527-Grosser-Klobichsee-300x173.jpg 300w\" sizes=\"(max-width: 768px) 100vw, 768px\" \/><\/p>\n<h2>Ab Gro\u00dfer Klobichsee alles \u00fcberraschend<\/h2>\n<p>Vor allem: Campingplatz ge\u00f6ffnet auch f\u00fcr Zelte! Mit s\u00e4mtlichen sanit\u00e4ren Einrichtungen!<\/p>\n<p><img loading=\"lazy\" class=\"aligncenter size-full wp-image-17514\" title=\"Badepause am Klobichsee\" src=\"http:\/\/www.rhizom.de\/wandern\/wp-content\/uploads\/2020\/05\/20200527-Badepause.jpg\" alt=\"Badepause am Klobichsee\" width=\"768\" height=\"444\" srcset=\"http:\/\/www.rhizom.de\/wandern\/wp-content\/uploads\/2020\/05\/20200527-Badepause.jpg 768w, http:\/\/www.rhizom.de\/wandern\/wp-content\/uploads\/2020\/05\/20200527-Badepause-300x173.jpg 300w\" sizes=\"(max-width: 768px) 100vw, 768px\" \/><br \/>\nMit himmelblauem, ziemlich frischem Wasser&#8230;<\/p>\n<p><img loading=\"lazy\" class=\"aligncenter size-full wp-image-17515\" title=\"Bl\u00fchen unter Wasser\" src=\"http:\/\/www.rhizom.de\/wandern\/wp-content\/uploads\/2020\/05\/20200527-unter-Wasser.jpg\" alt=\"Bl\u00fchen unter Wasser\" width=\"768\" height=\"444\" srcset=\"http:\/\/www.rhizom.de\/wandern\/wp-content\/uploads\/2020\/05\/20200527-unter-Wasser.jpg 768w, http:\/\/www.rhizom.de\/wandern\/wp-content\/uploads\/2020\/05\/20200527-unter-Wasser-300x173.jpg 300w\" sizes=\"(max-width: 768px) 100vw, 768px\" \/><\/p>\n<p>&#8230;mit Unterwasser-Bl\u00fcten in Wasserwald,<\/p>\n<p><img loading=\"lazy\" class=\"aligncenter size-full wp-image-17516\" title=\"Waldhonigproduktion\" src=\"http:\/\/www.rhizom.de\/wandern\/wp-content\/uploads\/2020\/05\/20200527-Waldhonig.jpg\" alt=\"Produktion von Waldhonig\" width=\"768\" height=\"444\" srcset=\"http:\/\/www.rhizom.de\/wandern\/wp-content\/uploads\/2020\/05\/20200527-Waldhonig.jpg 768w, http:\/\/www.rhizom.de\/wandern\/wp-content\/uploads\/2020\/05\/20200527-Waldhonig-300x173.jpg 300w\" sizes=\"(max-width: 768px) 100vw, 768px\" \/><\/p>\n<p>&#8230;mit summenden, sammelnden schwarzen Punkten im ziemlich trockenen Wald&#8230;<\/p>\n<p><img loading=\"lazy\" class=\"aligncenter size-full wp-image-17560\" title=\"Schulzen-See und Kleingew\u00e4sser\" src=\"http:\/\/www.rhizom.de\/wandern\/wp-content\/uploads\/2020\/05\/20200527-Schulzen-See.jpg\" alt=\"Schulzen-See und Kleingew\u00e4sser\" width=\"768\" height=\"444\" srcset=\"http:\/\/www.rhizom.de\/wandern\/wp-content\/uploads\/2020\/05\/20200527-Schulzen-See.jpg 768w, http:\/\/www.rhizom.de\/wandern\/wp-content\/uploads\/2020\/05\/20200527-Schulzen-See-300x173.jpg 300w\" sizes=\"(max-width: 768px) 100vw, 768px\" \/><\/p>\n<p>Mittagspause so gut wie mitten im Schulzen-See. Sp\u00e4ter Unkenrufe in seitlichen Kleingew\u00e4ssern, die entsprechend Karte einst eine Verbindung zum See gehabt haben d\u00fcrften. Das Sanierungsschild allerdings geh\u00f6rt in direkte Ortslage Obersdorf.<\/p>\n<p><img loading=\"lazy\" class=\"aligncenter size-full wp-image-17517\" title=\"Mittag am Schulzen-See\" src=\"http:\/\/www.rhizom.de\/wandern\/wp-content\/uploads\/2020\/05\/20200527-Mittagspause-Schulzen.See_.jpg\" alt=\"Mittag am Schulzen-See\" width=\"768\" height=\"444\" srcset=\"http:\/\/www.rhizom.de\/wandern\/wp-content\/uploads\/2020\/05\/20200527-Mittagspause-Schulzen.See_.jpg 768w, http:\/\/www.rhizom.de\/wandern\/wp-content\/uploads\/2020\/05\/20200527-Mittagspause-Schulzen.See_-300x173.jpg 300w\" sizes=\"(max-width: 768px) 100vw, 768px\" \/><\/p>\n<p>L\u00e4ngs der Stra\u00dfe nach Obersdorf eine bunt bl\u00fchende &#8220;Bienenweide&#8221;: unfassbar intensiv goldene, <a href=\"https:\/\/de.wikipedia.org\/wiki\/Kalifornischer_Mohn\" target=\"_blank\" rel=\"noopener\">kalifornische Mohnbl\u00fcten<\/a>. Initiative f\u00fcr Insekten-Artenvielfalt. Gleichzeitig Klimawandel-Vorsorge mit W\u00fcsten-Neophyt? \u2192 <a href=\"https:\/\/www.youtube.com\/watch?v=HV8czjesj8I\" target=\"_blank\" rel=\"noopener\">30.04.2020 &#8211; 8. (\u00f6ffentliche) Sitzung des Ausschusses f\u00fcr Landwirtschaft, Umwelt und Klimaschutz<\/a> des Landes Brandenburg.<\/p>\n<p><img loading=\"lazy\" class=\"aligncenter size-full wp-image-17518\" title=\"Kalifornischer Mohn\" src=\"http:\/\/www.rhizom.de\/wandern\/wp-content\/uploads\/2020\/05\/20200527-Bienenweide.jpg\" alt=\"Kalifornischer Mohn\" width=\"768\" height=\"444\" srcset=\"http:\/\/www.rhizom.de\/wandern\/wp-content\/uploads\/2020\/05\/20200527-Bienenweide.jpg 768w, http:\/\/www.rhizom.de\/wandern\/wp-content\/uploads\/2020\/05\/20200527-Bienenweide-300x173.jpg 300w\" sizes=\"(max-width: 768px) 100vw, 768px\" \/><\/p>\n<h2>In Obersdorf versteckte Ecken<\/h2>\n<p><img loading=\"lazy\" class=\"aligncenter size-full wp-image-17519\" title=\"Wiesen bei Obersdorf\" src=\"http:\/\/www.rhizom.de\/wandern\/wp-content\/uploads\/2020\/05\/20200527-Wiesen-bei-Obersdorf.jpg\" alt=\"Wiesen bei Obersdorf\" width=\"768\" height=\"444\" srcset=\"http:\/\/www.rhizom.de\/wandern\/wp-content\/uploads\/2020\/05\/20200527-Wiesen-bei-Obersdorf.jpg 768w, http:\/\/www.rhizom.de\/wandern\/wp-content\/uploads\/2020\/05\/20200527-Wiesen-bei-Obersdorf-300x173.jpg 300w\" sizes=\"(max-width: 768px) 100vw, 768px\" \/><\/p>\n<p><img loading=\"lazy\" class=\"aligncenter size-full wp-image-17509\" title=\"Obersdorf, Kirche\" src=\"http:\/\/www.rhizom.de\/wandern\/wp-content\/uploads\/2020\/05\/20200527-Obersdorf-Kirche.jpg\" alt=\"Obersdorf, Kirche\" width=\"768\" height=\"444\" srcset=\"http:\/\/www.rhizom.de\/wandern\/wp-content\/uploads\/2020\/05\/20200527-Obersdorf-Kirche.jpg 768w, http:\/\/www.rhizom.de\/wandern\/wp-content\/uploads\/2020\/05\/20200527-Obersdorf-Kirche-300x173.jpg 300w\" sizes=\"(max-width: 768px) 100vw, 768px\" \/><\/p>\n<p><img loading=\"lazy\" class=\"aligncenter size-full wp-image-17513\" title=\"Filmkulisse Tom Sayer\" src=\"http:\/\/www.rhizom.de\/wandern\/wp-content\/uploads\/2020\/05\/20200527-Filmkulisse-Tom-Sayer.jpg\" alt=\"Filmkulisse Tom Sayer\" width=\"768\" height=\"444\" srcset=\"http:\/\/www.rhizom.de\/wandern\/wp-content\/uploads\/2020\/05\/20200527-Filmkulisse-Tom-Sayer.jpg 768w, http:\/\/www.rhizom.de\/wandern\/wp-content\/uploads\/2020\/05\/20200527-Filmkulisse-Tom-Sayer-300x173.jpg 300w\" sizes=\"(max-width: 768px) 100vw, 768px\" \/><\/p>\n<p><img loading=\"lazy\" class=\"aligncenter size-full wp-image-17510\" title=\"Obersdorfer Vordersee\" src=\"http:\/\/www.rhizom.de\/wandern\/wp-content\/uploads\/2020\/05\/20200527-Obersdorfer-Haussee.jpg\" alt=\"Obersdorfer Vordersee\" width=\"768\" height=\"444\" srcset=\"http:\/\/www.rhizom.de\/wandern\/wp-content\/uploads\/2020\/05\/20200527-Obersdorfer-Haussee.jpg 768w, http:\/\/www.rhizom.de\/wandern\/wp-content\/uploads\/2020\/05\/20200527-Obersdorfer-Haussee-300x173.jpg 300w\" sizes=\"(max-width: 768px) 100vw, 768px\" \/><\/p>\n<p><img loading=\"lazy\" class=\"aligncenter size-full wp-image-17511\" title=\"Obersdorf, Wiese\" src=\"http:\/\/www.rhizom.de\/wandern\/wp-content\/uploads\/2020\/05\/20200527-Obersdorfer-Wiese.jpg\" alt=\"Obersdorf, Wiese\" width=\"768\" height=\"444\" srcset=\"http:\/\/www.rhizom.de\/wandern\/wp-content\/uploads\/2020\/05\/20200527-Obersdorfer-Wiese.jpg 768w, http:\/\/www.rhizom.de\/wandern\/wp-content\/uploads\/2020\/05\/20200527-Obersdorfer-Wiese-300x173.jpg 300w\" sizes=\"(max-width: 768px) 100vw, 768px\" \/><\/p>\n<p><img loading=\"lazy\" class=\"aligncenter size-full wp-image-17512\" title=\"Obersdorf, Storchennest\" src=\"http:\/\/www.rhizom.de\/wandern\/wp-content\/uploads\/2020\/05\/20200527-Obersdorf-Storchennest.jpg\" alt=\"Obersdorf, Storchennest\" width=\"768\" height=\"444\" srcset=\"http:\/\/www.rhizom.de\/wandern\/wp-content\/uploads\/2020\/05\/20200527-Obersdorf-Storchennest.jpg 768w, http:\/\/www.rhizom.de\/wandern\/wp-content\/uploads\/2020\/05\/20200527-Obersdorf-Storchennest-300x173.jpg 300w\" sizes=\"(max-width: 768px) 100vw, 768px\" \/><\/p>\n<h2 style=\"text-align: center; padding-top: 25px; padding-bottom: 25px;\">WAS F\u00dcR EIN WUNDERVOLLER TAG!<\/h2>\n<h2>Und dann<\/h2>\n<p>hei\u00dft es bereits wieder: Prost \u00e0 la Trump&#8230; zum Gl\u00fcck ist da die Maske vor&#8230;<\/p>\n<p><img loading=\"lazy\" class=\"aligncenter size-full wp-image-17506\" title=\"Wir sch\u00fctzen uns\" src=\"http:\/\/www.rhizom.de\/wandern\/wp-content\/uploads\/2020\/05\/20200527-Coronazeit.jpg\" alt=\"Wir sch\u00fctzen uns\" width=\"768\" height=\"444\" srcset=\"http:\/\/www.rhizom.de\/wandern\/wp-content\/uploads\/2020\/05\/20200527-Coronazeit.jpg 768w, http:\/\/www.rhizom.de\/wandern\/wp-content\/uploads\/2020\/05\/20200527-Coronazeit-300x173.jpg 300w\" sizes=\"(max-width: 768px) 100vw, 768px\" \/><br \/>\nDer Zug schafft es gerade bis Lichtenberg. Die S-Bahn bleibt wegen Weichenst\u00f6rung g\u00e4nzlich stehen. Vier z\u00e4he Kilometer per pedes.<\/p>\n<p><img loading=\"lazy\" class=\"aligncenter size-full wp-image-17544\" title=\"Berlin, Blick von der Oberbaum-Br\u00fccke\" src=\"http:\/\/www.rhizom.de\/wandern\/wp-content\/uploads\/2020\/05\/20200527-Oberbaum-Bruecken-Blick.jpg\" alt=\"Blick von der Oberbraumbr\u00fccke\" width=\"768\" height=\"444\" srcset=\"http:\/\/www.rhizom.de\/wandern\/wp-content\/uploads\/2020\/05\/20200527-Oberbaum-Bruecken-Blick.jpg 768w, http:\/\/www.rhizom.de\/wandern\/wp-content\/uploads\/2020\/05\/20200527-Oberbaum-Bruecken-Blick-300x173.jpg 300w\" sizes=\"(max-width: 768px) 100vw, 768px\" \/><\/p>\n<p>Ein bisschen Kontrast zum heutigen Naturerlebnis: Kreuzberg ist zu sch\u00f6n verr\u00fcckt&#8230;<\/p>\n<p><img loading=\"lazy\" class=\"aligncenter size-full wp-image-17543\" title=\"Berlin, Schlesisches Tor\" src=\"http:\/\/www.rhizom.de\/wandern\/wp-content\/uploads\/2020\/05\/20200527-Schlesisches-Tor.jpg\" alt=\"Berlin, Schlesisches Tor\" width=\"768\" height=\"444\" srcset=\"http:\/\/www.rhizom.de\/wandern\/wp-content\/uploads\/2020\/05\/20200527-Schlesisches-Tor.jpg 768w, http:\/\/www.rhizom.de\/wandern\/wp-content\/uploads\/2020\/05\/20200527-Schlesisches-Tor-300x173.jpg 300w\" sizes=\"(max-width: 768px) 100vw, 768px\" \/><br \/>\n&#8230;sogar bei h\u00f6flichem Verzicht auf Menschenbild.<\/p>\n<p><img loading=\"lazy\" class=\"aligncenter size-full wp-image-17545\" title=\"Am Anfang war die Wahl\" src=\"http:\/\/www.rhizom.de\/wandern\/wp-content\/uploads\/2020\/05\/20200527-am-Anfang-war-die-Wahl.jpg\" alt=\"Am Anfang war die Wahl\" width=\"768\" height=\"444\" srcset=\"http:\/\/www.rhizom.de\/wandern\/wp-content\/uploads\/2020\/05\/20200527-am-Anfang-war-die-Wahl.jpg 768w, http:\/\/www.rhizom.de\/wandern\/wp-content\/uploads\/2020\/05\/20200527-am-Anfang-war-die-Wahl-300x173.jpg 300w\" sizes=\"(max-width: 768px) 100vw, 768px\" \/><\/p>\n<p>Wer wei\u00df, wer wei\u00df wie lange noch&#8230;<\/p>\n<p><img loading=\"lazy\" class=\"aligncenter size-full wp-image-17507\" title=\"Berlin Kreuzberg, zwischen Lausitzer Platz und Kottbuser Tor\" src=\"http:\/\/www.rhizom.de\/wandern\/wp-content\/uploads\/2020\/05\/20200527-Berlin-Kreuzberg.jpg\" alt=\"Berlin Kreuzberg, zwischen Lausitzer Platz und Kottbuser Tor\" width=\"768\" height=\"444\" srcset=\"http:\/\/www.rhizom.de\/wandern\/wp-content\/uploads\/2020\/05\/20200527-Berlin-Kreuzberg.jpg 768w, http:\/\/www.rhizom.de\/wandern\/wp-content\/uploads\/2020\/05\/20200527-Berlin-Kreuzberg-300x173.jpg 300w\" sizes=\"(max-width: 768px) 100vw, 768px\" \/><\/p>\n","protected":false},"excerpt":{"rendered":"<p>27. Mai 2020, Coronazeit. 15\u00a0abwechslungsreiche Kilometer mit nun offiziell genehmigter \u201eKleingruppe\u201c des Wandersportvereins Rotation Berlin, Leitung Eckhard Knauer: eine Runde M\u00e4rkische Schweiz ab Bahnhof M\u00fcncheberg, \u00fcber Dahmsdorf \u2013 K\u00f6ter-Berge \u2013 NSG Klobichsee \u2013 Gro\u00dfer Klobichsee, Nordseite \u2013 Schulzen-See \u2013 M\u00fcnchehofer Chaussee \u2013 Obersdorf mit Vordersee, Storchennest und Kirche bis Bahnhof Obersdorf Teil 2: Solo spezial. &#8230; <a title=\"NSG Klobichsee\" class=\"read-more\" href=\"http:\/\/www.rhizom.de\/wandern\/2020\/05\/28\/klobichsee\/\">Read more<\/a><\/p>\n","protected":false},"author":1,"featured_media":0,"comment_status":"open","ping_status":"open","sticky":false,"template":"","format":"standard","meta":{"generate_page_header":""},"categories":[6],"tags":[146],"_links":{"self":[{"href":"http:\/\/www.rhizom.de\/wandern\/wp-json\/wp\/v2\/posts\/17505"}],"collection":[{"href":"http:\/\/www.rhizom.de\/wandern\/wp-json\/wp\/v2\/posts"}],"about":[{"href":"http:\/\/www.rhizom.de\/wandern\/wp-json\/wp\/v2\/types\/post"}],"author":[{"embeddable":true,"href":"http:\/\/www.rhizom.de\/wandern\/wp-json\/wp\/v2\/users\/1"}],"replies":[{"embeddable":true,"href":"http:\/\/www.rhizom.de\/wandern\/wp-json\/wp\/v2\/comments?post=17505"}],"version-history":[{"count":37,"href":"http:\/\/www.rhizom.de\/wandern\/wp-json\/wp\/v2\/posts\/17505\/revisions"}],"predecessor-version":[{"id":17588,"href":"http:\/\/www.rhizom.de\/wandern\/wp-json\/wp\/v2\/posts\/17505\/revisions\/17588"}],"wp:attachment":[{"href":"http:\/\/www.rhizom.de\/wandern\/wp-json\/wp\/v2\/media?parent=17505"}],"wp:term":[{"taxonomy":"category","embeddable":true,"href":"http:\/\/www.rhizom.de\/wandern\/wp-json\/wp\/v2\/categories?post=17505"},{"taxonomy":"post_tag","embeddable":true,"href":"http:\/\/www.rhizom.de\/wandern\/wp-json\/wp\/v2\/tags?post=17505"}],"curies":[{"name":"wp","href":"https:\/\/api.w.org\/{rel}","templated":true}]}}