{"id":17602,"date":"2020-06-02T22:40:41","date_gmt":"2020-06-02T20:40:41","guid":{"rendered":"http:\/\/www.rhizom.de\/wandern\/?p=17602"},"modified":"2020-06-03T15:03:18","modified_gmt":"2020-06-03T13:03:18","slug":"naturpark-maerkische-schweiz","status":"publish","type":"post","link":"http:\/\/www.rhizom.de\/wandern\/2020\/06\/02\/naturpark-maerkische-schweiz\/","title":{"rendered":"Naturpark M\u00e4rkische Schweiz"},"content":{"rendered":"<p><strong>2020, Pfingsten, das liebliche Fest war gekommen, es gr\u00fcnten und bl\u00fchten Feld und Wald&#8230;<br \/>\nSolo zu zweit, zwischen arktisch und w\u00fcstenhei\u00df.<br \/>\n<\/strong><\/p>\n<h2>1.Tag, ca. 15 km<\/h2>\n<p><strong>Obersdorf \u2013 Campingpark Gro\u00dfer Klobichsee \u2013 Rundweg Klobichsee <\/strong><br \/>\nAls Backpacker bleiben wir an diesen drei Pfingsttagen Sonderlinge neben einigen eine-Nacht-Radzeltlern mit Wiedersehensgarantie. Normalo hat Auto.<\/p>\n<figure id=\"attachment_17603\" aria-describedby=\"caption-attachment-17603\" style=\"width: 758px\" class=\"wp-caption aligncenter\"><img loading=\"lazy\" class=\"size-full wp-image-17603\" src=\"http:\/\/www.rhizom.de\/wandern\/wp-content\/uploads\/2020\/06\/20200530_Campingplatz-Grosser-Klobichsee.jpg\" alt=\"Campingpark Gro\u00dfer Klobichsee\" width=\"768\" height=\"444\" srcset=\"http:\/\/www.rhizom.de\/wandern\/wp-content\/uploads\/2020\/06\/20200530_Campingplatz-Grosser-Klobichsee.jpg 768w, http:\/\/www.rhizom.de\/wandern\/wp-content\/uploads\/2020\/06\/20200530_Campingplatz-Grosser-Klobichsee-300x173.jpg 300w\" sizes=\"(max-width: 768px) 100vw, 768px\" \/><figcaption id=\"caption-attachment-17603\" class=\"wp-caption-text\">Kleine Zelte d\u00fcrfen einsam sein.<\/figcaption><\/figure>\n<figure id=\"attachment_17614\" aria-describedby=\"caption-attachment-17614\" style=\"width: 758px\" class=\"wp-caption aligncenter\"><img loading=\"lazy\" class=\"size-full wp-image-17614\" src=\"http:\/\/www.rhizom.de\/wandern\/wp-content\/uploads\/2020\/06\/20200530_Grosser-Klobichsee.jpg\" alt=\"Panorama Gro\u00dfer Klobichsee\" width=\"768\" height=\"444\" srcset=\"http:\/\/www.rhizom.de\/wandern\/wp-content\/uploads\/2020\/06\/20200530_Grosser-Klobichsee.jpg 768w, http:\/\/www.rhizom.de\/wandern\/wp-content\/uploads\/2020\/06\/20200530_Grosser-Klobichsee-300x173.jpg 300w\" sizes=\"(max-width: 768px) 100vw, 768px\" \/><figcaption id=\"caption-attachment-17614\" class=\"wp-caption-text\">Panorama Gro\u00dfer Klobichsee<\/figcaption><\/figure>\n<h2>Auf kleinem Trail<\/h2>\n<figure id=\"attachment_17630\" aria-describedby=\"caption-attachment-17630\" style=\"width: 758px\" class=\"wp-caption aligncenter\"><img loading=\"lazy\" class=\"size-full wp-image-17630\" src=\"http:\/\/www.rhizom.de\/wandern\/wp-content\/uploads\/2020\/06\/20200530-Fohlen.jpg\" alt=\"Stute und Fohlen\" width=\"768\" height=\"444\" srcset=\"http:\/\/www.rhizom.de\/wandern\/wp-content\/uploads\/2020\/06\/20200530-Fohlen.jpg 768w, http:\/\/www.rhizom.de\/wandern\/wp-content\/uploads\/2020\/06\/20200530-Fohlen-300x173.jpg 300w\" sizes=\"(max-width: 768px) 100vw, 768px\" \/><figcaption id=\"caption-attachment-17630\" class=\"wp-caption-text\">Sch\u00f6nheiten<\/figcaption><\/figure>\n<figure id=\"attachment_17645\" aria-describedby=\"caption-attachment-17645\" style=\"width: 758px\" class=\"wp-caption aligncenter\"><img loading=\"lazy\" class=\"size-full wp-image-17645\" src=\"http:\/\/www.rhizom.de\/wandern\/wp-content\/uploads\/2020\/06\/20200530-Fohlen-mit-weissen-Socken.jpg\" alt=\"Irgendwie noch ziemlich wacklig auf die vier Beene\" width=\"768\" height=\"444\" srcset=\"http:\/\/www.rhizom.de\/wandern\/wp-content\/uploads\/2020\/06\/20200530-Fohlen-mit-weissen-Socken.jpg 768w, http:\/\/www.rhizom.de\/wandern\/wp-content\/uploads\/2020\/06\/20200530-Fohlen-mit-weissen-Socken-300x173.jpg 300w\" sizes=\"(max-width: 768px) 100vw, 768px\" \/><figcaption id=\"caption-attachment-17645\" class=\"wp-caption-text\">noch h\u00f6chst staksig und wacklig auf seine vier Beene<\/figcaption><\/figure>\n<p><strong>Landschaft um M\u00fcnchehofe<\/strong><br \/>\n&#8220;Hike Your Own Hike&#8221;. Muss er ber\u00fchmt und fern sein,\u00a0der Wanderweg?<\/p>\n<figure id=\"attachment_17658\" aria-describedby=\"caption-attachment-17658\" style=\"width: 758px\" class=\"wp-caption aligncenter\"><img loading=\"lazy\" class=\"size-full wp-image-17658\" src=\"http:\/\/www.rhizom.de\/wandern\/wp-content\/uploads\/2020\/06\/20200530-Labkraut-Kornblume-Mohn.jpg\" alt=\"Labkraut, Kornblume und Klatschmohn\" width=\"768\" height=\"444\" srcset=\"http:\/\/www.rhizom.de\/wandern\/wp-content\/uploads\/2020\/06\/20200530-Labkraut-Kornblume-Mohn.jpg 768w, http:\/\/www.rhizom.de\/wandern\/wp-content\/uploads\/2020\/06\/20200530-Labkraut-Kornblume-Mohn-300x173.jpg 300w\" sizes=\"(max-width: 768px) 100vw, 768px\" \/><figcaption id=\"caption-attachment-17658\" class=\"wp-caption-text\">Labkraut, Kornblume und Klatschmohn<\/figcaption><\/figure>\n<figure id=\"attachment_17629\" aria-describedby=\"caption-attachment-17629\" style=\"width: 758px\" class=\"wp-caption aligncenter\"><img loading=\"lazy\" class=\"size-full wp-image-17629\" src=\"http:\/\/www.rhizom.de\/wandern\/wp-content\/uploads\/2020\/06\/20200530-Wiese.jpg\" alt=\"Abendsonne auf den Trockenh\u00e4ngen\" width=\"768\" height=\"444\" srcset=\"http:\/\/www.rhizom.de\/wandern\/wp-content\/uploads\/2020\/06\/20200530-Wiese.jpg 768w, http:\/\/www.rhizom.de\/wandern\/wp-content\/uploads\/2020\/06\/20200530-Wiese-300x173.jpg 300w\" sizes=\"(max-width: 768px) 100vw, 768px\" \/><figcaption id=\"caption-attachment-17629\" class=\"wp-caption-text\">Abendsonne auf den Trockenrasenh\u00e4ngen<\/figcaption><\/figure>\n<figure id=\"attachment_17656\" aria-describedby=\"caption-attachment-17656\" style=\"width: 758px\" class=\"wp-caption aligncenter\"><img loading=\"lazy\" class=\"size-full wp-image-17656\" src=\"http:\/\/www.rhizom.de\/wandern\/wp-content\/uploads\/2020\/06\/20200530_wellige-Hochflaechen.jpg\" alt=\"Wellige Hochfl\u00e4chen so weit der Blick reicht\" width=\"768\" height=\"444\" srcset=\"http:\/\/www.rhizom.de\/wandern\/wp-content\/uploads\/2020\/06\/20200530_wellige-Hochflaechen.jpg 768w, http:\/\/www.rhizom.de\/wandern\/wp-content\/uploads\/2020\/06\/20200530_wellige-Hochflaechen-300x173.jpg 300w\" sizes=\"(max-width: 768px) 100vw, 768px\" \/><figcaption id=\"caption-attachment-17656\" class=\"wp-caption-text\">Wellige Hochfl\u00e4chen so weit der Blick reicht<\/figcaption><\/figure>\n<figure id=\"attachment_17627\" aria-describedby=\"caption-attachment-17627\" style=\"width: 758px\" class=\"wp-caption aligncenter\"><img loading=\"lazy\" class=\"size-full wp-image-17627\" src=\"http:\/\/www.rhizom.de\/wandern\/wp-content\/uploads\/2020\/06\/20200530_Grasland.jpg\" alt=\"Grasland\" width=\"768\" height=\"444\" srcset=\"http:\/\/www.rhizom.de\/wandern\/wp-content\/uploads\/2020\/06\/20200530_Grasland.jpg 768w, http:\/\/www.rhizom.de\/wandern\/wp-content\/uploads\/2020\/06\/20200530_Grasland-300x173.jpg 300w\" sizes=\"(max-width: 768px) 100vw, 768px\" \/><figcaption id=\"caption-attachment-17627\" class=\"wp-caption-text\">Einstiges Ackerland oder Weide wie seit Urzeiten, nur die Kuhlen v\u00f6llig ausgetrocknet<\/figcaption><\/figure>\n<figure id=\"attachment_17660\" aria-describedby=\"caption-attachment-17660\" style=\"width: 758px\" class=\"wp-caption aligncenter\"><img loading=\"lazy\" class=\"size-full wp-image-17660\" src=\"http:\/\/www.rhizom.de\/wandern\/wp-content\/uploads\/2020\/06\/20200530-Spuren-einer-Nacht.jpg\" alt=\"Spuren im Sand\" width=\"768\" height=\"444\" srcset=\"http:\/\/www.rhizom.de\/wandern\/wp-content\/uploads\/2020\/06\/20200530-Spuren-einer-Nacht.jpg 768w, http:\/\/www.rhizom.de\/wandern\/wp-content\/uploads\/2020\/06\/20200530-Spuren-einer-Nacht-300x173.jpg 300w\" sizes=\"(max-width: 768px) 100vw, 768px\" \/><figcaption id=\"caption-attachment-17660\" class=\"wp-caption-text\">Spuren im Sand<\/figcaption><\/figure>\n<p>Warum deutsche Volkslieder, vor allem die sehns\u00fcchtigen, chancenlos vergessen sind: es muss drau\u00dfen Abend werden d\u00fcrfen.<\/p>\n<p><strong>Alte M\u00fchle und Drei Eichen<\/strong><\/p>\n<figure id=\"attachment_17617\" aria-describedby=\"caption-attachment-17617\" style=\"width: 758px\" class=\"wp-caption aligncenter\"><img loading=\"lazy\" class=\"size-full wp-image-17617\" src=\"http:\/\/www.rhizom.de\/wandern\/wp-content\/uploads\/2020\/06\/20200530_duesterer-Teich.jpg\" alt=\"D\u00fcsterteich an der alten M\u00fchle\" width=\"768\" height=\"444\" srcset=\"http:\/\/www.rhizom.de\/wandern\/wp-content\/uploads\/2020\/06\/20200530_duesterer-Teich.jpg 768w, http:\/\/www.rhizom.de\/wandern\/wp-content\/uploads\/2020\/06\/20200530_duesterer-Teich-300x173.jpg 300w\" sizes=\"(max-width: 768px) 100vw, 768px\" \/><figcaption id=\"caption-attachment-17617\" class=\"wp-caption-text\">D\u00fcsterteich an der alten M\u00fchle<\/figcaption><\/figure>\n<figure id=\"attachment_17616\" aria-describedby=\"caption-attachment-17616\" style=\"width: 758px\" class=\"wp-caption aligncenter\"><img loading=\"lazy\" class=\"size-full wp-image-17616\" src=\"http:\/\/www.rhizom.de\/wandern\/wp-content\/uploads\/2020\/06\/20200530_Erinnerung-Bergwaldprojekt.jpg\" alt=\"Erinnerung an meine Bergwaldprojekte\" width=\"768\" height=\"444\" srcset=\"http:\/\/www.rhizom.de\/wandern\/wp-content\/uploads\/2020\/06\/20200530_Erinnerung-Bergwaldprojekt.jpg 768w, http:\/\/www.rhizom.de\/wandern\/wp-content\/uploads\/2020\/06\/20200530_Erinnerung-Bergwaldprojekt-300x173.jpg 300w\" sizes=\"(max-width: 768px) 100vw, 768px\" \/><figcaption id=\"caption-attachment-17616\" class=\"wp-caption-text\">Was f\u00fcr eine Erinnerung an meine Bergwaldprojekte&#8230;<\/figcaption><\/figure>\n<h2>2.Tag, ca. 35 km<\/h2>\n<figure id=\"attachment_17604\" aria-describedby=\"caption-attachment-17604\" style=\"width: 758px\" class=\"wp-caption aligncenter\"><img loading=\"lazy\" class=\"size-full wp-image-17604\" src=\"http:\/\/www.rhizom.de\/wandern\/wp-content\/uploads\/2020\/06\/20200530_Camping-arktisch.jpg\" alt=\"Pfingstsonntag, morgens: irgendwie arktisch\" width=\"768\" height=\"444\" srcset=\"http:\/\/www.rhizom.de\/wandern\/wp-content\/uploads\/2020\/06\/20200530_Camping-arktisch.jpg 768w, http:\/\/www.rhizom.de\/wandern\/wp-content\/uploads\/2020\/06\/20200530_Camping-arktisch-300x173.jpg 300w\" sizes=\"(max-width: 768px) 100vw, 768px\" \/><figcaption id=\"caption-attachment-17604\" class=\"wp-caption-text\">Pfingstsonntagmorgen: irgendwie arktisch<\/figcaption><\/figure>\n<figure id=\"attachment_17643\" aria-describedby=\"caption-attachment-17643\" style=\"width: 758px\" class=\"wp-caption aligncenter\"><img loading=\"lazy\" class=\"size-full wp-image-17643\" src=\"http:\/\/www.rhizom.de\/wandern\/wp-content\/uploads\/2020\/06\/20200530-Morgengymnastik.jpg\" alt=\"Morgengymnastik oder doch eher Ohrens\u00e4ubern\" width=\"768\" height=\"444\" srcset=\"http:\/\/www.rhizom.de\/wandern\/wp-content\/uploads\/2020\/06\/20200530-Morgengymnastik.jpg 768w, http:\/\/www.rhizom.de\/wandern\/wp-content\/uploads\/2020\/06\/20200530-Morgengymnastik-300x173.jpg 300w\" sizes=\"(max-width: 768px) 100vw, 768px\" \/><figcaption id=\"caption-attachment-17643\" class=\"wp-caption-text\">Morgengymnastik oder doch eher M\u00fccke hinterm Ohr, zumindest geht es heute schon auf drei Beinen<\/figcaption><\/figure>\n<figure id=\"attachment_17612\" aria-describedby=\"caption-attachment-17612\" style=\"width: 758px\" class=\"wp-caption aligncenter\"><img loading=\"lazy\" class=\"size-full wp-image-17612\" src=\"http:\/\/www.rhizom.de\/wandern\/wp-content\/uploads\/2020\/06\/20200531_wiese-mit-kiefer.jpg\" alt=\"Der Himmel wird langsam blau\" width=\"768\" height=\"444\" srcset=\"http:\/\/www.rhizom.de\/wandern\/wp-content\/uploads\/2020\/06\/20200531_wiese-mit-kiefer.jpg 768w, http:\/\/www.rhizom.de\/wandern\/wp-content\/uploads\/2020\/06\/20200531_wiese-mit-kiefer-300x173.jpg 300w\" sizes=\"(max-width: 768px) 100vw, 768px\" \/><figcaption id=\"caption-attachment-17612\" class=\"wp-caption-text\">Langsam wird der graue Himmel sogar blau<\/figcaption><\/figure>\n<p><strong>Eichendorfer M\u00fchle mit Gartentraum\u00a0<\/strong><\/p>\n<figure id=\"attachment_17635\" aria-describedby=\"caption-attachment-17635\" style=\"width: 758px\" class=\"wp-caption aligncenter\"><img loading=\"lazy\" class=\"size-full wp-image-17635\" src=\"http:\/\/www.rhizom.de\/wandern\/wp-content\/uploads\/2020\/06\/20200531_Gartentraum.jpg\" alt=\"Gartentraum Eichendorfer M\u00fchle\" width=\"768\" height=\"444\" srcset=\"http:\/\/www.rhizom.de\/wandern\/wp-content\/uploads\/2020\/06\/20200531_Gartentraum.jpg 768w, http:\/\/www.rhizom.de\/wandern\/wp-content\/uploads\/2020\/06\/20200531_Gartentraum-300x173.jpg 300w\" sizes=\"(max-width: 768px) 100vw, 768px\" \/><figcaption id=\"caption-attachment-17635\" class=\"wp-caption-text\">Ges\u00fcnder als Maskenpflicht ist hier alles<\/figcaption><\/figure>\n<figure id=\"attachment_17638\" aria-describedby=\"caption-attachment-17638\" style=\"width: 758px\" class=\"wp-caption aligncenter\"><img loading=\"lazy\" class=\"size-full wp-image-17638\" src=\"http:\/\/www.rhizom.de\/wandern\/wp-content\/uploads\/2020\/06\/20200531_Kneipp.jpg\" alt=\"Naturpark M\u00e4rkische Schweiz nicht ohne Kneipp\" width=\"768\" height=\"444\" srcset=\"http:\/\/www.rhizom.de\/wandern\/wp-content\/uploads\/2020\/06\/20200531_Kneipp.jpg 768w, http:\/\/www.rhizom.de\/wandern\/wp-content\/uploads\/2020\/06\/20200531_Kneipp-300x173.jpg 300w\" sizes=\"(max-width: 768px) 100vw, 768px\" \/><figcaption id=\"caption-attachment-17638\" class=\"wp-caption-text\">Kein Ort in der m\u00e4rkischen Schweiz ohne Kneipp<\/figcaption><\/figure>\n<figure id=\"attachment_17637\" aria-describedby=\"caption-attachment-17637\" style=\"width: 758px\" class=\"wp-caption aligncenter\"><img loading=\"lazy\" class=\"size-full wp-image-17637\" src=\"http:\/\/www.rhizom.de\/wandern\/wp-content\/uploads\/2020\/06\/20200531_zwiebelig.jpg\" alt=\"Die Lust zum Mundraub bleibt aus\" width=\"768\" height=\"444\" srcset=\"http:\/\/www.rhizom.de\/wandern\/wp-content\/uploads\/2020\/06\/20200531_zwiebelig.jpg 768w, http:\/\/www.rhizom.de\/wandern\/wp-content\/uploads\/2020\/06\/20200531_zwiebelig-300x173.jpg 300w\" sizes=\"(max-width: 768px) 100vw, 768px\" \/><figcaption id=\"caption-attachment-17637\" class=\"wp-caption-text\">Die Lust zum Mundraub wird nicht bedient. Einige Minzebl\u00e4ttchen vervollkommnen K\u00e4sescheiben und w\u00fcrzen Wasser.<\/figcaption><\/figure>\n<p><strong>NSG Stobbertal \u2013 Grenzeiche\u00a0\u2013 Pritzhagener\u00a0M\u00fchle<\/strong><\/p>\n<figure id=\"attachment_17652\" aria-describedby=\"caption-attachment-17652\" style=\"width: 758px\" class=\"wp-caption aligncenter\"><img loading=\"lazy\" class=\"size-full wp-image-17652\" src=\"http:\/\/www.rhizom.de\/wandern\/wp-content\/uploads\/2020\/06\/20200531_Stobbertal.jpg\" alt=\"Stobbertal. Die Sonne beginnt zu brennen\" width=\"768\" height=\"444\" srcset=\"http:\/\/www.rhizom.de\/wandern\/wp-content\/uploads\/2020\/06\/20200531_Stobbertal.jpg 768w, http:\/\/www.rhizom.de\/wandern\/wp-content\/uploads\/2020\/06\/20200531_Stobbertal-300x173.jpg 300w\" sizes=\"(max-width: 768px) 100vw, 768px\" \/><figcaption id=\"caption-attachment-17652\" class=\"wp-caption-text\">Im Stobbertal. Die Sonne beginnt bereits zu brennen<\/figcaption><\/figure>\n<figure id=\"attachment_17621\" aria-describedby=\"caption-attachment-17621\" style=\"width: 758px\" class=\"wp-caption aligncenter\"><img loading=\"lazy\" class=\"size-full wp-image-17621\" src=\"http:\/\/www.rhizom.de\/wandern\/wp-content\/uploads\/2020\/06\/20200531_Grenzeiche-Pritzhagener-Muehle.jpg\" alt=\"Grenzeiche, Pritzhagener M\u00fchle\" width=\"768\" height=\"444\" srcset=\"http:\/\/www.rhizom.de\/wandern\/wp-content\/uploads\/2020\/06\/20200531_Grenzeiche-Pritzhagener-Muehle.jpg 768w, http:\/\/www.rhizom.de\/wandern\/wp-content\/uploads\/2020\/06\/20200531_Grenzeiche-Pritzhagener-Muehle-300x173.jpg 300w\" sizes=\"(max-width: 768px) 100vw, 768px\" \/><figcaption id=\"caption-attachment-17621\" class=\"wp-caption-text\">Grenzeiche oder auch &#8220;Warteeiche&#8221; an der Pritzhagener M\u00fchle mit der Aussicht auf KAFFEEEE, lechz, lechz<\/figcaption><\/figure>\n<p><strong>Gro\u00dfer Tornowsee<\/strong><\/p>\n<figure id=\"attachment_17633\" aria-describedby=\"caption-attachment-17633\" style=\"width: 758px\" class=\"wp-caption aligncenter\"><img loading=\"lazy\" class=\"size-full wp-image-17633\" src=\"http:\/\/www.rhizom.de\/wandern\/wp-content\/uploads\/2020\/06\/20200530-Tornowsee.jpg\" alt=\"Tornowsee, das Nordufer fest im Griff des Bibers\" width=\"768\" height=\"444\" srcset=\"http:\/\/www.rhizom.de\/wandern\/wp-content\/uploads\/2020\/06\/20200530-Tornowsee.jpg 768w, http:\/\/www.rhizom.de\/wandern\/wp-content\/uploads\/2020\/06\/20200530-Tornowsee-300x173.jpg 300w\" sizes=\"(max-width: 768px) 100vw, 768px\" \/><figcaption id=\"caption-attachment-17633\" class=\"wp-caption-text\">Das Nordufer Gro\u00dfer Tornowsee hat der Biber\u00a0fest im Griff.<\/figcaption><\/figure>\n<p>Am s\u00fcdlichen Ufer die Erinnerung an &#8220;alles im Fluss&#8221; und &#8220;rechtssicher&#8221;.<\/p>\n<figure id=\"attachment_17596\" aria-describedby=\"caption-attachment-17596\" style=\"width: 758px\" class=\"wp-caption aligncenter\"><img loading=\"lazy\" class=\"size-full wp-image-17596\" src=\"http:\/\/www.rhizom.de\/wandern\/wp-content\/uploads\/2017\/08\/2020-Pfingsten.jpg\" alt=\"Pfingsten, das liebliche Fest war gekommen...\" width=\"768\" height=\"444\" srcset=\"http:\/\/www.rhizom.de\/wandern\/wp-content\/uploads\/2017\/08\/2020-Pfingsten.jpg 768w, http:\/\/www.rhizom.de\/wandern\/wp-content\/uploads\/2017\/08\/2020-Pfingsten-300x173.jpg 300w\" sizes=\"(max-width: 768px) 100vw, 768px\" \/><figcaption id=\"caption-attachment-17596\" class=\"wp-caption-text\">&#8220;Wenn Brandenburg zur W\u00fcste wird, liegt es nicht an&#8230;&#8221;, und nicht an&#8230; und nicht an&#8230;<\/figcaption><\/figure>\n<p style=\"text-align: center;\">\u2192 <a href=\"http:\/\/www.rhizom.de\/wandern\/2020\/01\/30\/waldspaziergang-gegen-tesla\/\"> hier auf dem Blog zu Gr\u00fcnheide, Tesla-Gigafabrik<\/a><br \/>\n\u2192 <a href=\"https:\/\/www.youtube.com\/watch?v=HV8czjesj8I\" target=\"_blank\" rel=\"noopener\">30.04.2020 &#8211; 8. Sitzung des Ausschusses f\u00fcr Landwirtschaft, Umwelt und Klimaschutz<\/a> des Landes Brandenburg.<\/p>\n<p><strong>Buckow, die Perle im Naturpark M\u00e4rkische Schweiz, mit Buckowsee und Scherm\u00fctzelsee<\/strong>, mit falscher Bratwurst, Eis und Wasser. Immerhin. Fast lebensrettend. Auch mit\u00a0Erinnerung.<\/p>\n<figure id=\"attachment_17654\" aria-describedby=\"caption-attachment-17654\" style=\"width: 758px\" class=\"wp-caption aligncenter\"><img loading=\"lazy\" class=\"size-full wp-image-17654\" src=\"http:\/\/www.rhizom.de\/wandern\/wp-content\/uploads\/2020\/06\/Buckow-2000-2020.jpg\" alt=\"Buckow: 2000 und 2020\" width=\"768\" height=\"444\" srcset=\"http:\/\/www.rhizom.de\/wandern\/wp-content\/uploads\/2020\/06\/Buckow-2000-2020.jpg 768w, http:\/\/www.rhizom.de\/wandern\/wp-content\/uploads\/2020\/06\/Buckow-2000-2020-300x173.jpg 300w\" sizes=\"(max-width: 768px) 100vw, 768px\" \/><figcaption id=\"caption-attachment-17654\" class=\"wp-caption-text\">2x Buckow: 2000 und 2020<\/figcaption><\/figure>\n<p><strong>\u00dcber Bohlen und Br\u00fccken zur\u00a0Wurzelfichte<\/strong><\/p>\n<figure id=\"attachment_17626\" aria-describedby=\"caption-attachment-17626\" style=\"width: 758px\" class=\"wp-caption aligncenter\"><img loading=\"lazy\" class=\"size-full wp-image-17626\" src=\"http:\/\/www.rhizom.de\/wandern\/wp-content\/uploads\/2020\/06\/20200531_Wurzelfichte.jpg\" alt=\"Wurzelfichte am wild romantischen Sophienflie\u00df\" width=\"768\" height=\"444\" srcset=\"http:\/\/www.rhizom.de\/wandern\/wp-content\/uploads\/2020\/06\/20200531_Wurzelfichte.jpg 768w, http:\/\/www.rhizom.de\/wandern\/wp-content\/uploads\/2020\/06\/20200531_Wurzelfichte-300x173.jpg 300w\" sizes=\"(max-width: 768px) 100vw, 768px\" \/><figcaption id=\"caption-attachment-17626\" class=\"wp-caption-text\">&#8230;am wild romantischen Sophienflie\u00df<\/figcaption><\/figure>\n<p><strong>Drachenkehle \u2013 Wolfsschlucht <\/strong><\/p>\n<figure id=\"attachment_17609\" aria-describedby=\"caption-attachment-17609\" style=\"width: 758px\" class=\"wp-caption aligncenter\"><img loading=\"lazy\" class=\"size-full wp-image-17609\" src=\"http:\/\/www.rhizom.de\/wandern\/wp-content\/uploads\/2020\/06\/20200531_Wolfsschlucht-Solo-2.jpg\" alt=\"Wolfsschlucht von oben\" width=\"768\" height=\"444\" srcset=\"http:\/\/www.rhizom.de\/wandern\/wp-content\/uploads\/2020\/06\/20200531_Wolfsschlucht-Solo-2.jpg 768w, http:\/\/www.rhizom.de\/wandern\/wp-content\/uploads\/2020\/06\/20200531_Wolfsschlucht-Solo-2-300x173.jpg 300w\" sizes=\"(max-width: 768px) 100vw, 768px\" \/><figcaption id=\"caption-attachment-17609\" class=\"wp-caption-text\">Wolfsschlucht von oben<\/figcaption><\/figure>\n<figure id=\"attachment_17608\" aria-describedby=\"caption-attachment-17608\" style=\"width: 758px\" class=\"wp-caption aligncenter\"><img loading=\"lazy\" class=\"size-full wp-image-17608\" src=\"http:\/\/www.rhizom.de\/wandern\/wp-content\/uploads\/2020\/06\/20200531_Wolfsschlucht-Solo-1.jpg\" alt=\"Wolfsschlucht von unten\" width=\"768\" height=\"444\" srcset=\"http:\/\/www.rhizom.de\/wandern\/wp-content\/uploads\/2020\/06\/20200531_Wolfsschlucht-Solo-1.jpg 768w, http:\/\/www.rhizom.de\/wandern\/wp-content\/uploads\/2020\/06\/20200531_Wolfsschlucht-Solo-1-300x173.jpg 300w\" sizes=\"(max-width: 768px) 100vw, 768px\" \/><figcaption id=\"caption-attachment-17608\" class=\"wp-caption-text\">Wolfsschlucht von unten<\/figcaption><\/figure>\n<p><strong>Finkenherd \u2013 G\u00fcntherquelle \u2013 Am Spitzen Berg zum Alten Schulsteig<\/strong>, soweit der\u00a0ohne K\u00fche existiert.<\/p>\n<h2>Kleinod Gro\u00dfer\u00a0Barschpfuhl<\/h2>\n<p>erreichbar mit Wegweiser 50 oder 100 Meter. Einfach probieren. Mehrere Fichtenf\u00e4llungen, die wohl zus\u00e4tzlich abschrecken: sichtlich dringende Ma\u00dfnahme zur Rettung des\u00a0\u2192 <a href=\"https:\/\/de.wikipedia.org\/wiki\/Naturdenkmal\" target=\"_blank\" rel=\"noopener\">Naturdenkmals (FND)<\/a>.<\/p>\n<figure id=\"attachment_17622\" aria-describedby=\"caption-attachment-17622\" style=\"width: 758px\" class=\"wp-caption aligncenter\"><img loading=\"lazy\" class=\"size-full wp-image-17622\" src=\"http:\/\/www.rhizom.de\/wandern\/wp-content\/uploads\/2020\/06\/20200531_Grosser-Barschsee-Wollgras.jpg\" alt=\"Gro\u00dfer Barschpfuhl. Von weit her leuchten die Wollgrasfl\u00f6ckchen im Wind.\" width=\"768\" height=\"444\" srcset=\"http:\/\/www.rhizom.de\/wandern\/wp-content\/uploads\/2020\/06\/20200531_Grosser-Barschsee-Wollgras.jpg 768w, http:\/\/www.rhizom.de\/wandern\/wp-content\/uploads\/2020\/06\/20200531_Grosser-Barschsee-Wollgras-300x173.jpg 300w\" sizes=\"(max-width: 768px) 100vw, 768px\" \/><figcaption id=\"caption-attachment-17622\" class=\"wp-caption-text\">Von weit her bereits leuchten die Wollgrasfl\u00f6ckchen im\u00a0Wind.<\/figcaption><\/figure>\n<figure id=\"attachment_17623\" aria-describedby=\"caption-attachment-17623\" style=\"width: 758px\" class=\"wp-caption aligncenter\"><img loading=\"lazy\" class=\"size-full wp-image-17623\" src=\"http:\/\/www.rhizom.de\/wandern\/wp-content\/uploads\/2020\/06\/20200531_Grosser-Barschsee-Torfmoos.jpg\" alt=\"Gro\u00dfer Barschpfuhl. Trockenes Torfmoos\" width=\"768\" height=\"444\" srcset=\"http:\/\/www.rhizom.de\/wandern\/wp-content\/uploads\/2020\/06\/20200531_Grosser-Barschsee-Torfmoos.jpg 768w, http:\/\/www.rhizom.de\/wandern\/wp-content\/uploads\/2020\/06\/20200531_Grosser-Barschsee-Torfmoos-300x173.jpg 300w\" sizes=\"(max-width: 768px) 100vw, 768px\" \/><figcaption id=\"caption-attachment-17623\" class=\"wp-caption-text\">Trockenes Torfmoos auf schwingendem Boden<\/figcaption><\/figure>\n<figure id=\"attachment_17624\" aria-describedby=\"caption-attachment-17624\" style=\"width: 758px\" class=\"wp-caption aligncenter\"><img loading=\"lazy\" class=\"size-full wp-image-17624\" src=\"http:\/\/www.rhizom.de\/wandern\/wp-content\/uploads\/2020\/06\/20200531_Grosser-Barschsee-Drachenwurz.jpg\" alt=\"Gro\u00dfer Barschpfuhl, fl\u00e4chenhaft Drachenwurz\" width=\"768\" height=\"444\" srcset=\"http:\/\/www.rhizom.de\/wandern\/wp-content\/uploads\/2020\/06\/20200531_Grosser-Barschsee-Drachenwurz.jpg 768w, http:\/\/www.rhizom.de\/wandern\/wp-content\/uploads\/2020\/06\/20200531_Grosser-Barschsee-Drachenwurz-300x173.jpg 300w\" sizes=\"(max-width: 768px) 100vw, 768px\" \/><figcaption id=\"caption-attachment-17624\" class=\"wp-caption-text\">\u00dcberall am Beginn der Bl\u00fctezeit, fl\u00e4chenhaft <a href=\"https:\/\/de.wikipedia.org\/wiki\/Drachenwurz\" target=\"_blank\" rel=\"noopener\">Drachenwurz<\/a>, ein Rhizom<\/figcaption><\/figure>\n<p>Der Zustand des kleinen Moores<strong>:<\/strong> zum Heulen. Wasser, es fehlt Wasser. Heut morgen noch w\u00fcnschten wir einen trockenen Tag. Diese verdammten Menschenw\u00fcnsche. Schon aus der G\u00fcntherquelle kam &#8220;Kein Trinkwasser&#8221;.<\/p>\n<figure id=\"attachment_17605\" aria-describedby=\"caption-attachment-17605\" style=\"width: 758px\" class=\"wp-caption aligncenter\"><img loading=\"lazy\" class=\"size-full wp-image-17605\" src=\"http:\/\/www.rhizom.de\/wandern\/wp-content\/uploads\/2020\/06\/20200531_Grosser-Klobichsee-abends.jpg\" alt=\"Gro\u00dfer Klobichsee, abends\" width=\"768\" height=\"444\" srcset=\"http:\/\/www.rhizom.de\/wandern\/wp-content\/uploads\/2020\/06\/20200531_Grosser-Klobichsee-abends.jpg 768w, http:\/\/www.rhizom.de\/wandern\/wp-content\/uploads\/2020\/06\/20200531_Grosser-Klobichsee-abends-300x173.jpg 300w\" sizes=\"(max-width: 768px) 100vw, 768px\" \/><figcaption id=\"caption-attachment-17605\" class=\"wp-caption-text\">Blau vor K\u00e4lte. Gro\u00dfer Klobichsee, Pfingstsonntag abends<\/figcaption><\/figure>\n<h2>3.Tag, ca. 15 km<\/h2>\n<figure id=\"attachment_17607\" aria-describedby=\"caption-attachment-17607\" style=\"width: 758px\" class=\"wp-caption aligncenter\"><img loading=\"lazy\" class=\"size-full wp-image-17607\" src=\"http:\/\/www.rhizom.de\/wandern\/wp-content\/uploads\/2020\/06\/20200601_Waldsieversdorf-Strandbad.jpg\" alt=\"Schattenhitze\" width=\"768\" height=\"444\" srcset=\"http:\/\/www.rhizom.de\/wandern\/wp-content\/uploads\/2020\/06\/20200601_Waldsieversdorf-Strandbad.jpg 768w, http:\/\/www.rhizom.de\/wandern\/wp-content\/uploads\/2020\/06\/20200601_Waldsieversdorf-Strandbad-300x173.jpg 300w\" sizes=\"(max-width: 768px) 100vw, 768px\" \/><figcaption id=\"caption-attachment-17607\" class=\"wp-caption-text\">Blau in Schattenhitze<\/figcaption><\/figure>\n<p><strong>Kleiner Klobichsee \u2013 Am Krummen Pfuhl nach Waldsieversdorf \u00fcber die Schienen der pfeifenden Buckower Kleinbahn \u2013 John-Heartfield-Steig<\/strong><\/p>\n<figure id=\"attachment_17611\" aria-describedby=\"caption-attachment-17611\" style=\"width: 758px\" class=\"wp-caption aligncenter\"><img loading=\"lazy\" class=\"size-full wp-image-17611\" src=\"http:\/\/www.rhizom.de\/wandern\/wp-content\/uploads\/2020\/06\/20200601_Waldsieversdorf-Garten-John-Heartfield.jpg\" alt=\"John-Heartfieldhaus geschlossen, nicht wegen Corona. Waldsieversdorf macht Pfingsten\" width=\"768\" height=\"444\" srcset=\"http:\/\/www.rhizom.de\/wandern\/wp-content\/uploads\/2020\/06\/20200601_Waldsieversdorf-Garten-John-Heartfield.jpg 768w, http:\/\/www.rhizom.de\/wandern\/wp-content\/uploads\/2020\/06\/20200601_Waldsieversdorf-Garten-John-Heartfield-300x173.jpg 300w\" sizes=\"(max-width: 768px) 100vw, 768px\" \/><figcaption id=\"caption-attachment-17611\" class=\"wp-caption-text\">John-Heartfield-Sommerhaus\u00a0 macht Pfingstmontag.** Dann aber bittsch\u00f6n auch keine Corona-Ausfallgelder!<\/figcaption><\/figure>\n<figure id=\"attachment_17610\" aria-describedby=\"caption-attachment-17610\" style=\"width: 758px\" class=\"wp-caption aligncenter\"><img loading=\"lazy\" class=\"size-full wp-image-17610\" src=\"http:\/\/www.rhizom.de\/wandern\/wp-content\/uploads\/2020\/06\/20200601_Grosser-Daebersee-Waldsieversdorf.jpg\" alt=\"Gro\u00dfer D\u00e4beritzsee. Siehe da, es geht auch naturnah privat, ohne Schloss und Riegel, ohne Speerspitzenzaun\" width=\"768\" height=\"444\" srcset=\"http:\/\/www.rhizom.de\/wandern\/wp-content\/uploads\/2020\/06\/20200601_Grosser-Daebersee-Waldsieversdorf.jpg 768w, http:\/\/www.rhizom.de\/wandern\/wp-content\/uploads\/2020\/06\/20200601_Grosser-Daebersee-Waldsieversdorf-300x173.jpg 300w\" sizes=\"(max-width: 768px) 100vw, 768px\" \/><figcaption id=\"caption-attachment-17610\" class=\"wp-caption-text\">Gro\u00dfer D\u00e4bersee. Siehe da, es geht auch naturnah &#8220;privat&#8221;, ohne Schloss und Riegel, ohne Speerspitzenzaun<\/figcaption><\/figure>\n<p><strong>Kleiner D\u00e4bersee und Papillensee \u2013 M\u00e4rchenwiesen \u2013 Pfedekoppeln am Galgenberghof \u2013 M\u00fcncheberg<\/strong><\/p>\n<figure id=\"attachment_17606\" aria-describedby=\"caption-attachment-17606\" style=\"width: 758px\" class=\"wp-caption aligncenter\"><img loading=\"lazy\" class=\"size-full wp-image-17606\" src=\"http:\/\/www.rhizom.de\/wandern\/wp-content\/uploads\/2020\/06\/20200601_zwischen-den-Daeberseen.jpg\" alt=\"Zwischen Gro\u00dfem und Kleinem D\u00e4beritzsee\" width=\"768\" height=\"444\" srcset=\"http:\/\/www.rhizom.de\/wandern\/wp-content\/uploads\/2020\/06\/20200601_zwischen-den-Daeberseen.jpg 768w, http:\/\/www.rhizom.de\/wandern\/wp-content\/uploads\/2020\/06\/20200601_zwischen-den-Daeberseen-300x173.jpg 300w\" sizes=\"(max-width: 768px) 100vw, 768px\" \/><figcaption id=\"caption-attachment-17606\" class=\"wp-caption-text\">Heimw\u00e4rts zwischen Gro\u00dfem und Kleinem D\u00e4bersee.<\/figcaption><\/figure>\n<figure id=\"attachment_17613\" aria-describedby=\"caption-attachment-17613\" style=\"width: 758px\" class=\"wp-caption aligncenter\"><img loading=\"lazy\" class=\"size-full wp-image-17613\" src=\"http:\/\/www.rhizom.de\/wandern\/wp-content\/uploads\/2020\/06\/20200601_Kleiner-Daeberitzsee-Schilfguertel.jpg\" alt=\"Unerwartete M\u00e4rchenlandschaften Richtung Bahnhof M\u00fcncheberg\" width=\"768\" height=\"444\" srcset=\"http:\/\/www.rhizom.de\/wandern\/wp-content\/uploads\/2020\/06\/20200601_Kleiner-Daeberitzsee-Schilfguertel.jpg 768w, http:\/\/www.rhizom.de\/wandern\/wp-content\/uploads\/2020\/06\/20200601_Kleiner-Daeberitzsee-Schilfguertel-300x173.jpg 300w\" sizes=\"(max-width: 768px) 100vw, 768px\" \/><figcaption id=\"caption-attachment-17613\" class=\"wp-caption-text\">Es sollte stracks und\u00a0 gep\u00e4cksportlich werden, dann aber unerwartete M\u00e4rchenlandschaften Richtung M\u00fcncheberg<\/figcaption><\/figure>\n<p>Ein perfekter Abschluss insgesamt auf reichlich unbekannten Pfaden. Ein Reiher fliegt vom Baum, sp\u00e4ter mit gef\u00fclltem Kehlsack. Vor wenigen Tagen der r\u00e4udige Storch von Obersdorf auf der \u2192 <a href=\"http:\/\/www.rhizom.de\/wandern\/2020\/05\/28\/klobichsee\/\">Runde NSG Klobichseen<\/a>. Die Kleinstgew\u00e4sser sind im rasanten Schwinden. Nein, die Welt ist nicht wie immer und Corona nicht einmal mehr ein Vogelschiss im Ganzen gesehen.<\/p>\n<p style=\"text-align: right;\">**<a href=\"https:\/\/www.johnheartfield.de\/kosmos-heartfield#239226\" target=\"_blank\" rel=\"noopener\">&#8220;Kosmos Heartfield&#8221;, virtuelle Ausstellung der Akademie der K\u00fcnste 2020<\/a> in Zeiten der &#8220;Corona-Krise&#8221;.<\/p>\n","protected":false},"excerpt":{"rendered":"<p>2020, Pfingsten, das liebliche Fest war gekommen, es gr\u00fcnten und bl\u00fchten Feld und Wald&#8230; Solo zu zweit, zwischen arktisch und w\u00fcstenhei\u00df. 1.Tag, ca. 15 km Obersdorf \u2013 Campingpark Gro\u00dfer Klobichsee \u2013 Rundweg Klobichsee Als Backpacker bleiben wir an diesen drei Pfingsttagen Sonderlinge neben einigen eine-Nacht-Radzeltlern mit Wiedersehensgarantie. Normalo hat Auto. Auf kleinem Trail Landschaft um &#8230; <a title=\"Naturpark M\u00e4rkische Schweiz\" class=\"read-more\" href=\"http:\/\/www.rhizom.de\/wandern\/2020\/06\/02\/naturpark-maerkische-schweiz\/\">Read more<\/a><\/p>\n","protected":false},"author":1,"featured_media":0,"comment_status":"open","ping_status":"open","sticky":false,"template":"","format":"standard","meta":{"generate_page_header":""},"categories":[5],"tags":[],"_links":{"self":[{"href":"http:\/\/www.rhizom.de\/wandern\/wp-json\/wp\/v2\/posts\/17602"}],"collection":[{"href":"http:\/\/www.rhizom.de\/wandern\/wp-json\/wp\/v2\/posts"}],"about":[{"href":"http:\/\/www.rhizom.de\/wandern\/wp-json\/wp\/v2\/types\/post"}],"author":[{"embeddable":true,"href":"http:\/\/www.rhizom.de\/wandern\/wp-json\/wp\/v2\/users\/1"}],"replies":[{"embeddable":true,"href":"http:\/\/www.rhizom.de\/wandern\/wp-json\/wp\/v2\/comments?post=17602"}],"version-history":[{"count":30,"href":"http:\/\/www.rhizom.de\/wandern\/wp-json\/wp\/v2\/posts\/17602\/revisions"}],"predecessor-version":[{"id":17674,"href":"http:\/\/www.rhizom.de\/wandern\/wp-json\/wp\/v2\/posts\/17602\/revisions\/17674"}],"wp:attachment":[{"href":"http:\/\/www.rhizom.de\/wandern\/wp-json\/wp\/v2\/media?parent=17602"}],"wp:term":[{"taxonomy":"category","embeddable":true,"href":"http:\/\/www.rhizom.de\/wandern\/wp-json\/wp\/v2\/categories?post=17602"},{"taxonomy":"post_tag","embeddable":true,"href":"http:\/\/www.rhizom.de\/wandern\/wp-json\/wp\/v2\/tags?post=17602"}],"curies":[{"name":"wp","href":"https:\/\/api.w.org\/{rel}","templated":true}]}}