{"id":2539,"date":"2017-10-22T03:00:25","date_gmt":"2017-10-22T01:00:25","guid":{"rendered":"http:\/\/www.rhizom.de\/wandern\/?p=2539"},"modified":"2018-05-20T10:38:45","modified_gmt":"2018-05-20T08:38:45","slug":"abschied-vom-bergwaldprojekt-2017","status":"publish","type":"post","link":"http:\/\/www.rhizom.de\/wandern\/2017\/10\/22\/abschied-vom-bergwaldprojekt-2017\/","title":{"rendered":"Abschied vom Bergwaldprojekt"},"content":{"rendered":"<p><a href=\"https:\/\/www.bergwaldprojekt.de\/\" target=\"_blank\" rel=\"noopener\"><strong>BERGWALD<\/strong>PROJEKT<\/a> vom 15. &#8211; 21.Oktober 2017 in der S\u00e4chsischen Schweiz<\/p>\n<p>Die Autos vom Bergwaldprojekt m\u00fcssen bereits am Sonntag wieder f\u00fcr den n\u00e4chsten Einsatz bereit stehen. Alle Werkzeuge, Kanister, alle K\u00fcchenutensilien sind daf\u00fcr ausgekl\u00fcgelt passgerecht zu verpacken und zu laden.  Die H\u00fctte ist zu r\u00e4umen und zu s\u00e4ubern. Das eigene Gep\u00e4ck ist mehr anstelle weniger geworden (Pech gehabt und doch wieder hilfsbereites Gl\u00fcck von verschiedenen Seiten)&#8230;<br \/>\nDen R\u00fcckweg ab Grenzbaude nach Bad Schandau w\u00fcrde ich aber zeitlich zum Zug nicht schaffen.<\/p>\n<figure id=\"attachment_2535\" aria-describedby=\"caption-attachment-2535\" style=\"width: 1014px\" class=\"wp-caption aligncenter\"><img loading=\"lazy\" src=\"http:\/\/www.rhizom.de\/wandern\/wp-content\/uploads\/2017\/10\/20171021_autofahrt1.jpg\" alt=\"Nebel im Elbtal\" width=\"1024\" height=\"768\" class=\"size-full wp-image-2535\" srcset=\"http:\/\/www.rhizom.de\/wandern\/wp-content\/uploads\/2017\/10\/20171021_autofahrt1.jpg 1024w, http:\/\/www.rhizom.de\/wandern\/wp-content\/uploads\/2017\/10\/20171021_autofahrt1-300x225.jpg 300w, http:\/\/www.rhizom.de\/wandern\/wp-content\/uploads\/2017\/10\/20171021_autofahrt1-768x576.jpg 768w\" sizes=\"(max-width: 1024px) 100vw, 1024px\" \/><figcaption id=\"caption-attachment-2535\" class=\"wp-caption-text\">Nebel im Elbtal<\/figcaption><\/figure>\n<p>Also eine Fahrt mit dem Auto bis Dresden. Von den Bergh\u00f6hen der Blick ins Elbtal. Aus dem Nebel ragen nur einzelne Bergkuppen. Im Auto Musik. Traumhaft entspannend, melancholisch mit Blick in den goldenen Oktober, inszeniert wie ein Kinofilm. Zum Heulen sch\u00f6n. Ich denke an eine Fahrt (auch etwas Schweiz dabei) mit der Musik der Kr\u00f6nungsmesse, an Autofahrten oder N\u00e4chte in Ateliers. Erinnerungen, die ohne Musik wie weggewischt w\u00e4ren.<\/p>\n<figure id=\"attachment_2533\" aria-describedby=\"caption-attachment-2533\" style=\"width: 1014px\" class=\"wp-caption aligncenter\"><img loading=\"lazy\" src=\"http:\/\/www.rhizom.de\/wandern\/wp-content\/uploads\/2017\/10\/20171021_DGG-1.jpg\" alt=\"Dresden Gro\u00dfer Garten 21.10.2017\" width=\"1024\" height=\"768\" class=\"size-full wp-image-2533\" srcset=\"http:\/\/www.rhizom.de\/wandern\/wp-content\/uploads\/2017\/10\/20171021_DGG-1.jpg 1024w, http:\/\/www.rhizom.de\/wandern\/wp-content\/uploads\/2017\/10\/20171021_DGG-1-300x225.jpg 300w, http:\/\/www.rhizom.de\/wandern\/wp-content\/uploads\/2017\/10\/20171021_DGG-1-768x576.jpg 768w\" sizes=\"(max-width: 1024px) 100vw, 1024px\" \/><figcaption id=\"caption-attachment-2533\" class=\"wp-caption-text\">Dresden Gro\u00dfer Garten 21.10.2017<\/figcaption><\/figure>\n<p>In Dresden dann eine &#8220;Wanderung&#8221;, trotz des schweren Rucksacks eher ein Spaziergang, durch den Gro\u00dfen Garten. Anfangs einsam, erstaunlich leise.<br \/>\nDer Blick auf die B\u00e4ume und auf den Boden ist bereits selbstverst\u00e4ndlich pr\u00fcfend. Schon in einem Vorgarten in Strehlen, kurz vor Staudeng\u00e4rtnerei Jentsch und Bahntunnel (dahinter die Paluccaschule) entdecke ich einen Holunder in die typische Form von Kopfweiden geschnitten. Das ist ungew\u00f6hnlich.<\/p>\n<figure id=\"attachment_2538\" aria-describedby=\"caption-attachment-2538\" style=\"width: 1014px\" class=\"wp-caption aligncenter\"><img loading=\"lazy\" src=\"http:\/\/www.rhizom.de\/wandern\/wp-content\/uploads\/2017\/10\/20171021_Holunder.jpg\" alt=\"Holunder im Vorgarten von Dresden-Strehlen \" width=\"1024\" height=\"768\" class=\"size-full wp-image-2538\" srcset=\"http:\/\/www.rhizom.de\/wandern\/wp-content\/uploads\/2017\/10\/20171021_Holunder.jpg 1024w, http:\/\/www.rhizom.de\/wandern\/wp-content\/uploads\/2017\/10\/20171021_Holunder-300x225.jpg 300w, http:\/\/www.rhizom.de\/wandern\/wp-content\/uploads\/2017\/10\/20171021_Holunder-768x576.jpg 768w\" sizes=\"(max-width: 1024px) 100vw, 1024px\" \/><figcaption id=\"caption-attachment-2538\" class=\"wp-caption-text\">Holunder im Vorgarten von Dresden-Strehlen<\/figcaption><\/figure>\n<p>Im Gro\u00dfen Garten wachsen vor allem Eichen. Eichelh\u00e4her gieren nach ihrem Futter. Eichh\u00f6rnchen spitzen die Ohren und verschwinden keckernd auf den B\u00e4umen. <\/p>\n<figure id=\"attachment_2559\" aria-describedby=\"caption-attachment-2559\" style=\"width: 1014px\" class=\"wp-caption aligncenter\"><img loading=\"lazy\" src=\"http:\/\/www.rhizom.de\/wandern\/wp-content\/uploads\/2017\/10\/20171021_eichkatz.jpg\" alt=\"Dresden, Gro\u00dfer Garten, 21.10.2017\" width=\"1024\" height=\"768\" class=\"size-full wp-image-2559\" srcset=\"http:\/\/www.rhizom.de\/wandern\/wp-content\/uploads\/2017\/10\/20171021_eichkatz.jpg 1024w, http:\/\/www.rhizom.de\/wandern\/wp-content\/uploads\/2017\/10\/20171021_eichkatz-300x225.jpg 300w, http:\/\/www.rhizom.de\/wandern\/wp-content\/uploads\/2017\/10\/20171021_eichkatz-768x576.jpg 768w\" sizes=\"(max-width: 1024px) 100vw, 1024px\" \/><figcaption id=\"caption-attachment-2559\" class=\"wp-caption-text\">Dresden, Gro\u00dfer Garten, 21.10.2017<\/figcaption><\/figure>\n<p>Die Kr\u00e4hen streichen \u00fcber die Wiesen. Es ist Herbst, aber noch \u00fcberwiegt hier mit weniger Buchen das Gr\u00fcn. Auf manchen Wiesen sind die bunten Bl\u00e4tter auch einfach nur geharkt &#8211; ein Parkangestellter veschwindet gerade im Geb\u00fcsch &#8211; mit Rechen, nicht mit Gebl\u00e4se.<\/p>\n<figure id=\"attachment_2530\" aria-describedby=\"caption-attachment-2530\" style=\"width: 1014px\" class=\"wp-caption aligncenter\"><img loading=\"lazy\" src=\"http:\/\/www.rhizom.de\/wandern\/wp-content\/uploads\/2017\/10\/20171021_DGG-4.jpg\" alt=\"Gro\u00dfer Garten Dresden mit Eichen\" width=\"1024\" height=\"768\" class=\"size-full wp-image-2530\" srcset=\"http:\/\/www.rhizom.de\/wandern\/wp-content\/uploads\/2017\/10\/20171021_DGG-4.jpg 1024w, http:\/\/www.rhizom.de\/wandern\/wp-content\/uploads\/2017\/10\/20171021_DGG-4-300x225.jpg 300w, http:\/\/www.rhizom.de\/wandern\/wp-content\/uploads\/2017\/10\/20171021_DGG-4-768x576.jpg 768w\" sizes=\"(max-width: 1024px) 100vw, 1024px\" \/><figcaption id=\"caption-attachment-2530\" class=\"wp-caption-text\">Gro\u00dfer Garten Dresden mit Eichen<\/figcaption><\/figure>\n<p>Die Wege winden sich. Langsam komme ich im Jogging- Hochzeits- und Gartenalltag an. Im Nu sind 10&nbsp;km gelaufen. \u00dcberall Park-Natur, die sogar in ungepflegten Ecken noch sch\u00f6n ist &#8211; mit der Bebauung hinter dem Stadion und je n\u00e4her hin zum Hauptbahnhof desto mehr gruselt unsere menschengemachte Sch\u00e4bigkeit.<\/p>\n<figure id=\"attachment_2692\" aria-describedby=\"caption-attachment-2692\" style=\"width: 1014px\" class=\"wp-caption alignleft\"><img loading=\"lazy\" src=\"http:\/\/www.rhizom.de\/wandern\/wp-content\/uploads\/2017\/10\/20171021_pusteblume-1.jpg\" alt=\"Pusteblume\" width=\"1024\" height=\"768\" class=\"size-full wp-image-2692\" srcset=\"http:\/\/www.rhizom.de\/wandern\/wp-content\/uploads\/2017\/10\/20171021_pusteblume-1.jpg 1024w, http:\/\/www.rhizom.de\/wandern\/wp-content\/uploads\/2017\/10\/20171021_pusteblume-1-300x225.jpg 300w, http:\/\/www.rhizom.de\/wandern\/wp-content\/uploads\/2017\/10\/20171021_pusteblume-1-768x576.jpg 768w\" sizes=\"(max-width: 1024px) 100vw, 1024px\" \/><figcaption id=\"caption-attachment-2692\" class=\"wp-caption-text\">Pusteblume, flieg&#8230;<\/figcaption><\/figure>\n<p><figure id=\"attachment_2272\" aria-describedby=\"caption-attachment-2272\" style=\"width: 1014px\" class=\"wp-caption alignleft\"><img loading=\"lazy\" src=\"http:\/\/www.rhizom.de\/wandern\/wp-content\/uploads\/2017\/10\/20171021_ankunft.jpg\" alt=\"Hauptbahnhof, Zug Richtung Berlin Hauptbahnhof\" width=\"1024\" height=\"768\" class=\"size-full wp-image-2272\" srcset=\"http:\/\/www.rhizom.de\/wandern\/wp-content\/uploads\/2017\/10\/20171021_ankunft.jpg 1024w, http:\/\/www.rhizom.de\/wandern\/wp-content\/uploads\/2017\/10\/20171021_ankunft-300x225.jpg 300w, http:\/\/www.rhizom.de\/wandern\/wp-content\/uploads\/2017\/10\/20171021_ankunft-768x576.jpg 768w\" sizes=\"(max-width: 1024px) 100vw, 1024px\" \/><figcaption id=\"caption-attachment-2272\" class=\"wp-caption-text\">Dresden Hauptbahnhof, Zug Richtung Berlin Hauptbahnhof<\/figcaption><\/figure><br \/>\n21. Oktober 2017, nach einer Woche ohne Strom und ohne Handy<br \/>\n&nbsp;<\/p>\n<p><a href=\"http:\/\/www.rhizom.de\/wandern\/2017\/10\/22\/bergwaldprojekt-3\/\">&#8594; Richtung<strong>BERGWALD<\/strong>PROJEKT <\/a><br \/>\n<a href=\"http:\/\/www.rhizom.de\/wandern\/2017\/10\/22\/bergwaldprojekt-i\/\">&#8594; <strong>BERGWALD<\/strong>PROJEKT I<\/a><br \/>\n<a href=\"http:\/\/www.rhizom.de\/wandern\/2017\/10\/22\/bergwaldprojekt-2\/\">&#8594; <strong>BERGWALD<\/strong>PROJEKT II<\/a><br \/>\n<a href=\"http:\/\/www.rhizom.de\/wandern\/2017\/10\/22\/bergwaldprojekt-17-3\/\">&#8594; <strong>BERGWALD<\/strong>PROJEKT III<\/a><\/p>\n<hr \/>\n","protected":false},"excerpt":{"rendered":"<p>BERGWALDPROJEKT vom 15. &#8211; 21.Oktober 2017 in der S\u00e4chsischen Schweiz Die Autos vom Bergwaldprojekt m\u00fcssen bereits am Sonntag wieder f\u00fcr den n\u00e4chsten Einsatz bereit stehen. Alle Werkzeuge, Kanister, alle K\u00fcchenutensilien sind daf\u00fcr ausgekl\u00fcgelt passgerecht zu verpacken und zu laden. Die H\u00fctte ist zu r\u00e4umen und zu s\u00e4ubern. Das eigene Gep\u00e4ck ist mehr anstelle weniger geworden &#8230; <a title=\"Abschied vom Bergwaldprojekt\" class=\"read-more\" href=\"http:\/\/www.rhizom.de\/wandern\/2017\/10\/22\/abschied-vom-bergwaldprojekt-2017\/\">Read more<\/a><\/p>\n","protected":false},"author":1,"featured_media":0,"comment_status":"closed","ping_status":"closed","sticky":false,"template":"","format":"standard","meta":{"generate_page_header":""},"categories":[7],"tags":[],"_links":{"self":[{"href":"http:\/\/www.rhizom.de\/wandern\/wp-json\/wp\/v2\/posts\/2539"}],"collection":[{"href":"http:\/\/www.rhizom.de\/wandern\/wp-json\/wp\/v2\/posts"}],"about":[{"href":"http:\/\/www.rhizom.de\/wandern\/wp-json\/wp\/v2\/types\/post"}],"author":[{"embeddable":true,"href":"http:\/\/www.rhizom.de\/wandern\/wp-json\/wp\/v2\/users\/1"}],"replies":[{"embeddable":true,"href":"http:\/\/www.rhizom.de\/wandern\/wp-json\/wp\/v2\/comments?post=2539"}],"version-history":[{"count":30,"href":"http:\/\/www.rhizom.de\/wandern\/wp-json\/wp\/v2\/posts\/2539\/revisions"}],"predecessor-version":[{"id":5366,"href":"http:\/\/www.rhizom.de\/wandern\/wp-json\/wp\/v2\/posts\/2539\/revisions\/5366"}],"wp:attachment":[{"href":"http:\/\/www.rhizom.de\/wandern\/wp-json\/wp\/v2\/media?parent=2539"}],"wp:term":[{"taxonomy":"category","embeddable":true,"href":"http:\/\/www.rhizom.de\/wandern\/wp-json\/wp\/v2\/categories?post=2539"},{"taxonomy":"post_tag","embeddable":true,"href":"http:\/\/www.rhizom.de\/wandern\/wp-json\/wp\/v2\/tags?post=2539"}],"curies":[{"name":"wp","href":"https:\/\/api.w.org\/{rel}","templated":true}]}}