{"id":504,"date":"2017-02-23T16:06:01","date_gmt":"2017-02-23T15:06:01","guid":{"rendered":"http:\/\/www.rhizom.de\/wandern\/?p=504"},"modified":"2018-05-20T10:55:45","modified_gmt":"2018-05-20T08:55:45","slug":"504","status":"publish","type":"post","link":"http:\/\/www.rhizom.de\/wandern\/2017\/02\/23\/504\/","title":{"rendered":"Hagelberg im Schnee"},"content":{"rendered":"<p>19.1.2017: Von Bad Belzig nach Hagelberg und zur\u00fcck.<\/p>\n<p>Im Fl\u00e4ming liegt dicker Schnee. Kein knackender Zweig, der Schnee schluckt jeden Laut. Ich hinterlasse einsame Spuren und komme kaum vorw\u00e4rts: \u00fcberall verwunschener Schnee-Elfenwald.<br \/>\n&nbsp;<br \/>\n<img loading=\"lazy\" src=\"http:\/\/www.rhizom.de\/wandern\/wp-content\/uploads\/2017\/09\/20170119_BelzigerBusch-1024x768.jpg\" alt=\"Belziger Busch\" width=\"1024\" height=\"768\" class=\"alignleft size-large wp-image-872\" srcset=\"http:\/\/www.rhizom.de\/wandern\/wp-content\/uploads\/2017\/09\/20170119_BelzigerBusch.jpg 1024w, http:\/\/www.rhizom.de\/wandern\/wp-content\/uploads\/2017\/09\/20170119_BelzigerBusch-300x225.jpg 300w, http:\/\/www.rhizom.de\/wandern\/wp-content\/uploads\/2017\/09\/20170119_BelzigerBusch-768x576.jpg 768w\" sizes=\"(max-width: 1024px) 100vw, 1024px\" \/><br \/>\n&nbsp;<br \/>\nSelten erhebt sich lautlos ein Raubvogel und fliegt \u00fcber den Weg zum Feld. Ein gesch\u00e4ftiges Rotkehlchen ignoriert mich v\u00f6llig.<br \/>\n&nbsp;<br \/>\n<img loading=\"lazy\" src=\"http:\/\/www.rhizom.de\/wandern\/wp-content\/uploads\/2017\/08\/HGB-Il.jpg\" alt=\"\" width=\"1024\" height=\"768\" class=\"alignleft size-full wp-image-512\" srcset=\"http:\/\/www.rhizom.de\/wandern\/wp-content\/uploads\/2017\/08\/HGB-Il.jpg 1024w, http:\/\/www.rhizom.de\/wandern\/wp-content\/uploads\/2017\/08\/HGB-Il-300x225.jpg 300w, http:\/\/www.rhizom.de\/wandern\/wp-content\/uploads\/2017\/08\/HGB-Il-768x576.jpg 768w\" sizes=\"(max-width: 1024px) 100vw, 1024px\" \/><br \/>\n&nbsp;<br \/>\nStehen irgendwo noch B\u00e4ume aus den Kriegsjahren um 1813?<br \/>\nGanz leise soll es gewesen sein im Wald bis zum Anbruch der Schlacht bei Hagelberg. Durch den Belziger und L\u00fcbnitzer Busch musste man erst einmal durchkommen, um ohne Hindernisse losschlagen zu k\u00f6nnen.<br \/>\nAuf den historischen Karten f\u00fchren nicht mehr Wege als heute durch den Wald.<br \/>\n&nbsp;<br \/>\n<img loading=\"lazy\" src=\"http:\/\/www.rhizom.de\/wandern\/wp-content\/uploads\/2017\/08\/schneekristalle-1024x768.jpg\" alt=\"Schneekristalle, Januar 1917, Hagelberg\" width=\"1024\" height=\"768\" class=\"alignleft size-large wp-image-613\" srcset=\"http:\/\/www.rhizom.de\/wandern\/wp-content\/uploads\/2017\/08\/schneekristalle.jpg 1024w, http:\/\/www.rhizom.de\/wandern\/wp-content\/uploads\/2017\/08\/schneekristalle-300x225.jpg 300w, http:\/\/www.rhizom.de\/wandern\/wp-content\/uploads\/2017\/08\/schneekristalle-768x576.jpg 768w\" sizes=\"(max-width: 1024px) 100vw, 1024px\" \/><br \/>\n&nbsp;<br \/>\nAus unzug\u00e4nglichen, kleinen Gr\u00fcnden t\u00f6nt der Schreckruf von Rehwild. Auch im Wald ist niemand sicher. Von Kriegszeiten k\u00fcnden in allen deutschen Landen Namen wie Streitholz oder Schreiholz, Schanzen und w\u00fcste D\u00f6rfer. Ich versuche mir die Gefechte vorzustellen, das Schicksal der Landwehr.<br \/>\nAm Waldrand, um B\u00e4ume gruppiert: mittelgro\u00dfe Feldsteine. Das sind keine Lesesteine. Zeichen alter Gr\u00e4ber? Tiefer im Wald h\u00e4tte zwischen Wurzeln nicht schnell genug ein Grab ausgehoben werden k\u00f6nnen. Es ist nirgends beschrieben, wo die Ermordeten begraben wurden.<br \/>\n&nbsp;<br \/>\n<a href=\"http:\/\/www.rhizom.de\/wandern\/wp-content\/uploads\/2017\/08\/HGB-Denkmal.jpg\"><img loading=\"lazy\" src=\"http:\/\/www.rhizom.de\/wandern\/wp-content\/uploads\/2017\/08\/HGB-Denkmal.jpg\" alt=\"Hagelberg, Neues Denkmal\" width=\"1024\" height=\"768\" class=\"alignleft size-full wp-image-509\" srcset=\"http:\/\/www.rhizom.de\/wandern\/wp-content\/uploads\/2017\/08\/HGB-Denkmal.jpg 1024w, http:\/\/www.rhizom.de\/wandern\/wp-content\/uploads\/2017\/08\/HGB-Denkmal-300x225.jpg 300w, http:\/\/www.rhizom.de\/wandern\/wp-content\/uploads\/2017\/08\/HGB-Denkmal-768x576.jpg 768w\" sizes=\"(max-width: 1024px) 100vw, 1024px\" \/><\/a><br \/>\n&nbsp;<br \/>\nAbw\u00e4rts nach links stolpere ich wegelos, um aus Richtung Klein Glien direkt auf das neue, architektonisch gedachte Denkmal von 1955 zuzumarschieren. Es soll speziell an die deutsch-russische Waffenbr\u00fcderschaft erinnern. Die Landwehr war international, mit Kosaken,Schweden, polnischen Ulanen, auch gepressten oder welschen Franzosen.<br \/>\nDann stehe ich auf der Bergkuppe vom Hagelberg mit seinem schlichten Gipfelkreuz und einem weiten Blick ringsum. Direkt auf dem Berg sa\u00dfen die napoleonischen Truppen.<br \/>\n&nbsp;<br \/>\n<img loading=\"lazy\" src=\"http:\/\/www.rhizom.de\/wandern\/wp-content\/uploads\/2017\/08\/HGB-Kreuzl.jpg\" alt=\"\" width=\"1024\" height=\"768\" class=\"alignleft size-full wp-image-510\" srcset=\"http:\/\/www.rhizom.de\/wandern\/wp-content\/uploads\/2017\/08\/HGB-Kreuzl.jpg 1024w, http:\/\/www.rhizom.de\/wandern\/wp-content\/uploads\/2017\/08\/HGB-Kreuzl-300x225.jpg 300w, http:\/\/www.rhizom.de\/wandern\/wp-content\/uploads\/2017\/08\/HGB-Kreuzl-768x576.jpg 768w\" sizes=\"(max-width: 1024px) 100vw, 1024px\" \/><br \/>\n&nbsp;<br \/>\nTexte getextet, wahrscheinlich je nach Zeitenlauf variiert. Unterhalb des Berges ist das alte Denkmal von 1849 zu finden. Als Kolbenschlacht ging die Schlacht bei Hagelberg in die Geschichte ein: man metzelte sich aus n\u00e4chster N\u00e4he mit Gewehrkolben und Bajonetten nieder, weil das Pulver im Regen nass geworden war. Freiheit oder Tod als Losungswort.<br \/>\nDas war an einem hei\u00dfen Augusttag. Der damals blutrot gef\u00e4rbte Teich im Dorf: heute ein tr\u00fcb dunkles Wasser ohne Eigenschaften.<\/p>\n<p>An einer Kreuzung hinter dem Bahnhof  Bad Belzig tempor\u00e4re Kunst: ein Christus im Leiden und ein s\u00fcndenlos Auferstehender im Angesicht Gottes.<br \/>\n&nbsp;<br \/>\n<img loading=\"lazy\" src=\"http:\/\/www.rhizom.de\/wandern\/wp-content\/uploads\/2017\/08\/Schneemale.jpg\" alt=\"Christus im Leiden und Auferstehung\" width=\"1024\" height=\"768\" class=\"alignright size-full wp-image-519\" srcset=\"http:\/\/www.rhizom.de\/wandern\/wp-content\/uploads\/2017\/08\/Schneemale.jpg 1024w, http:\/\/www.rhizom.de\/wandern\/wp-content\/uploads\/2017\/08\/Schneemale-300x225.jpg 300w, http:\/\/www.rhizom.de\/wandern\/wp-content\/uploads\/2017\/08\/Schneemale-768x576.jpg 768w\" sizes=\"(max-width: 1024px) 100vw, 1024px\" \/><\/p>\n","protected":false},"excerpt":{"rendered":"<p>19.1.2017: Von Bad Belzig nach Hagelberg und zur\u00fcck. Im Fl\u00e4ming liegt dicker Schnee. Kein knackender Zweig, der Schnee schluckt jeden Laut. Ich hinterlasse einsame Spuren und komme kaum vorw\u00e4rts: \u00fcberall verwunschener Schnee-Elfenwald. &nbsp; &nbsp; Selten erhebt sich lautlos ein Raubvogel und fliegt \u00fcber den Weg zum Feld. Ein gesch\u00e4ftiges Rotkehlchen ignoriert mich v\u00f6llig. &nbsp; &nbsp; &#8230; <a title=\"Hagelberg im Schnee\" class=\"read-more\" href=\"http:\/\/www.rhizom.de\/wandern\/2017\/02\/23\/504\/\">Read more<\/a><\/p>\n","protected":false},"author":1,"featured_media":0,"comment_status":"closed","ping_status":"closed","sticky":false,"template":"","format":"standard","meta":{"generate_page_header":""},"categories":[5],"tags":[95,135],"_links":{"self":[{"href":"http:\/\/www.rhizom.de\/wandern\/wp-json\/wp\/v2\/posts\/504"}],"collection":[{"href":"http:\/\/www.rhizom.de\/wandern\/wp-json\/wp\/v2\/posts"}],"about":[{"href":"http:\/\/www.rhizom.de\/wandern\/wp-json\/wp\/v2\/types\/post"}],"author":[{"embeddable":true,"href":"http:\/\/www.rhizom.de\/wandern\/wp-json\/wp\/v2\/users\/1"}],"replies":[{"embeddable":true,"href":"http:\/\/www.rhizom.de\/wandern\/wp-json\/wp\/v2\/comments?post=504"}],"version-history":[{"count":15,"href":"http:\/\/www.rhizom.de\/wandern\/wp-json\/wp\/v2\/posts\/504\/revisions"}],"predecessor-version":[{"id":873,"href":"http:\/\/www.rhizom.de\/wandern\/wp-json\/wp\/v2\/posts\/504\/revisions\/873"}],"wp:attachment":[{"href":"http:\/\/www.rhizom.de\/wandern\/wp-json\/wp\/v2\/media?parent=504"}],"wp:term":[{"taxonomy":"category","embeddable":true,"href":"http:\/\/www.rhizom.de\/wandern\/wp-json\/wp\/v2\/categories?post=504"},{"taxonomy":"post_tag","embeddable":true,"href":"http:\/\/www.rhizom.de\/wandern\/wp-json\/wp\/v2\/tags?post=504"}],"curies":[{"name":"wp","href":"https:\/\/api.w.org\/{rel}","templated":true}]}}