{"id":8634,"date":"2018-06-27T13:10:20","date_gmt":"2018-06-27T11:10:20","guid":{"rendered":"http:\/\/www.rhizom.de\/wandern\/?p=8634"},"modified":"2019-05-05T13:22:13","modified_gmt":"2019-05-05T11:22:13","slug":"schwarzes-moor-rhoen","status":"publish","type":"post","link":"http:\/\/www.rhizom.de\/wandern\/2018\/06\/27\/schwarzes-moor-rhoen\/","title":{"rendered":"Das Schwarze Moor in der Rh\u00f6n"},"content":{"rendered":"<p><strong>23.6.2018, EXKURSION<\/strong><br \/>\nBergwaldprojekt im Biosph\u00e4renreservat bayrische Rh\u00f6n vom 17.6. bis 23.6.2018<\/p>\n<figure id=\"attachment_8664\" aria-describedby=\"caption-attachment-8664\" style=\"width: 758px\" class=\"wp-caption aligncenter\"><img loading=\"lazy\" class=\"size-full wp-image-8664\" src=\"http:\/\/www.rhizom.de\/wandern\/wp-content\/uploads\/2018\/06\/exkursion-ins-schwarze-moor.jpg\" alt=\"eisekalt und regnerisch\" width=\"768\" height=\"444\" srcset=\"http:\/\/www.rhizom.de\/wandern\/wp-content\/uploads\/2018\/06\/exkursion-ins-schwarze-moor.jpg 768w, http:\/\/www.rhizom.de\/wandern\/wp-content\/uploads\/2018\/06\/exkursion-ins-schwarze-moor-300x173.jpg 300w\" sizes=\"(max-width: 768px) 100vw, 768px\" \/><figcaption id=\"caption-attachment-8664\" class=\"wp-caption-text\">In den waldfreien Plateaulagen herrschen h\u00e4ufig niedrige Temperaturen mit relativ hohen Niederschl\u00e4gen. K\u00f6nnen wir best\u00e4tigen!!!<\/figcaption><\/figure>\n<p>Das Biosph\u00e4renreservat Hohe Rh\u00f6n ist bekannt f\u00fcr seine raue Witterung. Trotz K\u00e4lte und Regen: Gebietsbetreuer Torsten Kirchner (Mitarbeiter der <a href=\"https:\/\/www.wildland-bayern.de\/die-stiftung\/\" target=\"_blank\">\u2192 Bayerischen Wildlandgesellschaft<\/a> mit Hauptaufgabe Naturschutz) f\u00fchrt unser Team vom Bergwaldprojekt durch das <a href=\"http:\/\/www.rhoen.info\/lexikon\/flora_fauna\/Moore_6068266.html\" target=\"_blank\" rel=\"noopener\">\u2192 &#8220;Schwarze Moor&#8221;<\/a> (unsere F\u00fchrung war zu informativ, um hier nur Bruchst\u00fccke wiederzugeben).<\/p>\n<figure id=\"attachment_8661\" aria-describedby=\"caption-attachment-8661\" style=\"width: 758px\" class=\"wp-caption aligncenter\"><img loading=\"lazy\" class=\"size-full wp-image-8661\" src=\"http:\/\/www.rhizom.de\/wandern\/wp-content\/uploads\/2018\/06\/arbeitslager.jpg\" alt=\"Lagereingang Arbeitsdienst\" width=\"768\" height=\"444\" srcset=\"http:\/\/www.rhizom.de\/wandern\/wp-content\/uploads\/2018\/06\/arbeitslager.jpg 768w, http:\/\/www.rhizom.de\/wandern\/wp-content\/uploads\/2018\/06\/arbeitslager-300x173.jpg 300w\" sizes=\"(max-width: 768px) 100vw, 768px\" \/><figcaption id=\"caption-attachment-8661\" class=\"wp-caption-text\">Lagereingang Arbeitsdienst &#8211; da darf der Jagdhund vor dem Anleinen auch einmal pinkeln<\/figcaption><\/figure>\n<p>Seit 1934 richtete die Reichsleitung des Arbeitsdienstes Barackenlager f\u00fcr den Rh\u00f6n-Aufbau ein, davon eins zur Entw\u00e4sserung des Schwarzen Moores. Seit 1935 galt eine Arbeitsdienstpflicht von einem halben Jahr f\u00fcr alle 18- bis 25-j\u00e4hrigen M\u00e4nner und Frauen. Mit Kriegsbeginn wurden die Pl\u00e4ne zum Aufbau der Rh\u00f6n unwichtig. Das Schwarze Moor ist dadurch als naturnahes und gr\u00f6\u00dftes Moor der Rh\u00f6n erhalten geblieben. Torfabbau hat nie stattgefunden.<\/p>\n<figure id=\"attachment_8662\" aria-describedby=\"caption-attachment-8662\" style=\"width: 758px\" class=\"wp-caption aligncenter\"><img loading=\"lazy\" class=\"size-full wp-image-8662\" src=\"http:\/\/www.rhizom.de\/wandern\/wp-content\/uploads\/2018\/06\/schwarzes-moor.jpg\" alt=\"Die auf der Welt verbliebenen Moore speichern im Torf mehr Kohlenstoff als die W\u00e4lder unserer Erde.\" width=\"768\" height=\"444\" srcset=\"http:\/\/www.rhizom.de\/wandern\/wp-content\/uploads\/2018\/06\/schwarzes-moor.jpg 768w, http:\/\/www.rhizom.de\/wandern\/wp-content\/uploads\/2018\/06\/schwarzes-moor-300x173.jpg 300w\" sizes=\"(max-width: 768px) 100vw, 768px\" \/><figcaption id=\"caption-attachment-8662\" class=\"wp-caption-text\">Beeindruckende Weite! Die auf der Welt verbliebenen Moore speichern im Torf mehr Kohlenstoff als die W\u00e4lder der Erde: effektiv gegen den Klimawandel.<\/figcaption><\/figure>\n<figure id=\"attachment_8637\" aria-describedby=\"caption-attachment-8637\" style=\"width: 758px\" class=\"wp-caption aligncenter\"><img loading=\"lazy\" class=\"size-full wp-image-8637\" src=\"http:\/\/www.rhizom.de\/wandern\/wp-content\/uploads\/2018\/06\/moorauge.jpg\" alt=\"Das Moorauge\" width=\"768\" height=\"444\" srcset=\"http:\/\/www.rhizom.de\/wandern\/wp-content\/uploads\/2018\/06\/moorauge.jpg 768w, http:\/\/www.rhizom.de\/wandern\/wp-content\/uploads\/2018\/06\/moorauge-300x173.jpg 300w\" sizes=\"(max-width: 768px) 100vw, 768px\" \/><figcaption id=\"caption-attachment-8637\" class=\"wp-caption-text\">Moorauge inmitten von Torfmoos, Besenheide, Sonnentau, Kr\u00e4henbeere, Moosbeere, Rauschbeere und ab und zu ein Wollgrasfl\u00f6ckchen im Wind<\/figcaption><\/figure>\n<figure id=\"attachment_8665\" aria-describedby=\"caption-attachment-8665\" style=\"width: 758px\" class=\"wp-caption aligncenter\"><img loading=\"lazy\" class=\"size-full wp-image-8665\" src=\"http:\/\/www.rhizom.de\/wandern\/wp-content\/uploads\/2018\/06\/schwingrasen.jpg\" alt=\"Schwingrasen - eine lebensgef\u00e4hrliche Falle: die Torfmoose wachsen direkt auf dem Wasser. Es ist kein Unterschied zu festem Boden zu sehen. \" width=\"768\" height=\"444\" srcset=\"http:\/\/www.rhizom.de\/wandern\/wp-content\/uploads\/2018\/06\/schwingrasen.jpg 768w, http:\/\/www.rhizom.de\/wandern\/wp-content\/uploads\/2018\/06\/schwingrasen-300x173.jpg 300w\" sizes=\"(max-width: 768px) 100vw, 768px\" \/><figcaption id=\"caption-attachment-8665\" class=\"wp-caption-text\">Schwingrasen &#8211; eine lebensgef\u00e4hrliche Falle: die Torfmoose wachsen direkt auf dem Wasser. Es gibt keinen sichtbaren Unterschied zu festem Boden.<\/figcaption><\/figure>\n<figure id=\"attachment_8636\" aria-describedby=\"caption-attachment-8636\" style=\"width: 758px\" class=\"wp-caption aligncenter\"><img loading=\"lazy\" class=\"size-full wp-image-8636\" src=\"http:\/\/www.rhizom.de\/wandern\/wp-content\/uploads\/2018\/06\/schwarzes-moor-sicht-vom-turm.jpg\" alt=\"\" width=\"768\" height=\"444\" srcset=\"http:\/\/www.rhizom.de\/wandern\/wp-content\/uploads\/2018\/06\/schwarzes-moor-sicht-vom-turm.jpg 768w, http:\/\/www.rhizom.de\/wandern\/wp-content\/uploads\/2018\/06\/schwarzes-moor-sicht-vom-turm-300x173.jpg 300w\" sizes=\"(max-width: 768px) 100vw, 768px\" \/><figcaption id=\"caption-attachment-8636\" class=\"wp-caption-text\">Sicht vom Turm. Das Schwarze Moor: eine besonders faszinierende Erinnerung an die landschaftliche Vielfalt der Rh\u00f6n!<\/figcaption><\/figure>\n<p style=\"text-align: right;\">\u2192 <a href=\"http:\/\/www.rhizom.de\/wandern\/2018\/06\/27\/in-der-rhoen-blueht-es-blau\/\">zur\u00fcck zu meiner Bergwaldprojekt-Arbeitsseite Bayrische Rh\u00f6n<\/a> oder zu unserer Unterkunft \u2192 <a href=\"http:\/\/www.rhizom.de\/wandern\/das-ist-mein-blog\/bergwaldprojekt-rhoen-2018\/\"> Zeltplatz Hillenberg und Feierabendprogramm des Bergwaldprojektes.<\/a><\/p>\n<p style=\"text-align: right;\">\n<a href=\"http:\/\/www.rhizom.de\/wandern\/2018\/06\/30\/lange-rhoen\/\">\u2192 Wandern von der Langen Rh\u00f6n nach Tann<\/a><br \/>\n<a href=\"http:\/\/www.rhizom.de\/wandern\/2018\/06\/30\/rhoen-tann-vacha\/\">\u2192 Fortsetzung von Tann nach Vacha<\/a><br \/>\n<a href=\"http:\/\/www.rhizom.de\/wandern\/das-ist-mein-blog\/heimwaerts-exkurs\/\">\u2192 Heimw\u00e4rts-Exkurs Vacha \u2013 Eisenach \u2013 Berlin<\/a>, Regiobus nach Eisenach und Flixbus bis Berlin<\/p>\n<p>&nbsp;<\/p>\n","protected":false},"excerpt":{"rendered":"<p>23.6.2018, EXKURSION Bergwaldprojekt im Biosph\u00e4renreservat bayrische Rh\u00f6n vom 17.6. bis 23.6.2018 Das Biosph\u00e4renreservat Hohe Rh\u00f6n ist bekannt f\u00fcr seine raue Witterung. Trotz K\u00e4lte und Regen: Gebietsbetreuer Torsten Kirchner (Mitarbeiter der \u2192 Bayerischen Wildlandgesellschaft mit Hauptaufgabe Naturschutz) f\u00fchrt unser Team vom Bergwaldprojekt durch das \u2192 &#8220;Schwarze Moor&#8221; (unsere F\u00fchrung war zu informativ, um hier nur Bruchst\u00fccke &#8230; <a title=\"Das Schwarze Moor in der Rh\u00f6n\" class=\"read-more\" href=\"http:\/\/www.rhizom.de\/wandern\/2018\/06\/27\/schwarzes-moor-rhoen\/\">Read more<\/a><\/p>\n","protected":false},"author":1,"featured_media":0,"comment_status":"open","ping_status":"open","sticky":false,"template":"","format":"standard","meta":{"generate_page_header":""},"categories":[7],"tags":[53,144,139],"_links":{"self":[{"href":"http:\/\/www.rhizom.de\/wandern\/wp-json\/wp\/v2\/posts\/8634"}],"collection":[{"href":"http:\/\/www.rhizom.de\/wandern\/wp-json\/wp\/v2\/posts"}],"about":[{"href":"http:\/\/www.rhizom.de\/wandern\/wp-json\/wp\/v2\/types\/post"}],"author":[{"embeddable":true,"href":"http:\/\/www.rhizom.de\/wandern\/wp-json\/wp\/v2\/users\/1"}],"replies":[{"embeddable":true,"href":"http:\/\/www.rhizom.de\/wandern\/wp-json\/wp\/v2\/comments?post=8634"}],"version-history":[{"count":34,"href":"http:\/\/www.rhizom.de\/wandern\/wp-json\/wp\/v2\/posts\/8634\/revisions"}],"predecessor-version":[{"id":8881,"href":"http:\/\/www.rhizom.de\/wandern\/wp-json\/wp\/v2\/posts\/8634\/revisions\/8881"}],"wp:attachment":[{"href":"http:\/\/www.rhizom.de\/wandern\/wp-json\/wp\/v2\/media?parent=8634"}],"wp:term":[{"taxonomy":"category","embeddable":true,"href":"http:\/\/www.rhizom.de\/wandern\/wp-json\/wp\/v2\/categories?post=8634"},{"taxonomy":"post_tag","embeddable":true,"href":"http:\/\/www.rhizom.de\/wandern\/wp-json\/wp\/v2\/tags?post=8634"}],"curies":[{"name":"wp","href":"https:\/\/api.w.org\/{rel}","templated":true}]}}