{"id":9146,"date":"2018-07-29T10:04:11","date_gmt":"2018-07-29T08:04:11","guid":{"rendered":"http:\/\/www.rhizom.de\/wandern\/?p=9146"},"modified":"2019-07-15T10:29:31","modified_gmt":"2019-07-15T08:29:31","slug":"wda-polen","status":"publish","type":"post","link":"http:\/\/www.rhizom.de\/wandern\/2018\/07\/29\/wda-polen\/","title":{"rendered":"Wda abw\u00e4rts"},"content":{"rendered":"<p><strong>19. &#8211; 28.Juli 2018<br \/>\nErfahrungsbericht einer Wanderreise zu Wasser und zu Land<br \/>\nmit dem Wandersportverein Rotation Berlin e.V., Leitung Eckhard Knauer<\/strong><\/p>\n<h2>Von Berlin nach Borsk\/Polen<\/h2>\n<figure id=\"attachment_9149\" aria-describedby=\"caption-attachment-9149\" style=\"width: 758px\" class=\"wp-caption aligncenter\"><img loading=\"lazy\" class=\"size-full wp-image-9149\" src=\"http:\/\/www.rhizom.de\/wandern\/wp-content\/uploads\/2018\/07\/mein-gepaeck.jpg\" alt=\"Das Gep\u00e4ck von 12 Personen\" width=\"768\" height=\"444\" srcset=\"http:\/\/www.rhizom.de\/wandern\/wp-content\/uploads\/2018\/07\/mein-gepaeck.jpg 768w, http:\/\/www.rhizom.de\/wandern\/wp-content\/uploads\/2018\/07\/mein-gepaeck-300x173.jpg 300w\" sizes=\"(max-width: 768px) 100vw, 768px\" \/><figcaption id=\"caption-attachment-9149\" class=\"wp-caption-text\">Szczecin: das Gep\u00e4ck von 12 Personen<\/figcaption><\/figure>\n<p>Anreise mit Regionalz\u00fcgen \u00fcber Szczecin (Umsteigebahnhof), Pi\u0142a, Chojnice (Umsteigebahnhof) nach Czersk. Graue Wolken, leichter Regen nach langer Hitzeperiode. W\u00e4lder, W\u00e4lder, W\u00e4lder. Von den wenigen, kleinen Stationen scheinen die meisten auf diversen Sandwegen ins Nirwana zu f\u00fchren.<\/p>\n<figure id=\"attachment_9150\" aria-describedby=\"caption-attachment-9150\" style=\"width: 758px\" class=\"wp-caption aligncenter\"><img loading=\"lazy\" class=\"size-full wp-image-9150\" src=\"http:\/\/www.rhizom.de\/wandern\/wp-content\/uploads\/2018\/07\/bahnhof-in-polen.jpg\" alt=\"Bahnhof Pila\" width=\"768\" height=\"444\" srcset=\"http:\/\/www.rhizom.de\/wandern\/wp-content\/uploads\/2018\/07\/bahnhof-in-polen.jpg 768w, http:\/\/www.rhizom.de\/wandern\/wp-content\/uploads\/2018\/07\/bahnhof-in-polen-300x173.jpg 300w\" sizes=\"(max-width: 768px) 100vw, 768px\" \/><figcaption id=\"caption-attachment-9150\" class=\"wp-caption-text\">Bahnhof Pila, mehrgleisig &#8211; Unterbrechung im Rhythmus lange vergessener T\u00f6ne: ta-tam-ta ta-t\u00e0m-tata. Schneller: ta-bomm tata ta-bomm tata rumm.<\/figcaption><\/figure>\n<p>Bevor wir unsere vorj\u00e4hrig befahrene Brda (Brahe) \u00fcberqueren, erschreckt die Wirkung eines Tornados. 2017 im Juli\/August fegten schwere Unwetter \u00fcber die Wojewodschaft Gro\u00dfpolen: weite Fl\u00e4chen Wald vernichtet. Sichtlich knickte nur die Kiefern-Monokultur wie Streichh\u00f6lzer weg. Ab und zu reckt ein gezauster Laubbaum warnend seine gebrochenen \u00c4ste in den Himmel: wir brauchen in Zeiten des Klimawandels anderen Wald!<\/p>\n<figure id=\"attachment_9151\" aria-describedby=\"caption-attachment-9151\" style=\"width: 758px\" class=\"wp-caption aligncenter\"><img loading=\"lazy\" class=\"size-full wp-image-9151\" src=\"http:\/\/www.rhizom.de\/wandern\/wp-content\/uploads\/2018\/07\/tornado-2017-polen.jpg\" alt=\"Folgen eines Tornados 2017\" width=\"768\" height=\"444\" srcset=\"http:\/\/www.rhizom.de\/wandern\/wp-content\/uploads\/2018\/07\/tornado-2017-polen.jpg 768w, http:\/\/www.rhizom.de\/wandern\/wp-content\/uploads\/2018\/07\/tornado-2017-polen-300x173.jpg 300w\" sizes=\"(max-width: 768px) 100vw, 768px\" \/><figcaption id=\"caption-attachment-9151\" class=\"wp-caption-text\">Folgen eines Tornados 2017, aber ohnehin gibt es jetzt vor allem unendliche Felder<\/figcaption><\/figure>\n<figure id=\"attachment_9152\" aria-describedby=\"caption-attachment-9152\" style=\"width: 758px\" class=\"wp-caption aligncenter\"><img loading=\"lazy\" class=\"size-full wp-image-9152\" src=\"http:\/\/www.rhizom.de\/wandern\/wp-content\/uploads\/2018\/07\/brda-brahe.jpg\" alt=\"\u00dcberqueren der Brda\" width=\"768\" height=\"444\" srcset=\"http:\/\/www.rhizom.de\/wandern\/wp-content\/uploads\/2018\/07\/brda-brahe.jpg 768w, http:\/\/www.rhizom.de\/wandern\/wp-content\/uploads\/2018\/07\/brda-brahe-300x173.jpg 300w\" sizes=\"(max-width: 768px) 100vw, 768px\" \/><figcaption id=\"caption-attachment-9152\" class=\"wp-caption-text\">Allerbeste Erinnerung: die Brda &#8211; leider nur vom Zug aus gesehen<\/figcaption><\/figure>\n<p>Von Czersk nach Borsk mit den Autos vom <a href=\"http:\/\/gokajaki.pl\/\" target=\"_blank\" rel=\"noopener\">Kajakverleih aus Swornegacie<\/a> &#8211; der bew\u00e4hrte vom vergangenen Jahr, nicht ortskundig &#8211; daf\u00fcr gibt es zu zahlreich die Kajakangebote an diesen Fl\u00fcssen und Seen. Wir landen im W\u00fcsten. Das nervige Zeitproblem hat der Kajakverleih. Wir haben einen relaxten Wanderf\u00fchrer mit Garmin: da ist er, ein kleiner, umz\u00e4unter Campingplatz von bew\u00e4hrt polnischer Qualit\u00e4t mit Ausblick auf Reitbahn und Pferde.<br \/>\nUnsere Flotte wird abgeworfen: 2 Einerkajaks und 5 Zweierkajaks.<\/p>\n<figure id=\"attachment_9231\" aria-describedby=\"caption-attachment-9231\" style=\"width: 758px\" class=\"wp-caption aligncenter\"><img loading=\"lazy\" class=\"size-full wp-image-9231\" src=\"http:\/\/www.rhizom.de\/wandern\/wp-content\/uploads\/2018\/07\/borsk-zeltplatz.jpg\" alt=\"Borsk an der Wda\" width=\"768\" height=\"444\" srcset=\"http:\/\/www.rhizom.de\/wandern\/wp-content\/uploads\/2018\/07\/borsk-zeltplatz.jpg 768w, http:\/\/www.rhizom.de\/wandern\/wp-content\/uploads\/2018\/07\/borsk-zeltplatz-300x173.jpg 300w\" sizes=\"(max-width: 768px) 100vw, 768px\" \/><figcaption id=\"caption-attachment-9231\" class=\"wp-caption-text\">Borsk. Wer aufmerksam guckt, sieht am Gesichtsausdruck: mit st\u00e4ndigem Essen wird diese Reise f\u00fcr mich kein Highlight&#8230; \u00a9 W. Pagel<\/figcaption><\/figure>\n<p>Die Wda (Schwarzwasser) hat das sogenannte kaschubische gro\u00dfe Wasser (zuletzt den See Wdzydze) durchflossen. Vor uns liegen bis Tle\u0144 ca. 111 Kilometer. Die genaue Kilometerzahl wird sich nach fahrtechnischen Eigenheiten geringf\u00fcgig unterscheiden: ob die M\u00e4ander des Flusses voll ausgefahren oder quer geschnitten werden etc. Der Oberlauf der Wda w\u00e4re spannend, aber ist wohl wegen der Schwierigkeit prinzipiell den Einerkajaks vorbehalten.<br \/>\nAm Campingplatz <strong>Borsk<\/strong> rauscht das Wasser der Wda etwas zu gleichm\u00e4\u00dfig abgehackt durch die Mini-Schleuse, um in ruhigen Schlaf zu wiegen.<\/p>\n<p>&nbsp;<\/p>\n<h2>Fr. 20.07.\u00a0Gelandet am Jezioro Wieckie<\/h2>\n<figure id=\"attachment_9183\" aria-describedby=\"caption-attachment-9183\" style=\"width: 758px\" class=\"wp-caption aligncenter\"><img loading=\"lazy\" class=\"size-full wp-image-9183\" src=\"http:\/\/www.rhizom.de\/wandern\/wp-content\/uploads\/2018\/07\/mein-einer-kajak.jpg\" alt=\"Wda, Borsk\" width=\"768\" height=\"444\" srcset=\"http:\/\/www.rhizom.de\/wandern\/wp-content\/uploads\/2018\/07\/mein-einer-kajak.jpg 768w, http:\/\/www.rhizom.de\/wandern\/wp-content\/uploads\/2018\/07\/mein-einer-kajak-300x173.jpg 300w\" sizes=\"(max-width: 768px) 100vw, 768px\" \/><figcaption id=\"caption-attachment-9183\" class=\"wp-caption-text\">Der Anfang in Borsk \/ Wda, Einsetzen der Boote<\/figcaption><\/figure>\n<p>Nach einigen M\u00e4andern gabelt die Wda zur W\u00e4sserung von angelegten Wiesen in einen Kanal. Rechts \u00fcber ein Wehr flie\u00dft sie als schmaler, malerischer Altarm. Die kleine Bucht gibt gute M\u00f6glichkeiten nach dem Umtragen einzusetzen. Der Schwall vom Wehr und die angesagten Stromschnellen tragen leicht \u00fcber gar nicht sichtbare Steine.<br \/>\nDer Fluss m\u00e4andert durch Wiesenlandschaft und zieht auch nicht paddelnde Boote mit sich.<\/p>\n<figure id=\"attachment_9237\" aria-describedby=\"caption-attachment-9237\" style=\"width: 758px\" class=\"wp-caption aligncenter\"><img loading=\"lazy\" class=\"size-full wp-image-9237\" src=\"http:\/\/www.rhizom.de\/wandern\/wp-content\/uploads\/2018\/07\/bruecke-eisengelaender.jpg\" alt=\"Wda, unter einer Br\u00fccke\" width=\"768\" height=\"444\" srcset=\"http:\/\/www.rhizom.de\/wandern\/wp-content\/uploads\/2018\/07\/bruecke-eisengelaender.jpg 768w, http:\/\/www.rhizom.de\/wandern\/wp-content\/uploads\/2018\/07\/bruecke-eisengelaender-300x173.jpg 300w\" sizes=\"(max-width: 768px) 100vw, 768px\" \/><figcaption id=\"caption-attachment-9237\" class=\"wp-caption-text\">&#8230;ganz egal wie&#8230;<\/figcaption><\/figure>\n<p>Eine niedrige Br\u00fccke &#8211; es geht sogar quer hindurch. Aber etwas stimmt nicht. L\u00e4cherliche 10 Kilometer bis <strong>Mied\u017ano<\/strong>, dahinter auf der rechten Fluss-Seite das arch\u00e4ologische Reservat <strong>Kamienne Kr\u0119gi<\/strong>, ein Kultort mit mehreren Steinkreisen und H\u00fcgelgr\u00e4bern: gr\u00f6\u00dftes Gel\u00e4nde seiner Art in Polen und zweitgr\u00f6\u00dftes in Europa. Unmerklich sind wir vorbei geschippert. Der flotte Fluss und die versteckten Landepl\u00e4tze verlangen \u00c4ugen und anders als vorgezeichnet ein flexibles Reagieren. Wir landen ohne Anstrengung im Dorf Wojtal Richtung <strong>Odry<\/strong>.<br \/>\nWas nun? \u00dcbererf\u00fcllter Plan. Folgsames Volk.<\/p>\n<figure id=\"attachment_9241\" aria-describedby=\"caption-attachment-9241\" style=\"width: 758px\" class=\"wp-caption aligncenter\"><img loading=\"lazy\" class=\"size-full wp-image-9241\" src=\"http:\/\/www.rhizom.de\/wandern\/wp-content\/uploads\/2018\/07\/odry-muehlenwehr.jpg\" alt=\"Odry. Wda, hinter dem M\u00fchlenwehr, \u00a9 W. Pagel\" width=\"768\" height=\"444\" srcset=\"http:\/\/www.rhizom.de\/wandern\/wp-content\/uploads\/2018\/07\/odry-muehlenwehr.jpg 768w, http:\/\/www.rhizom.de\/wandern\/wp-content\/uploads\/2018\/07\/odry-muehlenwehr-300x173.jpg 300w\" sizes=\"(max-width: 768px) 100vw, 768px\" \/><figcaption id=\"caption-attachment-9241\" class=\"wp-caption-text\">Odry. Umtragen am M\u00fchlenwehr. \u00a9 W. Pagel<\/figcaption><\/figure>\n<p>Irgendeine Bar fri\u00dft Zeit. Am M\u00fchlenwehr muss \u00fcber die Stra\u00dfe umgetragen werden. Die Wda wird durch kaum sichtbare Zufl\u00fcsse breiter und tiefer. Tapfer wird gepaddelt. Zum <strong>Jezioro Wieckie<\/strong> zweigt ein kurzer Arm der Wda ab \u2013 nicht ganz durchgehend, aber das wei\u00df man erst sp\u00e4ter. Ein lauschiges Pl\u00e4tzchen, Steg, Wasser, Toilette und Tisch gibt es mit polnischer Gro\u00dfz\u00fcgigkeit gratis. Ich ernte Richtung See August\u00e4pfel und Maulbeeren. Der Tag hat noch immer ausreichend Stunden, um auch die waldige Seite des Sees zu besichtigen, den Einheimischen die m\u00e4\u00dfige Qualit\u00e4t ihrer Badestelle nicht zu neiden und einen Strauch Himbeeren leer zu futtern.<\/p>\n<figure id=\"attachment_9234\" aria-describedby=\"caption-attachment-9234\" style=\"width: 758px\" class=\"wp-caption aligncenter\"><img loading=\"lazy\" class=\"size-full wp-image-9234\" src=\"http:\/\/www.rhizom.de\/wandern\/wp-content\/uploads\/2018\/07\/himbeeren-am-Jezioro-Wieckie.jpg\" alt=\"Himbeeren am Jezioro Wieckie\" width=\"768\" height=\"444\" srcset=\"http:\/\/www.rhizom.de\/wandern\/wp-content\/uploads\/2018\/07\/himbeeren-am-Jezioro-Wieckie.jpg 768w, http:\/\/www.rhizom.de\/wandern\/wp-content\/uploads\/2018\/07\/himbeeren-am-Jezioro-Wieckie-300x173.jpg 300w\" sizes=\"(max-width: 768px) 100vw, 768px\" \/><figcaption id=\"caption-attachment-9234\" class=\"wp-caption-text\">Himbeerrot und viele richtige Himbeeren am Jezioro Wieckie<\/figcaption><\/figure>\n<p>Ich liege am schwarzen Fluss mit Blick in den Sternenhimmel \u2013 sicher beides einst Grenze zwischen der profanen und der sakralen Welt. Was treibt uns nur weiter mit so wenig demokratischen Absprachen: die Angst vorm Verhungern, Verdursten, vor zu viel Zuf\u00e4llen einer organisierten Wanderfahrt? Dreimal kr\u00e4ht zwar kein Hahn, aber dreimal g\u00e4be es eine Chance, die kurze Route zu der Megalithanlage zu finden.<\/p>\n<figure id=\"attachment_9233\" aria-describedby=\"caption-attachment-9233\" style=\"width: 758px\" class=\"wp-caption aligncenter\"><img loading=\"lazy\" class=\"size-full wp-image-9233\" src=\"http:\/\/www.rhizom.de\/wandern\/wp-content\/uploads\/2018\/07\/schlafplatz-steg.jpg\" alt=\"Schlafplatz Steg am Arm der Wda Richtung Jezioro Wieckie, \u00a9 W. Pagel\" width=\"768\" height=\"444\" srcset=\"http:\/\/www.rhizom.de\/wandern\/wp-content\/uploads\/2018\/07\/schlafplatz-steg.jpg 768w, http:\/\/www.rhizom.de\/wandern\/wp-content\/uploads\/2018\/07\/schlafplatz-steg-300x173.jpg 300w\" sizes=\"(max-width: 768px) 100vw, 768px\" \/><figcaption id=\"caption-attachment-9233\" class=\"wp-caption-text\">Schlafplatz Steg in der Abendsonne, \u00a9 W. Pagel<\/figcaption><\/figure>\n<p>&nbsp;<\/p>\n<h2>Sa. 21.07.\u00a0 Schwarze Seele auf Schwarzwasser<\/h2>\n<p>Morgens ein Ausnahme-Geburtstagsst\u00e4ndchen, dann das \u00fcbliche Procedere: Kaffee, M\u00fcsli, packen, verstauen, Boote einsetzen: ab.<\/p>\n<figure id=\"attachment_9236\" aria-describedby=\"caption-attachment-9236\" style=\"width: 758px\" class=\"wp-caption aligncenter\"><img loading=\"lazy\" class=\"size-full wp-image-9236\" src=\"http:\/\/www.rhizom.de\/wandern\/wp-content\/uploads\/2018\/07\/warten.jpg\" alt=\"Passend zum Schwarzwasser...\" width=\"768\" height=\"444\" srcset=\"http:\/\/www.rhizom.de\/wandern\/wp-content\/uploads\/2018\/07\/warten.jpg 768w, http:\/\/www.rhizom.de\/wandern\/wp-content\/uploads\/2018\/07\/warten-300x173.jpg 300w\" sizes=\"(max-width: 768px) 100vw, 768px\" \/><figcaption id=\"caption-attachment-9236\" class=\"wp-caption-text\">Passend zum Schwarzwasser kleine Assecoires&#8230;<\/figcaption><\/figure>\n<p>Die Sonne brennt und blendet. Direkt auf dem Wasser ist es gerade noch ertr\u00e4glich. Hopps, da sind wir schon in <strong>Czarna Woda<\/strong> am Rande der Tucheler Heide. Es waren ja nun noch weniger als die geplanten 12 km bis Wypo\u017cyczalnia Kajak\u00f3w i Pole \u201ePod \u015awierkami\u201c. Gepflegt, mit Kurortbeleuchtung am Br\u00fcckenbogen \u00fcber dem Teich. Die Fr\u00f6sche zahlreich, aber stumm.<\/p>\n<figure id=\"attachment_9229\" aria-describedby=\"caption-attachment-9229\" style=\"width: 758px\" class=\"wp-caption aligncenter\"><img loading=\"lazy\" class=\"size-full wp-image-9229\" src=\"http:\/\/www.rhizom.de\/wandern\/wp-content\/uploads\/2018\/07\/frosch.jpg\" alt=\"Kein Quak: wer st\u00e4ndig Camping hat, m\u00f6chte wohl mal Ruhe...\" width=\"768\" height=\"444\" srcset=\"http:\/\/www.rhizom.de\/wandern\/wp-content\/uploads\/2018\/07\/frosch.jpg 768w, http:\/\/www.rhizom.de\/wandern\/wp-content\/uploads\/2018\/07\/frosch-300x173.jpg 300w\" sizes=\"(max-width: 768px) 100vw, 768px\" \/><figcaption id=\"caption-attachment-9229\" class=\"wp-caption-text\">Auch nachts kein Quak: wer st\u00e4ndig Camping hat, m\u00f6chte wohl mal Ruhe&#8230;<\/figcaption><\/figure>\n<p>Entlang einer \u00f6den Stra\u00dfe schleppen wir uns in Mittagshitze zum Einkauf und dem feierlichen Anlass entsprechend zur Einkehr. Wer keine Scheu vor Landstra\u00dfenmotorkrach hat, findet <a href=\"\u201chttp:\/\/www.karczmaostoja.pl\/\u201c\" target=\"\u201c_blank\u201c\"> \u2192 hier<\/a> ein reiches Angebot leckerer, polnischer Speisen, sogar Kwas, ein ostslawisches Getr\u00e4nk, das durch G\u00e4rung aus Brot hergestellt wird. Nicht zu vergessen: reizende, junge Bedienung.<\/p>\n<p>Den Stadtrundgang haben wir mit dem Blick auf den modernen Kirchenbau und das geschlossene Minimuseum \u201eDie Natur der Tucheler Heide\u201c im Vorbeigehen absolviert. Irgendwo liegen die Moore hinter diesem \u00d6rtchen Schwarzwasser (Czarna Woda), die dem Fluss angeblich seine dunkle Farbe geben. Dort m\u00f6chte wirklich niemand mehr hin. Und der Grund der Wda leuchtet trotzallem immer wieder gelb-rot und hell.<\/p>\n<figure id=\"attachment_9228\" aria-describedby=\"caption-attachment-9228\" style=\"width: 758px\" class=\"wp-caption aligncenter\"><img loading=\"lazy\" class=\"size-full wp-image-9228\" src=\"http:\/\/www.rhizom.de\/wandern\/wp-content\/uploads\/2018\/07\/abends.jpg\" alt=\"Der Mond - doch und doch nicht \u00fcber der Tucheler Heide...\" width=\"768\" height=\"444\" srcset=\"http:\/\/www.rhizom.de\/wandern\/wp-content\/uploads\/2018\/07\/abends.jpg 768w, http:\/\/www.rhizom.de\/wandern\/wp-content\/uploads\/2018\/07\/abends-300x173.jpg 300w\" sizes=\"(max-width: 768px) 100vw, 768px\" \/><figcaption id=\"caption-attachment-9228\" class=\"wp-caption-text\">Der Mond &#8211; doch und doch nicht \u00fcber der Tucheler Heide&#8230;<\/figcaption><\/figure>\n<p>Aber ab morgen bitte wieder etwas Power!<\/p>\n<p>&nbsp;<\/p>\n<h2>So. 22.07.\u00a0 Stille und Weite oder Sonntagslangeweile<\/h2>\n<p style=\"text-align: left;\">Von Czarna Woda nach <strong>Czarne<\/strong> sind 16 km zu paddeln. Einst (?) eine sumpfige, unzug\u00e4ngliche und wirtschaftlich unattraktive Gegend. Kein Wunder: von Z\u0142e Mi\u0119so (Schlechtes Fleisch) erz\u00e4hlt man sich, wie Vorbeikommende abgefangen und zu Wurst verarbeitet wurden. Mit <a href=\"http:\/\/www.rhizom.de\/wandern\/tag\/harz\/\" target=\"_blank\" rel=\"noopener\">\u2192 ein paar schwarzen Erinnerungen<\/a> kratze ich gegen das Gef\u00fchl einer Sonntagskaffee-kuchen- oder auch -computerl\u00e4hmung an (auch wenn real nichts davon zumindest in meinem Gep\u00e4ck ist).<\/p>\n<figure id=\"attachment_9185\" aria-describedby=\"caption-attachment-9185\" style=\"width: 758px\" class=\"wp-caption aligncenter\"><img loading=\"lazy\" class=\"size-full wp-image-9185\" src=\"http:\/\/www.rhizom.de\/wandern\/wp-content\/uploads\/2017\/08\/wda-27-7-2018-aktuell.jpg\" alt=\"Auf der Wda, copyright M. Kanitz\" width=\"768\" height=\"444\" srcset=\"http:\/\/www.rhizom.de\/wandern\/wp-content\/uploads\/2017\/08\/wda-27-7-2018-aktuell.jpg 768w, http:\/\/www.rhizom.de\/wandern\/wp-content\/uploads\/2017\/08\/wda-27-7-2018-aktuell-300x173.jpg 300w\" sizes=\"(max-width: 768px) 100vw, 768px\" \/><figcaption id=\"caption-attachment-9185\" class=\"wp-caption-text\">Auf der Wda so vor sich hintreiben&#8230;, copyright M. Kanitz<\/figcaption><\/figure>\n<p><img loading=\"lazy\" class=\"alignright size-full wp-image-9888\" style=\"padding-bottom: 15px;\" src=\"http:\/\/www.rhizom.de\/wandern\/wp-content\/uploads\/2018\/07\/kufiya-look.jpg\" alt=\"Kufiya\" width=\"150\" height=\"150\" \/><\/p>\n<p style=\"text-align: right;\">\nDie Wda ist breit geworden, die Str\u00f6mung langsam. Trotzdem &#8211; oder gerade deshalb &#8211; schaffe ich es hier oder an anderer Pillepallestelle, meine selbst gebastelte Kufiya in ein Ge\u00e4st zu h\u00e4ngen und in die genau dort einmal wirklich kohlschwarze Wda zu versenken. Schade.<br \/>\nDie Alternative w\u00e4re ein davon geschwommenes Paddel gewesen&#8230;<br \/>\nJetzt ist die Alternative ein Schal.<\/p>\n<figure id=\"attachment_9227\" aria-describedby=\"caption-attachment-9227\" style=\"width: 758px\" class=\"wp-caption aligncenter\"><img loading=\"lazy\" class=\"size-full wp-image-9227\" src=\"http:\/\/www.rhizom.de\/wandern\/wp-content\/uploads\/2018\/07\/3-steine.jpg\" alt=\"Manchmal liegen am Uferrand die Steinbrocken als geh\u00f6rten sie einst zu den uralten H\u00fcgelgr\u00e4bern\" width=\"768\" height=\"444\" srcset=\"http:\/\/www.rhizom.de\/wandern\/wp-content\/uploads\/2018\/07\/3-steine.jpg 768w, http:\/\/www.rhizom.de\/wandern\/wp-content\/uploads\/2018\/07\/3-steine-300x173.jpg 300w\" sizes=\"(max-width: 768px) 100vw, 768px\" \/><figcaption id=\"caption-attachment-9227\" class=\"wp-caption-text\">Manchmal liegen am Ufer Steinbrocken als geh\u00f6rten sie einst zu den uralten H\u00fcgelgr\u00e4bern<\/figcaption><\/figure>\n<p>Dann am Forstamt Czubek eine weitl\u00e4ufige, wundersch\u00f6n gelegene Camping- und Ferienanlage mit FKK Angebot \u2013 in der N\u00e4he allerdings wohl nicht, immerhin eine Seltenheit in Polen. Von hier ist es nicht mehr weit bis zum kleinen Wiesenplatz Czarne mit Imbissbude, v\u00f6llig ausreichend, um gl\u00fccklich zu sein.<br \/>\nAuff\u00e4llig: Campingbetrieb ist hier an der Wda \u00fcberall hervorgegangen aus einstigen Forsth\u00e4usern, vielleicht wird er auch nebenher betrieben.<\/p>\n<figure id=\"attachment_9243\" aria-describedby=\"caption-attachment-9243\" style=\"width: 758px\" class=\"wp-caption aligncenter\"><img loading=\"lazy\" class=\"size-full wp-image-9243\" src=\"http:\/\/www.rhizom.de\/wandern\/wp-content\/uploads\/2018\/07\/camping.jpg\" alt=\"Zeltplatz in Czarne an der Wda\" width=\"768\" height=\"444\" srcset=\"http:\/\/www.rhizom.de\/wandern\/wp-content\/uploads\/2018\/07\/camping.jpg 768w, http:\/\/www.rhizom.de\/wandern\/wp-content\/uploads\/2018\/07\/camping-300x173.jpg 300w\" sizes=\"(max-width: 768px) 100vw, 768px\" \/><figcaption id=\"caption-attachment-9243\" class=\"wp-caption-text\">Wohlf\u00fchl-Zeltplatz Pole Namiotowe Czarne &#8211; alles in guter Qualit\u00e4t und mit pers\u00f6nlicher Atmosph\u00e4re vorhanden<\/figcaption><\/figure>\n<figure id=\"attachment_9358\" aria-describedby=\"caption-attachment-9358\" style=\"width: 290px\" class=\"wp-caption alignright\"><img loading=\"lazy\" class=\"size-full wp-image-9358\" src=\"http:\/\/www.rhizom.de\/wandern\/wp-content\/uploads\/2018\/07\/pole-namiotowe-czarne.jpg\" alt=\"Im Hintergrund: sandig-sonnig geht es zum Gogolinek\" width=\"300\" height=\"225\" \/><figcaption id=\"caption-attachment-9358\" class=\"wp-caption-text\">Im Hintergrund: sandig-sonnig geht es zum Gogolinek<\/figcaption><\/figure>\n<p style=\"text-align: left;\">Ich habe Erm\u00fcdungserscheinungen, f\u00fchle mich nicht ausgelastet, trotzdem zu lustlos, um in der Hitze durch Feld und trockenen Kiefernwald zu wandern. Und wirklich entpuppt sich der <strong>Jezioro Gogolinek<\/strong> nach zwei Kilometern als ein pisswarmer Minisee \u2013 wenigstens einmal schwimmen, halb bekleidet unter Beobachtung von Ferienhaus-Urlaubern.<\/p>\n<p>\u00dcbrigens: wenn wir gegen Mittag irgendwo anlanden, paddeln Polen bis zum Entfachen des Lagerfeuers immer noch einmal los. Nat\u00fcrlich: wir sind nicht als Romantiker f\u00fcr Abendstimmungen an die Wda gefahren, sondern als Sportler. Als was bitte?<\/p>\n<p>&nbsp;<\/p>\n<h2>Mo. 23.07. Lubichowo und motorisierte Gastlichkeit<\/h2>\n<p>Von Czarne aus paddeln wir erm\u00fcdend langsam \u2026M\u0142ynsk \u2013 Ma\u0142y Bukowiec \u2013 Osowo Le\u015bne\u2026 nix davon wirklich auszumachen &#8211; ereignislose Landschaft. Bis ein Baum quer liegt. Nicht verzeichnet als Gefahrenstelle. Sieht moorig matschig aus, einfach nur bl\u00f6d. Dem Himmel sei Dank: Ich suche erst einmal mein Smartphone f\u00fcr ein Foto, verpasse das entsetzte Einsinken bis \u00fcber die Knie. DAS m\u00f6chte niemand allein erleben. Wir legen das Schilf flach, um \u00fcberhaupt Stand zu bekommen.<br \/>\nDaf\u00fcr rutschen jetzt die Boote mit Sack und Pack wie Butter.<\/p>\n<figure id=\"attachment_9278\" aria-describedby=\"caption-attachment-9278\" style=\"width: 758px\" class=\"wp-caption aligncenter\"><img loading=\"lazy\" class=\"size-full wp-image-9278\" src=\"http:\/\/www.rhizom.de\/wandern\/wp-content\/uploads\/2018\/07\/stamm-schlamm.jpg\" alt=\"Moorig versinken an einem Hindernis in der Wda\" width=\"768\" height=\"444\" srcset=\"http:\/\/www.rhizom.de\/wandern\/wp-content\/uploads\/2018\/07\/stamm-schlamm.jpg 768w, http:\/\/www.rhizom.de\/wandern\/wp-content\/uploads\/2018\/07\/stamm-schlamm-300x173.jpg 300w\" sizes=\"(max-width: 768px) 100vw, 768px\" \/><figcaption id=\"caption-attachment-9278\" class=\"wp-caption-text\">Moorige Wda, im Wasser selbst sieht es sandig aus&#8230;<\/figcaption><\/figure>\n<figure id=\"attachment_9274\" aria-describedby=\"caption-attachment-9274\" style=\"width: 758px\" class=\"wp-caption aligncenter\"><img loading=\"lazy\" class=\"size-full wp-image-9274\" src=\"http:\/\/www.rhizom.de\/wandern\/wp-content\/uploads\/2018\/07\/rutschbahn.jpg\" alt=\"Rutschbahn in die Wda\" width=\"768\" height=\"444\" srcset=\"http:\/\/www.rhizom.de\/wandern\/wp-content\/uploads\/2018\/07\/rutschbahn.jpg 768w, http:\/\/www.rhizom.de\/wandern\/wp-content\/uploads\/2018\/07\/rutschbahn-300x173.jpg 300w\" sizes=\"(max-width: 768px) 100vw, 768px\" \/><figcaption id=\"caption-attachment-9274\" class=\"wp-caption-text\">Rutschbahn<\/figcaption><\/figure>\n<p>Sind wir nun zwar geistig munter aber k\u00f6rperlich schlapp geworden? Linksseitig vor einer Stra\u00dfenbr\u00fccke kraucht jedenfalls niemand die Treppe zu einem Denkmal hoch. F\u00fcr Gedenksteine jenseits der Megalithkulturen gibt es in der <strong>Bory Tucholskie<\/strong> so gut wie nur zwei Anl\u00e4sse: Kriegsereignisse 1944 oder den paddelnden Karol Wojty\u0142a. Richtig: Papst Johannes Paul II; sp\u00e4ter noch einmal auf dem Zeltplatz &#8211; unleserlich, aber zumindest auf dem letzten Schliff des Steines zu ermitteln.<\/p>\n<figure id=\"attachment_9285\" aria-describedby=\"caption-attachment-9285\" style=\"width: 758px\" class=\"wp-caption aligncenter\"><img loading=\"lazy\" class=\"size-full wp-image-9285\" src=\"http:\/\/www.rhizom.de\/wandern\/wp-content\/uploads\/2018\/07\/denkmale-Karol-Wojtila.jpg\" alt=\"Denkmale an der Wda f\u00fcr Karol Wojtila\" width=\"768\" height=\"455\" srcset=\"http:\/\/www.rhizom.de\/wandern\/wp-content\/uploads\/2018\/07\/denkmale-Karol-Wojtila.jpg 768w, http:\/\/www.rhizom.de\/wandern\/wp-content\/uploads\/2018\/07\/denkmale-Karol-Wojtila-300x178.jpg 300w\" sizes=\"(max-width: 768px) 100vw, 768px\" \/><figcaption id=\"caption-attachment-9285\" class=\"wp-caption-text\">Die Denkmale f\u00fcr den hochverehrten Karol Wojtila<\/figcaption><\/figure>\n<p>Nach 17 km: <strong>M\u0142ynki<\/strong>. Neben dem Forsthaus (nat\u00fcrlich wieder!) der Campingplatz. Sehr angenehm, mit Pferden, aber ohne Verpflegung. Zum Einkaufen f\u00fchrt Asphalt geradlinig nach <strong>Lubichowo<\/strong>. Meine ersten Erwerbungen abgesehen von Eis: Buttermilch, R\u00e4ucherk\u00e4se, Brot.<\/p>\n<figure id=\"attachment_9245\" aria-describedby=\"caption-attachment-9245\" style=\"width: 758px\" class=\"wp-caption aligncenter\"><img loading=\"lazy\" class=\"size-full wp-image-9245\" src=\"http:\/\/www.rhizom.de\/wandern\/wp-content\/uploads\/2018\/07\/lieblingsessen.jpg\" alt=\"Liebstes Essen - fast wie Oscypki\" width=\"768\" height=\"444\" srcset=\"http:\/\/www.rhizom.de\/wandern\/wp-content\/uploads\/2018\/07\/lieblingsessen.jpg 768w, http:\/\/www.rhizom.de\/wandern\/wp-content\/uploads\/2018\/07\/lieblingsessen-300x173.jpg 300w\" sizes=\"(max-width: 768px) 100vw, 768px\" \/><figcaption id=\"caption-attachment-9245\" class=\"wp-caption-text\">Liebstes Essen. Gleich noch einmal morgen in Wda gekauft &#8211; der K\u00e4se erinnert an die <span class=\"st\">Oscypki der Goralen<\/span><\/figcaption><\/figure>\n<figure id=\"attachment_9330\" aria-describedby=\"caption-attachment-9330\" style=\"width: 290px\" class=\"wp-caption alignright\"><img loading=\"lazy\" class=\"size-full wp-image-9330\" src=\"http:\/\/www.rhizom.de\/wandern\/wp-content\/uploads\/2018\/07\/lubichowa-wege.gif\" alt=\"Wege jenseits der Asphaltstra\u00dfe von Lubichowo\" width=\"300\" height=\"225\" \/><figcaption id=\"caption-attachment-9330\" class=\"wp-caption-text\">Wege jenseits der Asphaltstra\u00dfe von Lubichowo<\/figcaption><\/figure>\n<p style=\"textalign: left;\">Wann, wie, wo weiter? Es ist zu sehen: der <strong>Jezioro Lubichowskie<\/strong> w\u00e4re zu umrunden, zumindest ohne Weg. Fam. Pagels Garmin sagt nein. Technik nerv, nerv. Zum Baden reicht mir die Wasserqualit\u00e4t nicht, sowieso gibt es nur im Ort eine Textilbadestelle. Sinnlos warten \u2013 rund ist rund und der Tag lang. Der stille, schattige Uferweg endet im offenen, privaten Garten. Besser noch einmal fragen. In der Poliklinik werden alle verf\u00fcgbaren Menschen von der Pf\u00f6rtnerin bis zu den Patienten und letztendlich vielleicht eine \u00c4rztin mobilisiert. Aha, letztere geh\u00f6rt in besagtes Privathaus und wei\u00df: nur noch die Kurve bis Stacja Lubichowo, ein verfallenes Backstein-Bahnhofsgeb\u00e4ude. An den Schienen entlang, nach rechts einen schmalen Pfad am Ufer durch die Wiesen: stimmt, ist leider erst zu Haus mit <a href=\"https:\/\/www.google.com\/maps\/@53.842672,18.3905056,635m\/data=!3m1!1e3\" target=\"_blank\" rel=\"noopener\">\u2192 Google-Luftbild<\/a> genau zu erkennen!<\/p>\n<figure id=\"attachment_9331\" aria-describedby=\"caption-attachment-9331\" style=\"width: 290px\" class=\"wp-caption alignright\"><img loading=\"lazy\" class=\"size-full wp-image-9331\" src=\"http:\/\/www.rhizom.de\/wandern\/wp-content\/uploads\/2018\/07\/mlynki-zeltplatz.jpg\" alt=\"Zeltplatz Mlynki\" width=\"300\" height=\"225\" \/><figcaption id=\"caption-attachment-9331\" class=\"wp-caption-text\">Angenehm: Zeltplatz J. Adrych, Mlynki 3<\/figcaption><\/figure>\n<p style=\"textalign: left;\">Am Abzweig geht es allerdings auch weiter au\u00dfen herum oder noch schneller quer durch den Wald, g\u00e4nzlich ohne die \u00e4tzende Asphaltstra\u00dfe. Risikoreiches Geschl\u00e4ngel, Sumpf?<br \/>\nEin letztes Haus im Feld, eine junge Frau mit Kindern im Auto \u2013 wir diskutieren ausgiebig die Wegem\u00f6glichkeiten in Sandmalerei. Mitbewohner werden zu Rate gezogen &#8211; in jeglicher Sprache: &#8220;v\u00f6llig unm\u00f6glich!&#8221;<br \/>\nIch vertraue mich dem Auto an \u2013 die Kinder im Auto erdulden es. Erst als wir unsere auf der Stra\u00dfe marschierende Gruppe erreichen, werde ich entlassen. Dzi\u0119kuj\u0119 bardzo, dzi\u0119kuj\u0119 bardzo!<\/p>\n<p>Nachtr\u00e4glich sehe ich: um das Haus f\u00fchrt wirklich nur ein Rundweg. Aber: es w\u00e4re keine 4 km problemlos auf Wald- oder Wiesenweg gegangen! Ach, es ist wie in Deutschland: von 10 Menschen kennt h\u00f6chstens einer die Wege ohne Auto. Und 4 oder gar 6 km bew\u00e4ltigen? Unvorstellbar!<\/p>\n<p>&nbsp;<\/p>\n<h2>Di. 24.07.\u00a0 Bory Tucholskie mit Badesee<\/h2>\n<p>Planm\u00e4\u00dfig werden die 13 km von M\u0142ynki nach <strong>Wdecki M\u0142yn<\/strong> absolviert.<\/p>\n<figure id=\"attachment_9288\" aria-describedby=\"caption-attachment-9288\" style=\"width: 758px\" class=\"wp-caption aligncenter\"><img loading=\"lazy\" class=\"size-full wp-image-9288\" src=\"http:\/\/www.rhizom.de\/wandern\/wp-content\/uploads\/2018\/07\/wda-kiefernwald-am-flachlandfluss.jpg\" alt=\"Flachlandfluss Wda mit Kiefernwald\" width=\"768\" height=\"444\" srcset=\"http:\/\/www.rhizom.de\/wandern\/wp-content\/uploads\/2018\/07\/wda-kiefernwald-am-flachlandfluss.jpg 768w, http:\/\/www.rhizom.de\/wandern\/wp-content\/uploads\/2018\/07\/wda-kiefernwald-am-flachlandfluss-300x173.jpg 300w\" sizes=\"(max-width: 768px) 100vw, 768px\" \/><figcaption id=\"caption-attachment-9288\" class=\"wp-caption-text\">Die Wda deutlich als Flachlandfluss, begleitet von Kiefernwald<\/figcaption><\/figure>\n<p>Zwischenstopp im D\u00f6rfchen <strong>Wda<\/strong> mit Storchennest und bestausgestattetem &#8220;Sklep&#8221;. Es m\u00fcsste keine Panik aufkommen bis ganz zum Ende unserer Fahrt. Dann wieder der Fluss in nun schon bekannter Qualit\u00e4t bis er sich vor einer Staumauer mit Wehr weitet: heftig von einem Schwan verteidigt zum Schutz seiner Familie. Abgesehen von seinen Angriffen ist es am rechten Ufer relativ einfach umzutragen.<br \/>\nAch, wie ich den einsamen Faltbootfahrer beneide, mit dem ich jetzt noch einmal sein Boot einsetze\u2026<\/p>\n<figure id=\"attachment_9305\" aria-describedby=\"caption-attachment-9305\" style=\"width: 758px\" class=\"wp-caption aligncenter\"><img loading=\"lazy\" class=\"size-full wp-image-9305\" src=\"http:\/\/www.rhizom.de\/wandern\/wp-content\/uploads\/2018\/07\/wdecki-mlyn.jpg\" alt=\"Wdecki M\u0142yn hinter der Staumauer\" width=\"768\" height=\"444\" srcset=\"http:\/\/www.rhizom.de\/wandern\/wp-content\/uploads\/2018\/07\/wdecki-mlyn.jpg 768w, http:\/\/www.rhizom.de\/wandern\/wp-content\/uploads\/2018\/07\/wdecki-mlyn-300x173.jpg 300w\" sizes=\"(max-width: 768px) 100vw, 768px\" \/><figcaption id=\"caption-attachment-9305\" class=\"wp-caption-text\">Wdecki M\u0142yn hinter der Staumauer<\/figcaption><\/figure>\n<p>Wieder ein gro\u00dfer Campingplatz beim Forsthaus (!), etwas weiter vom Ufer und dort wohl auch die Infrastruktur. Direkt am Platz ein Wasserhahn an einem Haus; <a href=\"http:\/\/www.rhizom.de\/wandern\/2017\/09\/05\/der-weisse-muell\/\" target=\"_blank\" rel=\"noopener\">\u2192 die Toilette<\/a> erstreckt sich mit wei\u00dfen Papierfetzen weit \u00fcber die Wiesen :((<\/p>\n<figure id=\"attachment_9281\" aria-describedby=\"caption-attachment-9281\" style=\"width: 758px\" class=\"wp-caption aligncenter\"><img loading=\"lazy\" class=\"size-full wp-image-9281\" src=\"http:\/\/www.rhizom.de\/wandern\/wp-content\/uploads\/2018\/07\/kochanka-wda.jpg\" alt=\"Links im Bild die Verbindung von Kochanka zu Wda\" width=\"768\" height=\"444\" srcset=\"http:\/\/www.rhizom.de\/wandern\/wp-content\/uploads\/2018\/07\/kochanka-wda.jpg 768w, http:\/\/www.rhizom.de\/wandern\/wp-content\/uploads\/2018\/07\/kochanka-wda-300x173.jpg 300w\" sizes=\"(max-width: 768px) 100vw, 768px\" \/><figcaption id=\"caption-attachment-9281\" class=\"wp-caption-text\">Links im Bild schimmert die Verbindung von Kochanka zu Wda durch die B\u00fcsche<\/figcaption><\/figure>\n<p>Die Besichtigung eines Gutsparkes entf\u00e4llt wegen Privatbesitz ohne Bedauern.<br \/>\nDer See <strong>Kochanka<\/strong> lockt. Suchend nach einer Badestelle am Steilufer geht nach rechts ein Pfad bis der See \u00fcber einen Verbindungsgraben in die Wda flie\u00dft. Schluss und aus \u2013 schnell wenigstens ein Vitaminschub Preiselbeeren\u2026 Unsere halbierte Gruppe versucht es noch einmal nach links. Siehe da: wir sind wieder 12 und am Ende alle wunderbar in wunderbarem Wasser geschwommen.<\/p>\n<figure id=\"attachment_9291\" aria-describedby=\"caption-attachment-9291\" style=\"width: 758px\" class=\"wp-caption aligncenter\"><img loading=\"lazy\" class=\"size-full wp-image-9291\" src=\"http:\/\/www.rhizom.de\/wandern\/wp-content\/uploads\/2018\/07\/feuern.jpg\" alt=\"Nachmittagshitzebratwurst\" width=\"768\" height=\"444\" srcset=\"http:\/\/www.rhizom.de\/wandern\/wp-content\/uploads\/2018\/07\/feuern.jpg 768w, http:\/\/www.rhizom.de\/wandern\/wp-content\/uploads\/2018\/07\/feuern-300x173.jpg 300w\" sizes=\"(max-width: 768px) 100vw, 768px\" \/><figcaption id=\"caption-attachment-9291\" class=\"wp-caption-text\">Die Nachmittagshitzebratwurst<\/figcaption><\/figure>\n<p>Nachmittags (nachmittags!!!) gibt es diesmal Wurst und Kartoffeln vom Feuer.<br \/>\nDie Schwalben fliegen am Sommerhimmel bis sp\u00e4t in den Abend.<\/p>\n<p>&nbsp;<\/p>\n<h2>Mi. 25.07.\u00a0 Krzywe Kolo &#8211; Krummer Kreis oder die Schleife der Wda<\/h2>\n<p>Nebel liegt \u00fcber <strong>Wdecki M\u0142yn<\/strong>. Zeit auf das Wasser zu kommen. Aber das dauert.<\/p>\n<figure id=\"attachment_9246\" aria-describedby=\"caption-attachment-9246\" style=\"width: 758px\" class=\"wp-caption aligncenter\"><img loading=\"lazy\" class=\"size-full wp-image-9246\" src=\"http:\/\/www.rhizom.de\/wandern\/wp-content\/uploads\/2018\/07\/nebel.jpg\" alt=\"Nebel \u00fcber der Wda\" width=\"768\" height=\"444\" srcset=\"http:\/\/www.rhizom.de\/wandern\/wp-content\/uploads\/2018\/07\/nebel.jpg 768w, http:\/\/www.rhizom.de\/wandern\/wp-content\/uploads\/2018\/07\/nebel-300x173.jpg 300w\" sizes=\"(max-width: 768px) 100vw, 768px\" \/><figcaption id=\"caption-attachment-9246\" class=\"wp-caption-text\">Nebel \u00fcber der Wda<\/figcaption><\/figure>\n<p><strong>Zurawki<\/strong> mit steilem Ufer ist dann bald erreicht. Schon wieder auspacken, Gep\u00e4ck und Boote hoch wuchten? Der Kr\u00e4fteverschlei\u00df ist doppelt und dreifach gr\u00f6\u00dfer als beim Paddeln. Die Einsicht ist allgemein. N\u00e4chster Versuch: <strong>Luby<\/strong>.<\/p>\n<p>Ab Zurawki wird die Strecke als urwaldm\u00e4\u00dfig beschrieben. Nur etliche H\u00e4hne kr\u00e4hn dagegen an. In den sumpfigen Uferzonen lauern die Bremsen. Ich hetze polnischen Zweierkajaks nach. Das Klotzen durch die Landschaft hat den Vorteil, diesem Viehzeug zu entgehen. Die polnische Gruppe will weder nach Luby, noch nach B\u0142\u0119dno, sondern bis Tle\u0144 \u2013 sie wissen was sie tun\u2026<br \/>\nIch warte in Luby an einem verkrauteten, ewig nicht mehr benutzten Steg mit B\u00e4nkchen, daneben ein Haus auf dem Hang: pikobello neu &#8211; da gibt man freilich der Natur lieber als den durchziehenden Kajakmeuten Raum. Der Wink ist ohne Zaunpfahl zu verstehen: wir fahren durch bis zur Donnerstags-Etappe B\u0142\u0119dno, ca. 25 km (also geht doch\u2026!!!)<\/p>\n<figure id=\"attachment_9292\" aria-describedby=\"caption-attachment-9292\" style=\"width: 758px\" class=\"wp-caption aligncenter\"><img loading=\"lazy\" class=\"size-full wp-image-9292\" src=\"http:\/\/www.rhizom.de\/wandern\/wp-content\/uploads\/2018\/07\/luby.jpg\" alt=\"Luby an der Wda\" width=\"768\" height=\"444\" srcset=\"http:\/\/www.rhizom.de\/wandern\/wp-content\/uploads\/2018\/07\/luby.jpg 768w, http:\/\/www.rhizom.de\/wandern\/wp-content\/uploads\/2018\/07\/luby-300x173.jpg 300w\" sizes=\"(max-width: 768px) 100vw, 768px\" \/><figcaption id=\"caption-attachment-9292\" class=\"wp-caption-text\">Luby &#8211; dieses Mal nicht ich schief, sondern H\u00e4uschen und Hang!<\/figcaption><\/figure>\n<p>Ab Luby beginnt das NSG Reservat Krzywe Kolo (Krummer Kreis) mit endlosen, engen M\u00e4andern in alle Richtungen, steilen H\u00e4ngen, ab und zu ins Wasser gerutschten B\u00e4umen bis ein tiefes, bewaldetes Tal das Reservat einkreist. Aber das ist vom Wasser aus nicht wirklich genau auszumachen.<\/p>\n<figure id=\"attachment_9296\" aria-describedby=\"caption-attachment-9296\" style=\"width: 758px\" class=\"wp-caption aligncenter\"><img loading=\"lazy\" class=\"size-full wp-image-9296\" src=\"http:\/\/www.rhizom.de\/wandern\/wp-content\/uploads\/2018\/07\/wda-engste-stelle.jpg\" alt=\"Zwischen den M\u00e4andern der Wda\" width=\"768\" height=\"444\" srcset=\"http:\/\/www.rhizom.de\/wandern\/wp-content\/uploads\/2018\/07\/wda-engste-stelle.jpg 768w, http:\/\/www.rhizom.de\/wandern\/wp-content\/uploads\/2018\/07\/wda-engste-stelle-300x173.jpg 300w\" sizes=\"(max-width: 768px) 100vw, 768px\" \/><figcaption id=\"caption-attachment-9296\" class=\"wp-caption-text\">Sp\u00e4ter vom Krzywe Ko\u0142o aus zu sehen: die engste Stelle zwischen den M\u00e4andern der Wda<\/figcaption><\/figure>\n<p><strong>B\u0142\u0119dno<\/strong> nach der Stra\u00dfenbr\u00fccke rechts zwischen den B\u00e4umen des Waldes hat Tische mit B\u00e4nken, wenig weiter einen Zeltplatz. Beide Orte ohne Wasser (das gibt es netter Weise beim Forsthaus) und ohne H\u00e4uschen (manche Veranstalter statten ihre Gruppe mit mobilen &#8220;T\u00f6s&#8221; aus &#8211; Regel ist das zu offensichtlich nicht).<br \/>\nWenigstens bleibt es einsam und ist so versteckt, dass wir FKK in der Wda schwimmen.<\/p>\n<figure id=\"attachment_9294\" aria-describedby=\"caption-attachment-9294\" style=\"width: 758px\" class=\"wp-caption aligncenter\"><img loading=\"lazy\" class=\"size-full wp-image-9294\" src=\"http:\/\/www.rhizom.de\/wandern\/wp-content\/uploads\/2018\/07\/wassersuche.jpg\" alt=\"Der gro\u00dfe Trip: Tausend Meilen durch die W\u00fcste Polen\" width=\"768\" height=\"444\" srcset=\"http:\/\/www.rhizom.de\/wandern\/wp-content\/uploads\/2018\/07\/wassersuche.jpg 768w, http:\/\/www.rhizom.de\/wandern\/wp-content\/uploads\/2018\/07\/wassersuche-300x173.jpg 300w\" sizes=\"(max-width: 768px) 100vw, 768px\" \/><figcaption id=\"caption-attachment-9294\" class=\"wp-caption-text\">Der gro\u00dfe Trip: 100 Meilen durch die W\u00fcste nach einem Schluck Wasser&#8230;<\/figcaption><\/figure>\n<p>Ich bin unruhig, male mir eine verk\u00fcrzte Reise mit Regio aus \u2013 Sch\u2026 auf den ICC\u2026 (und wirklich h\u00e4tte ich die Zeit in meiner Wohnung dringend gebraucht; tr\u00e4umen wir vor oder zur\u00fcck? Die Hochhauskatastrophen k\u00fcnden sich mit Albtraum an.)<\/p>\n<p>&nbsp;<\/p>\n<h2>Do. 26.07.\u00a0 Zwangspause am Tor zum Paradies<\/h2>\n<figure id=\"attachment_9295\" aria-describedby=\"caption-attachment-9295\" style=\"width: 758px\" class=\"wp-caption aligncenter\"><img loading=\"lazy\" class=\"size-full wp-image-9295\" src=\"http:\/\/www.rhizom.de\/wandern\/wp-content\/uploads\/2018\/07\/tor-zum-paradies.jpg\" alt=\"Wda, Tor zum Paradies. Copyright K.G.Brandler\" width=\"768\" height=\"444\" srcset=\"http:\/\/www.rhizom.de\/wandern\/wp-content\/uploads\/2018\/07\/tor-zum-paradies.jpg 768w, http:\/\/www.rhizom.de\/wandern\/wp-content\/uploads\/2018\/07\/tor-zum-paradies-300x173.jpg 300w\" sizes=\"(max-width: 768px) 100vw, 768px\" \/><figcaption id=\"caption-attachment-9295\" class=\"wp-caption-text\">Das Tor zum Paradies<\/figcaption><\/figure>\n<p>Ein per pedes-Wandertag zum \u201eKrummen Kreis\u201c (<strong>Krzywe Ko\u0142o<\/strong>), einen der sch\u00f6nsten Teile der Tucheler Heide. Fr\u00fcher soll dieser Ort schlicht als Paradies\/Parady\u017c bezeichnet worden sein. Eine Runde mit Weitblicken \u00fcber die Wda, zur\u00fcck \u00fcber die Br\u00fccke von B\u0142\u0119dno, durch trockenen Kiefernwald bis <strong>Suchobrze\u017anica<\/strong> &#8211; nat\u00fcrlich auf der Suche nach Einkehr. Die Hungrigen \u201eergattern\u201c (etymologisch: sich etwas Seltenes oder knapp Gewordenes verschaffen) in dem winzigen Dorf 10 Eier von gl\u00fccklichen H\u00fchnern.<\/p>\n<figure id=\"attachment_9276\" aria-describedby=\"caption-attachment-9276\" style=\"width: 758px\" class=\"wp-caption aligncenter\"><img loading=\"lazy\" class=\"size-full wp-image-9276\" src=\"http:\/\/www.rhizom.de\/wandern\/wp-content\/uploads\/2018\/07\/partisanen.jpg\" alt=\"B\u0142\u0119dno, Partisanendenkmal\" width=\"768\" height=\"444\" srcset=\"http:\/\/www.rhizom.de\/wandern\/wp-content\/uploads\/2018\/07\/partisanen.jpg 768w, http:\/\/www.rhizom.de\/wandern\/wp-content\/uploads\/2018\/07\/partisanen-300x173.jpg 300w\" sizes=\"(max-width: 768px) 100vw, 768px\" \/><figcaption id=\"caption-attachment-9276\" class=\"wp-caption-text\">Partisanendenkmal<\/figcaption><\/figure>\n<p>An der Schule eine Gedenktafel f\u00fcr den 1944 ermordeten Dorfschullehrer J\u00f3zef Schmulta. An der Stra\u00dfe bei B\u0142\u0119dno ein schlichtes Denkmal an eine gewonnene Schlacht polnischer und sowjetischer Partisanen gegen die \u00dcbermacht deutscher Soldaten (27.10.1944). Die nahen Verwandten von denen, die hier wohnen, haben es erlebt und sp\u00e4ter erz\u00e4hlt \u2013 wieder und immer wieder.<\/p>\n<figure id=\"attachment_9300\" aria-describedby=\"caption-attachment-9300\" style=\"width: 758px\" class=\"wp-caption aligncenter\"><img loading=\"lazy\" class=\"size-full wp-image-9300\" src=\"http:\/\/www.rhizom.de\/wandern\/wp-content\/uploads\/2018\/07\/fremde-erinnerung.jpg\" alt=\"Ein fremdes Haus und ein fremdes Foto\" width=\"768\" height=\"444\" srcset=\"http:\/\/www.rhizom.de\/wandern\/wp-content\/uploads\/2018\/07\/fremde-erinnerung.jpg 768w, http:\/\/www.rhizom.de\/wandern\/wp-content\/uploads\/2018\/07\/fremde-erinnerung-300x173.jpg 300w\" sizes=\"(max-width: 768px) 100vw, 768px\" \/><figcaption id=\"caption-attachment-9300\" class=\"wp-caption-text\">Ein Haus und ein fremdes Foto. Es war nicht hier, aber ich erinnere mich. Ich erinnere mich an den Schmerz.<\/figcaption><\/figure>\n<p>Ich \u2013 Jahrgang 1944 &#8211; habe Schwierigkeit, die Geschichte einfach nur als historisches Geschehen zu denken, einfach nur Eier hier von einem Hof zu kaufen. Aber: es gibt keinen vern\u00fcnftigen Grund, es nicht zu tun.<\/p>\n<figure id=\"attachment_9277\" aria-describedby=\"caption-attachment-9277\" style=\"width: 758px\" class=\"wp-caption aligncenter\"><img loading=\"lazy\" class=\"size-full wp-image-9277\" src=\"http:\/\/www.rhizom.de\/wandern\/wp-content\/uploads\/2018\/07\/suchobrzeznica.jpg\" alt=\"Im Wald vor Suchobrzeznica\" width=\"768\" height=\"444\" srcset=\"http:\/\/www.rhizom.de\/wandern\/wp-content\/uploads\/2018\/07\/suchobrzeznica.jpg 768w, http:\/\/www.rhizom.de\/wandern\/wp-content\/uploads\/2018\/07\/suchobrzeznica-300x173.jpg 300w\" sizes=\"(max-width: 768px) 100vw, 768px\" \/><figcaption id=\"caption-attachment-9277\" class=\"wp-caption-text\">Im Wald vor Suchobrzeznica<\/figcaption><\/figure>\n<p>13 hei\u00dfe km sollen wir insgesamt gelaufen sein. Ich gehe allein am sp\u00e4ten Nachmittag noch einmal in das Reservat: Mir f\u00e4hrt der Schreck durch die Glieder: als w\u00e4re ich Teile des Weges noch nie gegangen. So ist das allein. Handy hab ich nicht mit. Immer wieder wird ja die Wda zu sehen sein. Die Steinpilze stehen noch naturgesch\u00fctzt und der Tschaga ist als Heilpilz l\u00e4ngst auch hier in Vergessenheit geraten. Vier Kilometer etwa zus\u00e4tzlich und von der Temperatur her angenehm.<\/p>\n<figure id=\"attachment_9298\" aria-describedby=\"caption-attachment-9298\" style=\"width: 758px\" class=\"wp-caption aligncenter\"><img loading=\"lazy\" class=\"size-full wp-image-9298\" src=\"http:\/\/www.rhizom.de\/wandern\/wp-content\/uploads\/2018\/07\/im-krummen-kreis.jpg\" alt=\"Im NSG Krummer Kreis\" width=\"768\" height=\"444\" srcset=\"http:\/\/www.rhizom.de\/wandern\/wp-content\/uploads\/2018\/07\/im-krummen-kreis.jpg 768w, http:\/\/www.rhizom.de\/wandern\/wp-content\/uploads\/2018\/07\/im-krummen-kreis-300x173.jpg 300w\" sizes=\"(max-width: 768px) 100vw, 768px\" \/><figcaption id=\"caption-attachment-9298\" class=\"wp-caption-text\">Im NSG Krummer Kreis<\/figcaption><\/figure>\n<p>Zweimal schwimmen wir noch mit dem Strom von einem Biwakplatz zum andern \u2013 die letzte Etappe steht bevor.<\/p>\n<p>&nbsp;<\/p>\n<h2>Fr. 27.07.\u00a0Tle\u0144 &#8211; das Ende vom &#8220;faulen&#8221; Fluss und faulen Tagen<\/h2>\n<figure id=\"attachment_9217\" aria-describedby=\"caption-attachment-9217\" style=\"width: 758px\" class=\"wp-caption aligncenter\"><img loading=\"lazy\" class=\"size-full wp-image-9217\" src=\"http:\/\/www.rhizom.de\/wandern\/wp-content\/uploads\/2018\/07\/wda-richtung-tlen.jpg\" alt=\"Die Wda Richtung Tle\u0144\" width=\"768\" height=\"444\" srcset=\"http:\/\/www.rhizom.de\/wandern\/wp-content\/uploads\/2018\/07\/wda-richtung-tlen.jpg 768w, http:\/\/www.rhizom.de\/wandern\/wp-content\/uploads\/2018\/07\/wda-richtung-tlen-300x173.jpg 300w\" sizes=\"(max-width: 768px) 100vw, 768px\" \/><figcaption id=\"caption-attachment-9217\" class=\"wp-caption-text\">Die Wda Richtung Tle\u0144<\/figcaption><\/figure>\n<p>Der \u201efaule\u201c Fluss rappelt sich noch einmal auf zu schneller Str\u00f6mung. Noch einmal schl\u00e4ngelt die Wda durch abwechslungsreichen Wald. Noch einmal diese Erinnerung an den Krieg, wo m\u00e4chtige Br\u00fcckenpfeiler von seiner schrecklichen Sinnlosigkeit k\u00fcnden. Irgendwo dahinter wohl nie mehr aufzufindende Gr\u00e4ber und irgendwo soll eine gro\u00dfe Eiche im Wasser liegen, die eventuell umtragen werden muss.<\/p>\n<figure id=\"attachment_9215\" aria-describedby=\"caption-attachment-9215\" style=\"width: 758px\" class=\"wp-caption aligncenter\"><img loading=\"lazy\" class=\"size-full wp-image-9215\" src=\"http:\/\/www.rhizom.de\/wandern\/wp-content\/uploads\/2018\/07\/brueckenpfeiler-links.jpg\" alt=\"Zerst\u00f6rte Br\u00fccke an der Wda\" width=\"768\" height=\"444\" srcset=\"http:\/\/www.rhizom.de\/wandern\/wp-content\/uploads\/2018\/07\/brueckenpfeiler-links.jpg 768w, http:\/\/www.rhizom.de\/wandern\/wp-content\/uploads\/2018\/07\/brueckenpfeiler-links-300x173.jpg 300w\" sizes=\"(max-width: 768px) 100vw, 768px\" \/><figcaption id=\"caption-attachment-9215\" class=\"wp-caption-text\">Zerst\u00f6rte Br\u00fccke mit den Spuren der Einsch\u00fcsse<\/figcaption><\/figure>\n<p><img loading=\"lazy\" class=\"aligncenter size-full wp-image-9216\" src=\"http:\/\/www.rhizom.de\/wandern\/wp-content\/uploads\/2018\/07\/brueckenpfeiler-mit-kreuz.jpg\" alt=\"\" width=\"768\" height=\"444\" srcset=\"http:\/\/www.rhizom.de\/wandern\/wp-content\/uploads\/2018\/07\/brueckenpfeiler-mit-kreuz.jpg 768w, http:\/\/www.rhizom.de\/wandern\/wp-content\/uploads\/2018\/07\/brueckenpfeiler-mit-kreuz-300x173.jpg 300w\" sizes=\"(max-width: 768px) 100vw, 768px\" \/><\/p>\n<p>Ich nehme keine echten Hindernisse wahr. Dann bildet die Wda einige gro\u00dfe Inseln. Verfolgt von einer f\u00fctterungsverw\u00f6hnten Entenschar gondelt das Boot in eine immer breiter werdende, lang gestreckte Bucht. Kr\u00e4ftig zu paddeln wage ich nicht \u2013 zu flach, zu verkrautet. Wildnis ist hier nicht mehr. Die D\u00e4cher von <strong>Tle\u0144<\/strong> gr\u00fc\u00dfen.<\/p>\n<figure id=\"attachment_9218\" aria-describedby=\"caption-attachment-9218\" style=\"width: 758px\" class=\"wp-caption aligncenter\"><img loading=\"lazy\" class=\"size-full wp-image-9218\" src=\"http:\/\/www.rhizom.de\/wandern\/wp-content\/uploads\/2018\/07\/wda-kleines-hindernis.jpg\" alt=\"Wda, Hindernis\" width=\"768\" height=\"444\" srcset=\"http:\/\/www.rhizom.de\/wandern\/wp-content\/uploads\/2018\/07\/wda-kleines-hindernis.jpg 768w, http:\/\/www.rhizom.de\/wandern\/wp-content\/uploads\/2018\/07\/wda-kleines-hindernis-300x173.jpg 300w\" sizes=\"(max-width: 768px) 100vw, 768px\" \/><figcaption id=\"caption-attachment-9218\" class=\"wp-caption-text\">Wda: manchmal letzte\u00a0 kleine Hindernis-Umfahrungen<\/figcaption><\/figure>\n<p>Ich liege wartend. \u00dcber dem schwarzen, schwappenden Wasser schwirren v\u00f6llig synchron zwei Blaufl\u00fcgel-Prachtlibellen. Als elegante Schleifchen tanzen sie ihr Pas de deux &#8211; im spiegelnden Wasser ein vollkommener Vierertakt. Eine dritte st\u00fcrzt kamikazeartig mitten hindurch \u2013 ebenso schnell erfolglos abdrehend. So tief blau gef\u00e4rbt sind die Weibchen nicht. Kampflustige M\u00e4nnchen? Die Schlagfrequenz gibt einem Foto keine Chance.<\/p>\n<figure id=\"attachment_9214\" aria-describedby=\"caption-attachment-9214\" style=\"width: 758px\" class=\"wp-caption aligncenter\"><img loading=\"lazy\" class=\"size-full wp-image-9214\" src=\"http:\/\/www.rhizom.de\/wandern\/wp-content\/uploads\/2018\/07\/bucht-tlen.jpg\" alt=\"In der Bucht vor Tle\u0144\/Polen. Copyright K.G.Brandler\" width=\"768\" height=\"444\" srcset=\"http:\/\/www.rhizom.de\/wandern\/wp-content\/uploads\/2018\/07\/bucht-tlen.jpg 768w, http:\/\/www.rhizom.de\/wandern\/wp-content\/uploads\/2018\/07\/bucht-tlen-300x173.jpg 300w\" sizes=\"(max-width: 768px) 100vw, 768px\" \/><figcaption id=\"caption-attachment-9214\" class=\"wp-caption-text\">In der Bucht vor Tle\u0144\/Polen<\/figcaption><\/figure>\n<p>Die Zeit verfliegt. Der Kajaktrupp schleicht heran und schw\u00e4rmt von Fisch und Eis. Abhol- und Ausstiegsm\u00f6glichkeiten gibt es drei, nirgends ideal: der Schlamm in der Bucht wirkt leblos schwarz&#8230; Am Ufer ein sympathisches, bekanntes Gesicht vom Bootsverleih: zack, die Boote aus dem Wasser, auf den H\u00e4nger und weg ist der Mann \u2013 bis zum n\u00e4chsten Jahr?<\/p>\n<p>Gro\u00dfe Einkehr oder kleines Eis. Tle\u0144 ist Urlaubszentrum und belebt beliebter Ferienort mit bester Versorgung und einem luxuri\u00f6sen Campingplatz. Ein Regenbogen, ein kurzer Schauer &#8211; am Amazonas kann es nicht schw\u00fcler sein. Die Feuerwehr rast \u00fcber die Br\u00fccke. Eigenartig: in Griechenland und Schweden brennen die W\u00e4lder &#8211; in Polen grillt Abend f\u00fcr Abend die Nation an Lagerfeuern.<\/p>\n<figure id=\"attachment_9220\" aria-describedby=\"caption-attachment-9220\" style=\"width: 758px\" class=\"wp-caption aligncenter\"><img loading=\"lazy\" class=\"size-full wp-image-9220\" src=\"http:\/\/www.rhizom.de\/wandern\/wp-content\/uploads\/2018\/07\/wda-wiese.jpg\" alt=\"Farbe und Fluss: die Wda\" width=\"768\" height=\"444\" srcset=\"http:\/\/www.rhizom.de\/wandern\/wp-content\/uploads\/2018\/07\/wda-wiese.jpg 768w, http:\/\/www.rhizom.de\/wandern\/wp-content\/uploads\/2018\/07\/wda-wiese-300x173.jpg 300w\" sizes=\"(max-width: 768px) 100vw, 768px\" \/><figcaption id=\"caption-attachment-9220\" class=\"wp-caption-text\">Farbe und Fluss: fluoreszierendes Feen-Gras in der Wda<\/figcaption><\/figure>\n<p>Ich denke an die Wda zur\u00fcck, ihre grellgr\u00fcnen, unterseeischen Wiesen, die R\u00f6hrichtg\u00fcrtel und Kr\u00e4uterteppiche und wie das satte Gr\u00fcn sich in immer dunkleren T\u00f6nen verliert, je weiter die B\u00e4ume auf den H\u00e4ngen zum Himmel wachsen.<\/p>\n<p>&nbsp;<\/p>\n<figure id=\"attachment_9313\" aria-describedby=\"caption-attachment-9313\" style=\"width: 758px\" class=\"wp-caption aligncenter\"><img loading=\"lazy\" class=\"size-full wp-image-9313\" src=\"http:\/\/www.rhizom.de\/wandern\/wp-content\/uploads\/2018\/07\/kariertkariert.jpg\" alt=\"Mit Recht am eigenen Bild: 2 von 12\" width=\"768\" height=\"444\" srcset=\"http:\/\/www.rhizom.de\/wandern\/wp-content\/uploads\/2018\/07\/kariertkariert.jpg 768w, http:\/\/www.rhizom.de\/wandern\/wp-content\/uploads\/2018\/07\/kariertkariert-300x173.jpg 300w\" sizes=\"(max-width: 768px) 100vw, 768px\" \/><figcaption id=\"caption-attachment-9313\" class=\"wp-caption-text\">Mit Erteilung des Rechtes am eigenen Bild nur wir 2 von 12 und von allen Begegnungen. \u00a9 W. Pagel<\/figcaption><\/figure>\n<p>Dennoch sind mir auf dieser Reise das wichtigste die wenigen Menschen mit denen ich Kontakt hatte: Vater und S\u00f6hnchen, die eine erste Kajakreise zusammen unternehmen, die lustigen Freischneider, mit denen ich mich paddeltechnisch \u201eunterhalte\u201c, die vielen hilfsbereiten Menschen in Lubichowo, sogar jede Begegnung in den kleinen Skleps=L\u00e4den \u2013 sp\u00fcrbare Herzlichkeit in diesem unendlich weiten Land.<\/p>\n<p>&nbsp;<\/p>\n<h2>Sa. 28.07.\u00a0Bydgoszcz &#8211; an diesem Tag mental und k\u00f6rperlich ausgelastet!<\/h2>\n<figure id=\"attachment_9207\" aria-describedby=\"caption-attachment-9207\" style=\"width: 758px\" class=\"wp-caption aligncenter\"><img loading=\"lazy\" class=\"size-full wp-image-9207\" src=\"http:\/\/www.rhizom.de\/wandern\/wp-content\/uploads\/2018\/07\/tlen-morgens-gegen-4.jpg\" alt=\"Tle\u0144, morgens kurz nach 4 h\" width=\"768\" height=\"444\" srcset=\"http:\/\/www.rhizom.de\/wandern\/wp-content\/uploads\/2018\/07\/tlen-morgens-gegen-4.jpg 768w, http:\/\/www.rhizom.de\/wandern\/wp-content\/uploads\/2018\/07\/tlen-morgens-gegen-4-300x173.jpg 300w\" sizes=\"(max-width: 768px) 100vw, 768px\" \/><figcaption id=\"caption-attachment-9207\" class=\"wp-caption-text\">Abschied von Tle\u0144, morgens kurz nach 4 h<\/figcaption><\/figure>\n<p>Bydgoszcz besticht mit restauriertem und \u00e4sthetisch \u00fcberzeugendem, hochmodernem st\u00e4dtebaulichem Ensemble. Nur unsere Besichtigung ger\u00e4t ab Busbahnhof trotz nahtloser Anschl\u00fcsse und fr\u00fchzeitiger Ankunft zum Hindurch-Rasen schon wieder Richtung leiblicher Notd\u00fcrfte.<br \/>\nZu guter Letzt, aller historischen Erkenntnis und antiautorit\u00e4ren Behauptungen zum Trotz jagt ein folgsames Volk hinter dem F\u00fchrer \u00fcber die vierspurige <a href=\"https:\/\/de.wikipedia.org\/wiki\/Universit%C3%A4tsbr%C3%BCcke_(Bydgoszcz)\" target=\"\u201d_blank\u201d\">Most Uniwersytecki<\/a>. Wie man\u2018s braucht. Wie es den Herren in der Dreigroschenoper entgegen geschleudert wird, reagiere ich: &#8220;Erst \u2026 und dann die Moral&#8221;.<br \/>\nDanke f\u00fcr alle Hinweise der hilfsbereiten Polen (der Name Bydgoszcz soll von \u201ebicie go\u015bci\u201d oder \u201ebycie go\u015bciem\u201c =\u201aGast sein\u2018 kommen \u2013 nomen est omen). Die Busse d\u00fcrfen auf dieser Strecke kostenfrei benutzt werden, weil es keinen Geh- oder Radweg gibt. In allen Ecken nach der Gruppe am Busbahnhof suchend, bin ich hoffnungslos zu sp\u00e4t und mit 10 Zloty und 30 Euro nicht zahlungskr\u00e4ftig.<\/p>\n<figure id=\"attachment_9197\" aria-describedby=\"caption-attachment-9197\" style=\"width: 758px\" class=\"wp-caption aligncenter\"><img loading=\"lazy\" class=\"size-full wp-image-9197\" src=\"http:\/\/www.rhizom.de\/wandern\/wp-content\/uploads\/2018\/07\/ausgelastet.jpg\" alt=\"Im Zug\" width=\"768\" height=\"444\" srcset=\"http:\/\/www.rhizom.de\/wandern\/wp-content\/uploads\/2018\/07\/ausgelastet.jpg 768w, http:\/\/www.rhizom.de\/wandern\/wp-content\/uploads\/2018\/07\/ausgelastet-300x173.jpg 300w\" sizes=\"(max-width: 768px) 100vw, 768px\" \/><figcaption id=\"caption-attachment-9197\" class=\"wp-caption-text\">Hingesunken im Zug.<\/figcaption><\/figure>\n<p>Ja, vielleicht haben wir gemeinsame Vorfahren in den Steinkreisen von Odry liegen und die guten Geister schweben nun \u00fcber mir und dem Grzegorz, der mich quer durch die Stadt zum Bydgoszcz G\u0142\u00f3wna f\u00e4hrt \u2013 vielleicht sogar die Zugabfahrtszeiten gen Berlin ahnend (ich wei\u00df nichts und hab alles verpackt). Auf der Rolltreppe gleitet mir unsere Dorit entgegen \u2013 ich kann es kaum glauben.<br \/>\nNein, nicht 5 vor 12, sondern &#8220;nach&#8221; &#8211; der Zug hat Versp\u00e4tung oder irgend so etwas.<\/p>\n<h2 style=\"text-align: center;\">Wr\u00f3ci\u0142em!<br \/>\n1000 dzi\u0119kuj\u0119 za jazd\u0119 na stacj\u0119 Bydgoszczy<\/h2>\n<figure id=\"attachment_9171\" aria-describedby=\"caption-attachment-9171\" style=\"width: 758px\" class=\"wp-caption aligncenter\"><img loading=\"lazy\" class=\"size-full wp-image-9171\" src=\"http:\/\/www.rhizom.de\/wandern\/wp-content\/uploads\/2018\/07\/adios-tlen-polen.jpg\" alt=\"Adios Tle\u0144\" width=\"768\" height=\"444\" srcset=\"http:\/\/www.rhizom.de\/wandern\/wp-content\/uploads\/2018\/07\/adios-tlen-polen.jpg 768w, http:\/\/www.rhizom.de\/wandern\/wp-content\/uploads\/2018\/07\/adios-tlen-polen-300x173.jpg 300w\" sizes=\"(max-width: 768px) 100vw, 768px\" \/><figcaption id=\"caption-attachment-9171\" class=\"wp-caption-text\">Adios Polen! Der Sommer geht bereits seinem Ende zu &#8211; das war Tle\u0144 am sp\u00e4ten Morgen.<\/figcaption><\/figure>\n<p>&nbsp;<\/p>\n<h2>Das Fazit &#8220;Wasserwandern auf der Wda&#8221;<\/h2>\n<p><strong>Schwierigkeitsstufe<\/strong><\/p>\n<figure id=\"attachment_9187\" aria-describedby=\"caption-attachment-9187\" style=\"width: 758px\" class=\"wp-caption aligncenter\"><img loading=\"lazy\" class=\"size-full wp-image-9187\" src=\"http:\/\/www.rhizom.de\/wandern\/wp-content\/uploads\/2018\/07\/wda-ohne-gefaelle.jpg\" alt=\"Die Wda ohne Gef\u00e4lle \u00a9 M. Kanitz\" width=\"768\" height=\"444\" srcset=\"http:\/\/www.rhizom.de\/wandern\/wp-content\/uploads\/2018\/07\/wda-ohne-gefaelle.jpg 768w, http:\/\/www.rhizom.de\/wandern\/wp-content\/uploads\/2018\/07\/wda-ohne-gefaelle-300x173.jpg 300w\" sizes=\"(max-width: 768px) 100vw, 768px\" \/><figcaption id=\"caption-attachment-9187\" class=\"wp-caption-text\">Die Wda ohne Adrenalinschub.\u00a0 \u00a9 M. Kanitz<\/figcaption><\/figure>\n<p>Gem\u00e4\u00dfigtes Paddeln, selbst Unt\u00e4tigkeit bringen auf der Wda schnell vorw\u00e4rts. Achtsamkeit ist dennoch gefordert: die Situationen wechseln. Es kann wegen der Str\u00f6mung ein Wagnis werden, Boot, Paddel und sich selbst ans Ufer oder auf eine Sandbank zu retten. Unmittelbar gef\u00e4hrlich wird die Str\u00f6mung f\u00fcr die massiv im Wasser liegenden Boote nicht. Die offiziell genannten Gefahrenstellen sind zumindest bei gutem Wasserstand \u00fcbertrieben beschrieben.<\/p>\n<figure id=\"attachment_9169\" aria-describedby=\"caption-attachment-9169\" style=\"width: 758px\" class=\"wp-caption aligncenter\"><img loading=\"lazy\" class=\"size-full wp-image-9169\" src=\"http:\/\/www.rhizom.de\/wandern\/wp-content\/uploads\/2018\/07\/wieder-standfest.jpg\" alt=\"Nach dem Versinken. Mooriger Grund an der Wda\" width=\"768\" height=\"444\" srcset=\"http:\/\/www.rhizom.de\/wandern\/wp-content\/uploads\/2018\/07\/wieder-standfest.jpg 768w, http:\/\/www.rhizom.de\/wandern\/wp-content\/uploads\/2018\/07\/wieder-standfest-300x173.jpg 300w\" sizes=\"(max-width: 768px) 100vw, 768px\" \/><figcaption id=\"caption-attachment-9169\" class=\"wp-caption-text\">Nach dem Versinken nur mit Hilfe wieder standfest<\/figcaption><\/figure>\n<p>Problematisch sind erst k\u00fcrzlich von Unwettern gest\u00fcrzte oder altersschwach gefallene B\u00e4ume. Wo Kraut und Schilf \u00fcber unergr\u00fcndlichem Schlamm flattern wird Aussteigen zum Risiko, haltlos zu versinken. Regelm\u00e4\u00dfig wird die Wda allerdings freigeschnitten: zur rechten Zeit am rechten Ort &#8211; eine nette Begegnung!<\/p>\n<figure id=\"attachment_9167\" aria-describedby=\"caption-attachment-9167\" style=\"width: 758px\" class=\"wp-caption aligncenter\"><img loading=\"lazy\" class=\"size-full wp-image-9167\" src=\"http:\/\/www.rhizom.de\/wandern\/wp-content\/uploads\/2018\/07\/die-freischneider.jpg\" alt=\"Die Freischneider mit der Motors\u00e4ge. Copyright K.G.Brandler\" width=\"768\" height=\"444\" srcset=\"http:\/\/www.rhizom.de\/wandern\/wp-content\/uploads\/2018\/07\/die-freischneider.jpg 768w, http:\/\/www.rhizom.de\/wandern\/wp-content\/uploads\/2018\/07\/die-freischneider-300x173.jpg 300w\" sizes=\"(max-width: 768px) 100vw, 768px\" \/><figcaption id=\"caption-attachment-9167\" class=\"wp-caption-text\">Die Freischneider auf der Wda mit der Motors\u00e4ge &#8211; Schwerstarbeit, dieses Ding im Wasser stehend \u00fcber dem Kopf zu halten!<\/figcaption><\/figure>\n<p><strong>Wasserqualit\u00e4t<\/strong><br \/>\nDie extrem saubere Qualit\u00e4t des Wassers nimmt ab mit jeder Siedlung. Das ist zu riechen, wobei der Fluss immer wieder selbstt\u00e4tig\u00a0versucht, sich zu erholen. Das \u201eSchwarzwasser\u201c ist stellenweise eben nicht pur \u201ew\u00e4ssriges\u201c Moor. Deutlich verschlechtert sich die Wasserqualit\u00e4t bei Czarna Woda &#8211; das Boot gleitet unter verrottenden Industrierohren hindurch, linksseitig ragt hinter einem Holzschnitzelberg eine Fabrik\u00a0 in den Himmel.<br \/>\nImmerhin: Abfall im Wasser selbst ist trotz Tourismus nicht zu entdecken. Die Forste im Bereich der Biwakpl\u00e4tze haben diesbez\u00fcglich gro\u00dfe Probleme. Allein gelassen mit ihren Nord\u00fcrften reichen dort weder Phantasie noch Wissen der meisten Wasserwanderer f\u00fcr eine naturvertr\u00e4gliche Entsorgung.<\/p>\n<figure id=\"attachment_9175\" aria-describedby=\"caption-attachment-9175\" style=\"width: 758px\" class=\"wp-caption aligncenter\"><img loading=\"lazy\" class=\"size-full wp-image-9175\" src=\"http:\/\/www.rhizom.de\/wandern\/wp-content\/uploads\/2018\/07\/an-der-Wda.jpg\" alt=\"Gl\u00fcckliches Weidevieh schadet wohl kaum der Wda - doch die Umwelt?\" width=\"768\" height=\"444\" srcset=\"http:\/\/www.rhizom.de\/wandern\/wp-content\/uploads\/2018\/07\/an-der-Wda.jpg 768w, http:\/\/www.rhizom.de\/wandern\/wp-content\/uploads\/2018\/07\/an-der-Wda-300x173.jpg 300w\" sizes=\"(max-width: 768px) 100vw, 768px\" \/><figcaption id=\"caption-attachment-9175\" class=\"wp-caption-text\">Gl\u00fcckliches Weidevieh schadet wohl kaum dem Wasser &#8211; doch die Umwelt?<\/figcaption><\/figure>\n<p><strong>Erlebnisqualit\u00e4t<\/strong><br \/>\nDer vielfach verwendete Begriff \u201eUrwald\u201c d\u00fcrfte sich auf die breiten Sumpfwiesen an den flachen Ufern beziehen. Meist s\u00e4umen Erlen das Ufer bis dahinter der Hang mit hoch aufragenden Kiefern und Wacholder bewachsen ist. Meine Lust durch diese sommertrockene Heide zu wandern tendiert gen Null. Wertvolle Flora (Sonnentau, Knabenkraut, T\u00fcrkenbund, Akelei etc.) ist nat\u00fcrlich weder vom Boot noch vom Land aus zu entdecken. Die Ufer allerdings geizen nicht mit Wasserminze und Wasserkresse \u2013 schmackhafte Bereicherung f\u00fcr einfaches Campingessen, sofern man die angepriesene Naturn\u00e4he auskostet und auf st\u00e4ndiges Einkehren verzichtet.<\/p>\n<figure id=\"attachment_9176\" aria-describedby=\"caption-attachment-9176\" style=\"width: 758px\" class=\"wp-caption aligncenter\"><img loading=\"lazy\" class=\"size-full wp-image-9176\" src=\"http:\/\/www.rhizom.de\/wandern\/wp-content\/uploads\/2018\/07\/kraut-urwald.jpg\" alt=\"Minze, Kresse, Schilf und Schierling: der Urwald\" width=\"768\" height=\"444\" srcset=\"http:\/\/www.rhizom.de\/wandern\/wp-content\/uploads\/2018\/07\/kraut-urwald.jpg 768w, http:\/\/www.rhizom.de\/wandern\/wp-content\/uploads\/2018\/07\/kraut-urwald-300x173.jpg 300w\" sizes=\"(max-width: 768px) 100vw, 768px\" \/><figcaption id=\"caption-attachment-9176\" class=\"wp-caption-text\">Minze, Kresse, Schilf und Schierling: der Urwald<\/figcaption><\/figure>\n<p>Die Fauna beschr\u00e4nkt sich sichtlich auf klein, h\u00f6rbar auf gro\u00df Gefl\u00fcgeltes und merklich auf Bremsen in N\u00e4he von Weiden und Ortschaften. Dem Biber macht man wohl hier schnell den Garaus \u2013 jedenfalls kennen wir das in Brandenburg naturbelassen anders.<\/p>\n<figure id=\"attachment_9168\" aria-describedby=\"caption-attachment-9168\" style=\"width: 758px\" class=\"wp-caption aligncenter\"><img loading=\"lazy\" class=\"size-full wp-image-9168\" src=\"http:\/\/www.rhizom.de\/wandern\/wp-content\/uploads\/2018\/07\/professionell.jpg\" alt=\"Angler in der Wda\" width=\"768\" height=\"444\" srcset=\"http:\/\/www.rhizom.de\/wandern\/wp-content\/uploads\/2018\/07\/professionell.jpg 768w, http:\/\/www.rhizom.de\/wandern\/wp-content\/uploads\/2018\/07\/professionell-300x173.jpg 300w\" sizes=\"(max-width: 768px) 100vw, 768px\" \/><figcaption id=\"caption-attachment-9168\" class=\"wp-caption-text\">Einheimisch und professionell f\u00fcr die mitleidslosen Fischverschlinger<\/figcaption><\/figure>\n<p>Die Landschaftsbilder wiederholen sich. Weniger als 20 km pro Tag langweilen unendlich. Anglermentalit\u00e4t ist gefordert. Die Zeit ist kaum mit anderem als Einkauf und Essen auszuf\u00fcllen. Wer m\u00f6chte das? Die Abende am Lagerfeuer (sofern man polnisch\/slawisch, nicht allzu deutsch n\u00fctzlichkeitsdenkend verwurzelt ist und egal wie gro\u00df die Brandgefahr in Deutschland eingesch\u00e4tzt w\u00fcrde) bringen das romantische Gef\u00fchl \u201eZur\u00fcck zur Natur\u201c.<\/p>\n<figure id=\"attachment_9170\" aria-describedby=\"caption-attachment-9170\" style=\"width: 758px\" class=\"wp-caption aligncenter\"><img loading=\"lazy\" class=\"size-full wp-image-9170\" src=\"http:\/\/www.rhizom.de\/wandern\/wp-content\/uploads\/2018\/07\/badestelle.jpg\" alt=\"Badestelle an der Wda bei B\u0142\u0119dno\" width=\"768\" height=\"444\" srcset=\"http:\/\/www.rhizom.de\/wandern\/wp-content\/uploads\/2018\/07\/badestelle.jpg 768w, http:\/\/www.rhizom.de\/wandern\/wp-content\/uploads\/2018\/07\/badestelle-300x173.jpg 300w\" sizes=\"(max-width: 768px) 100vw, 768px\" \/><figcaption id=\"caption-attachment-9170\" class=\"wp-caption-text\">Ideale Badestelle in B\u0142\u0119dno, immer auch mit kleinen Fischlein in der Sonne<\/figcaption><\/figure>\n<p>Stellenweise ist in der Wda zu baden (das jedoch unbedingt versch\u00e4mt bekleidet). Angeleint und unter Aufsicht m\u00fcssen Kinder in jedem Fall sein. Die Str\u00f6mung rei\u00dft auch Erwachsene mit sich und Ausstiege fehlen dann.<\/p>\n<figure id=\"attachment_9258\" aria-describedby=\"caption-attachment-9258\" style=\"width: 758px\" class=\"wp-caption aligncenter\"><img loading=\"lazy\" class=\"size-full wp-image-9258\" src=\"http:\/\/www.rhizom.de\/wandern\/wp-content\/uploads\/2018\/07\/moonrisekingdom.jpg\" alt=\"Wo an der Wda die Romantik gelehrt wird\" width=\"768\" height=\"444\" srcset=\"http:\/\/www.rhizom.de\/wandern\/wp-content\/uploads\/2018\/07\/moonrisekingdom.jpg 768w, http:\/\/www.rhizom.de\/wandern\/wp-content\/uploads\/2018\/07\/moonrisekingdom-300x173.jpg 300w\" sizes=\"(max-width: 768px) 100vw, 768px\" \/><figcaption id=\"caption-attachment-9258\" class=\"wp-caption-text\">Wo die Romantik gelehrt wird (vgl. Blog-Kategorie Filme auf DVD: Wes Anderson, Moonrise kingdom)<\/figcaption><\/figure>\n<h2 style=\"text-align: center;\">F\u00fcnf Tage im Kajak f\u00fcr den Abschnitt Borsk &#8211; Tle\u0144, dann sollte es eine wundervolle Naturerfahrung werden!<\/h2>\n<p>Dieses Mal viel zu viele 10 Tage f\u00fcr etwas \u00fcber 100 km Fluss ohne See, aber unschlagbar und mit Dankbarkeit f\u00fcr rund 150 Euro mit allem Drumunddran. Funktioniert aber nur, weil die Organisation vom Wandersportverein und ausgefuchstem Wanderleiter mit nicht mehr als einer Mini-Aufwandsentsch\u00e4digung abgegolten wird.<\/p>\n","protected":false},"excerpt":{"rendered":"<p>19. &#8211; 28.Juli 2018 Erfahrungsbericht einer Wanderreise zu Wasser und zu Land mit dem Wandersportverein Rotation Berlin e.V., Leitung Eckhard Knauer Von Berlin nach Borsk\/Polen Anreise mit Regionalz\u00fcgen \u00fcber Szczecin (Umsteigebahnhof), Pi\u0142a, Chojnice (Umsteigebahnhof) nach Czersk. Graue Wolken, leichter Regen nach langer Hitzeperiode. W\u00e4lder, W\u00e4lder, W\u00e4lder. Von den wenigen, kleinen Stationen scheinen die meisten auf &#8230; <a title=\"Wda abw\u00e4rts\" class=\"read-more\" href=\"http:\/\/www.rhizom.de\/wandern\/2018\/07\/29\/wda-polen\/\">Read more<\/a><\/p>\n","protected":false},"author":1,"featured_media":0,"comment_status":"open","ping_status":"open","sticky":false,"template":"","format":"standard","meta":{"generate_page_header":""},"categories":[15],"tags":[99],"_links":{"self":[{"href":"http:\/\/www.rhizom.de\/wandern\/wp-json\/wp\/v2\/posts\/9146"}],"collection":[{"href":"http:\/\/www.rhizom.de\/wandern\/wp-json\/wp\/v2\/posts"}],"about":[{"href":"http:\/\/www.rhizom.de\/wandern\/wp-json\/wp\/v2\/types\/post"}],"author":[{"embeddable":true,"href":"http:\/\/www.rhizom.de\/wandern\/wp-json\/wp\/v2\/users\/1"}],"replies":[{"embeddable":true,"href":"http:\/\/www.rhizom.de\/wandern\/wp-json\/wp\/v2\/comments?post=9146"}],"version-history":[{"count":146,"href":"http:\/\/www.rhizom.de\/wandern\/wp-json\/wp\/v2\/posts\/9146\/revisions"}],"predecessor-version":[{"id":14089,"href":"http:\/\/www.rhizom.de\/wandern\/wp-json\/wp\/v2\/posts\/9146\/revisions\/14089"}],"wp:attachment":[{"href":"http:\/\/www.rhizom.de\/wandern\/wp-json\/wp\/v2\/media?parent=9146"}],"wp:term":[{"taxonomy":"category","embeddable":true,"href":"http:\/\/www.rhizom.de\/wandern\/wp-json\/wp\/v2\/categories?post=9146"},{"taxonomy":"post_tag","embeddable":true,"href":"http:\/\/www.rhizom.de\/wandern\/wp-json\/wp\/v2\/tags?post=9146"}],"curies":[{"name":"wp","href":"https:\/\/api.w.org\/{rel}","templated":true}]}}