{"id":9368,"date":"2018-08-08T06:41:58","date_gmt":"2018-08-08T04:41:58","guid":{"rendered":"http:\/\/www.rhizom.de\/wandern\/?p=9368"},"modified":"2019-07-15T10:24:20","modified_gmt":"2019-07-15T08:24:20","slug":"bei-brodowin","status":"publish","type":"post","link":"http:\/\/www.rhizom.de\/wandern\/2018\/08\/08\/bei-brodowin\/","title":{"rendered":"Wege in die Nacht"},"content":{"rendered":"<p><strong>6. bis 7. August 2018, ein Abend, eine Nacht und ein Morgen<br \/>\nEin intensives, erlebnisreiches Solo auf der Suche nach H\u00fcnengr\u00e4bern im R\u00fcckland des Endmor\u00e4nenbogens Chorin, ca. 20\u00a0km. Die kleinen Bilder sind mit Klick zu verg\u00f6\u00dfern<\/strong><\/p>\n<p>&nbsp;<\/p>\n<figure id=\"attachment_9370\" aria-describedby=\"caption-attachment-9370\" style=\"width: 758px\" class=\"wp-caption aligncenter\"><img loading=\"lazy\" class=\"size-full wp-image-9370\" src=\"http:\/\/www.rhizom.de\/wandern\/wp-content\/uploads\/2018\/08\/steinsetzung.jpg\" alt=\"Steinsetzung\" width=\"768\" height=\"444\" srcset=\"http:\/\/www.rhizom.de\/wandern\/wp-content\/uploads\/2018\/08\/steinsetzung.jpg 768w, http:\/\/www.rhizom.de\/wandern\/wp-content\/uploads\/2018\/08\/steinsetzung-300x173.jpg 300w\" sizes=\"(max-width: 768px) 100vw, 768px\" \/><figcaption id=\"caption-attachment-9370\" class=\"wp-caption-text\">Sieht aus wie eine intakte Steinsetzung, eher aber heimatkundlich &#8220;nachgearbeitet&#8221;<\/figcaption><\/figure>\n<p>&nbsp;<\/p>\n<h2>Gl\u00fcckliche H\u00fcgel wo der Himmel die Erde k\u00fcsst*<\/h2>\n<p style=\"text-align: left;\">Die alten Waldstra\u00dfen sind gleichm\u00e4\u00dfig gepflastert mit Feldsteinen. Oder doch oft keine Feldsteine und pur Findlingsst\u00fccke, sondern Ergebnis m\u00fchevoller Steinschl\u00e4gerarbeit an Steinen von Gr\u00e4bern, die eine jahrhundertelange, dichte Besiedlung anzeig(t)en? Eigenartig kleine, dicht von Efeu \u00fcberwucherte H\u00fcgel gibt es gleich bergauf von <strong>Liepe<\/strong> aus. Von denen, die ich im Ort treffe, hat noch nie jemand von hiesigen H\u00fcgelgr\u00e4bern geh\u00f6rt. Ich bin hoffnungsvoll. Und siehe da, den Pfingstberg brauche ich gar nicht.<\/p>\n<figure id=\"attachment_9416\" aria-describedby=\"caption-attachment-9416\" style=\"width: 290px\" class=\"wp-caption alignright\"><a href=\"http:\/\/www.rhizom.de\/wandern\/wp-content\/uploads\/2018\/08\/tal-der-fruegeschichtlichen-siedlungen.jpg\" target=\"_blank\" rel=\"noopener\"><img loading=\"lazy\" class=\"size-medium wp-image-9416\" src=\"http:\/\/www.rhizom.de\/wandern\/wp-content\/uploads\/2018\/08\/tal-der-fruegeschichtlichen-siedlungen-300x225.jpg\" alt=\"Ein Tal der vor- und fr\u00fchgeschichtlichen Funde\" width=\"300\" height=\"225\" srcset=\"http:\/\/www.rhizom.de\/wandern\/wp-content\/uploads\/2018\/08\/tal-der-fruegeschichtlichen-siedlungen-300x225.jpg 300w, http:\/\/www.rhizom.de\/wandern\/wp-content\/uploads\/2018\/08\/tal-der-fruegeschichtlichen-siedlungen.jpg 768w\" sizes=\"(max-width: 300px) 100vw, 300px\" \/><\/a><figcaption id=\"caption-attachment-9416\" class=\"wp-caption-text\">Ein Tal der vor- und fr\u00fchgeschichtlichen Funde<\/figcaption><\/figure>\n<figure id=\"attachment_9417\" aria-describedby=\"caption-attachment-9417\" style=\"width: 290px\" class=\"wp-caption alignright\"><a href=\"http:\/\/www.rhizom.de\/wandern\/wp-content\/uploads\/2018\/08\/steinschlaegerarbeit.jpg\" target=\"_blank\" rel=\"noopener\"><img loading=\"lazy\" class=\"size-medium wp-image-9417\" src=\"http:\/\/www.rhizom.de\/wandern\/wp-content\/uploads\/2018\/08\/steinschlaegerarbeit-300x225.jpg\" alt=\"Die Arbeit der einstigen Steinschl\u00e4ger\" width=\"300\" height=\"225\" srcset=\"http:\/\/www.rhizom.de\/wandern\/wp-content\/uploads\/2018\/08\/steinschlaegerarbeit-300x225.jpg 300w, http:\/\/www.rhizom.de\/wandern\/wp-content\/uploads\/2018\/08\/steinschlaegerarbeit.jpg 768w\" sizes=\"(max-width: 300px) 100vw, 300px\" \/><\/a><figcaption id=\"caption-attachment-9417\" class=\"wp-caption-text\">Die Arbeit der einstigen Steinschl\u00e4ger<\/figcaption><\/figure>\n<figure id=\"attachment_9418\" aria-describedby=\"caption-attachment-9418\" style=\"width: 290px\" class=\"wp-caption alignright\"><a href=\"http:\/\/www.rhizom.de\/wandern\/wp-content\/uploads\/2018\/08\/der-waechter.jpg\" target=\"_blank\" rel=\"noopener\"><img loading=\"lazy\" class=\"size-medium wp-image-9418\" src=\"http:\/\/www.rhizom.de\/wandern\/wp-content\/uploads\/2018\/08\/der-waechter-300x225.jpg\" alt=\"Beraubt: der W\u00e4chter\" width=\"300\" height=\"225\" srcset=\"http:\/\/www.rhizom.de\/wandern\/wp-content\/uploads\/2018\/08\/der-waechter-300x225.jpg 300w, http:\/\/www.rhizom.de\/wandern\/wp-content\/uploads\/2018\/08\/der-waechter.jpg 768w\" sizes=\"(max-width: 300px) 100vw, 300px\" \/><\/a><figcaption id=\"caption-attachment-9418\" class=\"wp-caption-text\">Beraubt: der W\u00e4chter<\/figcaption><\/figure>\n<figure id=\"attachment_9419\" aria-describedby=\"caption-attachment-9419\" style=\"width: 290px\" class=\"wp-caption alignright\"><a href=\"http:\/\/www.rhizom.de\/wandern\/wp-content\/uploads\/2018\/08\/private-grabung.jpg\" target=\"_blank\" rel=\"noopener\"><img loading=\"lazy\" class=\"size-medium wp-image-9419\" src=\"http:\/\/www.rhizom.de\/wandern\/wp-content\/uploads\/2018\/08\/private-grabung-300x225.jpg\" alt=\"Ahnungslos privat vor der Geschichte\" width=\"300\" height=\"225\" srcset=\"http:\/\/www.rhizom.de\/wandern\/wp-content\/uploads\/2018\/08\/private-grabung-300x225.jpg 300w, http:\/\/www.rhizom.de\/wandern\/wp-content\/uploads\/2018\/08\/private-grabung.jpg 768w\" sizes=\"(max-width: 300px) 100vw, 300px\" \/><\/a><figcaption id=\"caption-attachment-9419\" class=\"wp-caption-text\">Ahnungslos privat vor der Geschichte<\/figcaption><\/figure>\n<p style=\"clear: both; text-align: left;\">Da liegt eine erste Steinsetzstelle erst k\u00fcrzlich herausgew\u00fchlt aus der Bergkuppe f\u00fcr einen Miniteich, der in dieser Sommerhitze l\u00e4ngst stinkende Pflanzen ausgebr\u00fctet hat. Die unmittelbare Grube f\u00fcr eine Bestattung d\u00fcrfte sich immer leicht ausheben lassen &#8211; vielleicht nur nicht tief genug, um zu erschrecken, wo man in seinem Feriendomizil sonnenbadet. Unterhalb am Hang ein riesiger W\u00e4chterstein, als blo\u00dfer Findling aufgerichtet unter wei\u00dfen Maulbeerb\u00e4umen. Seine Ausrichtung West &#8211; Ost d\u00fcrfte noch stimmen. Auch hier restliche Steine f\u00fcr einen l\u00e4ngst versickerten und \u00fcberwucherten k\u00fcnstlichen T\u00fcmpel genutzt.<\/p>\n<figure id=\"attachment_9421\" aria-describedby=\"caption-attachment-9421\" style=\"width: 290px\" class=\"wp-caption alignright\"><a href=\"http:\/\/www.rhizom.de\/wandern\/wp-content\/uploads\/2018\/08\/scherben.jpg\" target=\"_blank\" rel=\"noopener\"><img loading=\"lazy\" class=\"size-medium wp-image-9421\" src=\"http:\/\/www.rhizom.de\/wandern\/wp-content\/uploads\/2018\/08\/scherben-300x225.jpg\" alt=\"Der Scherben\" width=\"300\" height=\"225\" srcset=\"http:\/\/www.rhizom.de\/wandern\/wp-content\/uploads\/2018\/08\/scherben-300x225.jpg 300w, http:\/\/www.rhizom.de\/wandern\/wp-content\/uploads\/2018\/08\/scherben.jpg 768w\" sizes=\"(max-width: 300px) 100vw, 300px\" \/><\/a><figcaption id=\"caption-attachment-9421\" class=\"wp-caption-text\">Der Scherben<\/figcaption><\/figure>\n<figure id=\"attachment_9420\" aria-describedby=\"caption-attachment-9420\" style=\"width: 290px\" class=\"wp-caption alignright\"><a href=\"http:\/\/www.rhizom.de\/wandern\/wp-content\/uploads\/2018\/08\/scherben-und-mergelsplitter.jpg\" target=\"_blank\" rel=\"noopener\"><img loading=\"lazy\" class=\"size-medium wp-image-9420\" src=\"http:\/\/www.rhizom.de\/wandern\/wp-content\/uploads\/2018\/08\/scherben-und-mergelsplitter-300x225.jpg\" alt=\"Der Scherben\" width=\"300\" height=\"225\" srcset=\"http:\/\/www.rhizom.de\/wandern\/wp-content\/uploads\/2018\/08\/scherben-und-mergelsplitter-300x225.jpg 300w, http:\/\/www.rhizom.de\/wandern\/wp-content\/uploads\/2018\/08\/scherben-und-mergelsplitter.jpg 768w\" sizes=\"(max-width: 300px) 100vw, 300px\" \/><\/a><figcaption id=\"caption-attachment-9420\" class=\"wp-caption-text\">Der Scherben und Mergelsplitter<\/figcaption><\/figure>\n<figure id=\"attachment_9423\" aria-describedby=\"caption-attachment-9423\" style=\"width: 290px\" class=\"wp-caption alignright\"><a href=\"http:\/\/www.rhizom.de\/wandern\/wp-content\/uploads\/2018\/08\/fundstuecke.jpg\" target=\"_blank\" rel=\"noopener\"><img loading=\"lazy\" class=\"size-medium wp-image-9423\" src=\"http:\/\/www.rhizom.de\/wandern\/wp-content\/uploads\/2018\/08\/fundstuecke-300x225.jpg\" alt=\"Kreide, Feuerstein und eine kleine Platte mit Einschluss\" width=\"300\" height=\"225\" srcset=\"http:\/\/www.rhizom.de\/wandern\/wp-content\/uploads\/2018\/08\/fundstuecke-300x225.jpg 300w, http:\/\/www.rhizom.de\/wandern\/wp-content\/uploads\/2018\/08\/fundstuecke.jpg 768w\" sizes=\"(max-width: 300px) 100vw, 300px\" \/><\/a><figcaption id=\"caption-attachment-9423\" class=\"wp-caption-text\">Kreide, Feuerstein und Platte mit Einschluss<\/figcaption><\/figure>\n<figure id=\"attachment_9422\" aria-describedby=\"caption-attachment-9422\" style=\"width: 290px\" class=\"wp-caption alignright\"><a href=\"http:\/\/www.rhizom.de\/wandern\/wp-content\/uploads\/2018\/08\/gluecksstein.jpg\" target=\"_blank\" rel=\"noopener\"><img loading=\"lazy\" class=\"size-medium wp-image-9422\" src=\"http:\/\/www.rhizom.de\/wandern\/wp-content\/uploads\/2018\/08\/gluecksstein-300x225.jpg\" alt=\"Der Gl\u00fccksstein als Kreisel\" width=\"300\" height=\"225\" srcset=\"http:\/\/www.rhizom.de\/wandern\/wp-content\/uploads\/2018\/08\/gluecksstein-300x225.jpg 300w, http:\/\/www.rhizom.de\/wandern\/wp-content\/uploads\/2018\/08\/gluecksstein.jpg 768w\" sizes=\"(max-width: 300px) 100vw, 300px\" \/><\/a><figcaption id=\"caption-attachment-9422\" class=\"wp-caption-text\">Der Gl\u00fccksstein als Kreisel<\/figcaption><\/figure>\n<p style=\"clear: both; text-align: left;\">Mein Blick ist nun gesch\u00e4rft f\u00fcr die Besonderheiten dieser Landschaft und wird mehrfach traurig belohnt: ahnungslose, achtlose Zerst\u00f6rungen von Steinsetzungen seit Jahrhunderten. Nur kurz vor <strong>Brodowin<\/strong> sieht es einmal aus wie versuchte Raubgrabung. Ich b\u00fccke mich nach winzigen grauen Scherbensplittern. Ein gr\u00f6\u00dferer, dickwandiger Scherben mit deutlicher Gef\u00e4\u00dfwandung und einem kleinen Buckel \u2013 Rest einer Musterung. Schwarzgraue, gegl\u00e4ttete Oberfl\u00e4che. Handgemacht, die Innenwandung ist unregelm\u00e4\u00dfig, grob, rauwandig, kalkhaltig &#8211; v\u00f6llig undenkbar f\u00fcr einen anderen Gebrauch als eine Urne f\u00fcr den Leichenbrand. Direkt daneben ein Gl\u00fcckssteinchen. Es werden alle abwinken: kein Artefakt. Wenn keine kultische Grabbeigabe so doch ein kreiselndes Zaubersteinchen f\u00fcr mich von den Geistern&#8230;<\/p>\n<figure id=\"attachment_9460\" aria-describedby=\"caption-attachment-9460\" style=\"width: 290px\" class=\"wp-caption alignright\"><a href=\"http:\/\/www.rhizom.de\/wandern\/wp-content\/uploads\/2018\/08\/huenengrab-zerstoert.jpg\" target=\"_blank\" rel=\"noopener\"><img loading=\"lazy\" class=\"size-medium wp-image-9460\" src=\"http:\/\/www.rhizom.de\/wandern\/wp-content\/uploads\/2018\/08\/huenengrab-zerstoert-300x225.jpg\" alt=\"zerst\u00f6rtes H\u00fcnengrab\" width=\"300\" height=\"225\" srcset=\"http:\/\/www.rhizom.de\/wandern\/wp-content\/uploads\/2018\/08\/huenengrab-zerstoert-300x225.jpg 300w, http:\/\/www.rhizom.de\/wandern\/wp-content\/uploads\/2018\/08\/huenengrab-zerstoert.jpg 768w\" sizes=\"(max-width: 300px) 100vw, 300px\" \/><\/a><figcaption id=\"caption-attachment-9460\" class=\"wp-caption-text\">Freigelegt, zerst\u00f6rt<\/figcaption><\/figure>\n<figure id=\"attachment_9472\" aria-describedby=\"caption-attachment-9472\" style=\"width: 290px\" class=\"wp-caption alignright\"><a href=\"http:\/\/www.rhizom.de\/wandern\/wp-content\/uploads\/2018\/08\/steinpackung-1.jpg\" target=\"_blank\" rel=\"noopener\"><img loading=\"lazy\" class=\"size-medium wp-image-9472\" src=\"http:\/\/www.rhizom.de\/wandern\/wp-content\/uploads\/2018\/08\/steinpackung-1-300x225.jpg\" alt=\"H\u00fcgel, die mehr als Landschaft sind \" width=\"300\" height=\"225\" srcset=\"http:\/\/www.rhizom.de\/wandern\/wp-content\/uploads\/2018\/08\/steinpackung-1-300x225.jpg 300w, http:\/\/www.rhizom.de\/wandern\/wp-content\/uploads\/2018\/08\/steinpackung-1.jpg 768w\" sizes=\"(max-width: 300px) 100vw, 300px\" \/><\/a><figcaption id=\"caption-attachment-9472\" class=\"wp-caption-text\">Steinpackung<\/figcaption><\/figure>\n<figure id=\"attachment_9425\" aria-describedby=\"caption-attachment-9425\" style=\"width: 290px\" class=\"wp-caption alignright\"><a href=\"http:\/\/www.rhizom.de\/wandern\/wp-content\/uploads\/2018\/08\/die-linde-auf-dem-berge.jpg\" target=\"_blank\" rel=\"noopener\"><img loading=\"lazy\" class=\"size-medium wp-image-9425\" src=\"http:\/\/www.rhizom.de\/wandern\/wp-content\/uploads\/2018\/08\/die-linde-auf-dem-berge-300x225.jpg\" alt=\"...da steht ein Lindenbaum\" width=\"300\" height=\"225\" srcset=\"http:\/\/www.rhizom.de\/wandern\/wp-content\/uploads\/2018\/08\/die-linde-auf-dem-berge-300x225.jpg 300w, http:\/\/www.rhizom.de\/wandern\/wp-content\/uploads\/2018\/08\/die-linde-auf-dem-berge.jpg 768w\" sizes=\"(max-width: 300px) 100vw, 300px\" \/><\/a><figcaption id=\"caption-attachment-9425\" class=\"wp-caption-text\">&#8230;da steht ein Lindenbaum<\/figcaption><\/figure>\n<figure id=\"attachment_9424\" aria-describedby=\"caption-attachment-9424\" style=\"width: 290px\" class=\"wp-caption alignright\"><a href=\"http:\/\/www.rhizom.de\/wandern\/wp-content\/uploads\/2018\/08\/reimar-gilsenbach.jpg\" target=\"_blank\" rel=\"noopener\"><img loading=\"lazy\" class=\"size-medium wp-image-9424\" src=\"http:\/\/www.rhizom.de\/wandern\/wp-content\/uploads\/2018\/08\/reimar-gilsenbach-300x225.jpg\" alt=\"Gedenkstein\" width=\"300\" height=\"225\" srcset=\"http:\/\/www.rhizom.de\/wandern\/wp-content\/uploads\/2018\/08\/reimar-gilsenbach-300x225.jpg 300w, http:\/\/www.rhizom.de\/wandern\/wp-content\/uploads\/2018\/08\/reimar-gilsenbach.jpg 768w\" sizes=\"(max-width: 300px) 100vw, 300px\" \/><\/a><figcaption id=\"caption-attachment-9424\" class=\"wp-caption-text\">Gedenkstein<\/figcaption><\/figure>\n<p style=\"clear: both; text-align: left;\">Noch ist es zu fr\u00fch, um hier ein Nachtlager zu w\u00e4hlen. In Brodowin lasse ich einen letzten Tropfen Kefir ayurwedam\u00e4\u00dfig wirkungsvoll mit Wasser auff\u00fcllen, bringe die Verdauung mit halbreifen Pflaumen auf Trab und gerate auf meiner Spurensuche auf unverhoffte Verbindungen von Vergangenheit und Gegenwart: ein Stein am Wegesrand &#8211; dem Schriftsteller <a href=\"https:\/\/de.wikipedia.org\/wiki\/Reimar_Gilsenbach\" target=\"_blank\" rel=\"noopener\">Reimar Gilsenbach<\/a> 1926 &#8211; 2001 von seinen Brodowiner Freunden gewidmet. Das passt &#8211; eine Erinnerung auch an Lyalya Kuznetsova und die Rom, das wandernde Volk.<\/p>\n<p style=\"clear: both; text-align: left;\">Ich bin weder im Totalreservat Plagefenn noch im NSG und doch \/ gerade daher in einer Bilderbuchlandschaft. Ach je, Bilder- und Kinderbuch: &#8220;Wie die V\u00f6gel das Zicklein retteten&#8221; von Sergej Michalkow &#8211; sehe die W\u00f6lfe blutr\u00fcnstig bereits \u00fcber die Oder schwimmen&#8230; Noch stolzieren allerdings an die 20 St\u00f6rche nahrungssuchend auf dem Feuchtgr\u00fcnland hinter einer M\u00e4hmaschine. Etwas zu fr\u00fch der Schnitt f\u00fcr die Futterqualit\u00e4t, aber der Klimawandel erfordert auch hier flexibel zu entscheiden. Woher ich das wei\u00df? Vom Spitzen-Landwirt aus Brodowin. Wenn ich geahnt h\u00e4tte, wer da auf seinem Rundgang mit einer Praktikantin nun zuf\u00e4llig auch mich so kenntnisreich und unterhaltsam zu informieren wei\u00df&#8230; Aber mein Interesse an Brodowin war bisher h\u00f6chst gebremst von den Preisen der biologisch-dynamisch erzeugten \u00d6kodorfprodukte.<\/p>\n<figure id=\"attachment_9427\" aria-describedby=\"caption-attachment-9427\" style=\"width: 290px\" class=\"wp-caption alignright\"><a href=\"http:\/\/www.rhizom.de\/wandern\/wp-content\/uploads\/2018\/08\/steine.jpg\" target=\"_blank\" rel=\"noopener\"><img loading=\"lazy\" class=\"size-medium wp-image-9427\" src=\"http:\/\/www.rhizom.de\/wandern\/wp-content\/uploads\/2018\/08\/steine-300x225.jpg\" alt=\" Sicher keine Lesesteine\" width=\"300\" height=\"225\" srcset=\"http:\/\/www.rhizom.de\/wandern\/wp-content\/uploads\/2018\/08\/steine-300x225.jpg 300w, http:\/\/www.rhizom.de\/wandern\/wp-content\/uploads\/2018\/08\/steine.jpg 768w\" sizes=\"(max-width: 300px) 100vw, 300px\" \/><\/a><figcaption id=\"caption-attachment-9427\" class=\"wp-caption-text\">Sicher keine Lesesteine<\/figcaption><\/figure>\n<figure id=\"attachment_9426\" aria-describedby=\"caption-attachment-9426\" style=\"width: 290px\" class=\"wp-caption alignright\"><a href=\"http:\/\/www.rhizom.de\/wandern\/wp-content\/uploads\/2018\/08\/melioration-oder-was.jpg\" target=\"_blank\" rel=\"noopener\"><img loading=\"lazy\" class=\"size-medium wp-image-9426\" src=\"http:\/\/www.rhizom.de\/wandern\/wp-content\/uploads\/2018\/08\/melioration-oder-was-300x225.jpg\" alt=\"Meliorationsmanie oder hydrologische Sanierung?\" width=\"300\" height=\"225\" srcset=\"http:\/\/www.rhizom.de\/wandern\/wp-content\/uploads\/2018\/08\/melioration-oder-was-300x225.jpg 300w, http:\/\/www.rhizom.de\/wandern\/wp-content\/uploads\/2018\/08\/melioration-oder-was.jpg 768w\" sizes=\"(max-width: 300px) 100vw, 300px\" \/><\/a><figcaption id=\"caption-attachment-9426\" class=\"wp-caption-text\">Alte Meliorationsmanie oder Sanierung?<\/figcaption><\/figure>\n<figure id=\"attachment_9470\" aria-describedby=\"caption-attachment-9470\" style=\"width: 290px\" class=\"wp-caption alignright\"><a href=\"http:\/\/www.rhizom.de\/wandern\/wp-content\/uploads\/2018\/08\/gruenland-brodowin.jpg\" target=\"_blank\" rel=\"noopener\"><img loading=\"lazy\" class=\"size-medium wp-image-9470\" src=\"http:\/\/www.rhizom.de\/wandern\/wp-content\/uploads\/2018\/08\/gruenland-brodowin-300x225.jpg\" alt=\"Total \u00f6kologisch\" width=\"300\" height=\"225\" srcset=\"http:\/\/www.rhizom.de\/wandern\/wp-content\/uploads\/2018\/08\/gruenland-brodowin-300x225.jpg 300w, http:\/\/www.rhizom.de\/wandern\/wp-content\/uploads\/2018\/08\/gruenland-brodowin.jpg 768w\" sizes=\"(max-width: 300px) 100vw, 300px\" \/><\/a><figcaption id=\"caption-attachment-9470\" class=\"wp-caption-text\">Total \u00f6kologisch<\/figcaption><\/figure>\n<figure id=\"attachment_9492\" aria-describedby=\"caption-attachment-9492\" style=\"width: 290px\" class=\"wp-caption alignright\"><a href=\"http:\/\/www.rhizom.de\/wandern\/wp-content\/uploads\/2018\/08\/rinder.jpg\" target=\"_blank\" rel=\"noopener\"><img loading=\"lazy\" class=\"size-medium wp-image-9492\" src=\"http:\/\/www.rhizom.de\/wandern\/wp-content\/uploads\/2018\/08\/rinder-300x225.jpg\" alt=\"Gegen die Mittagshitze dicht gedr\u00e4ngt, Schw\u00e4nze wedeln\" width=\"300\" height=\"225\" srcset=\"http:\/\/www.rhizom.de\/wandern\/wp-content\/uploads\/2018\/08\/rinder-300x225.jpg 300w, http:\/\/www.rhizom.de\/wandern\/wp-content\/uploads\/2018\/08\/rinder.jpg 768w\" sizes=\"(max-width: 300px) 100vw, 300px\" \/><\/a><figcaption id=\"caption-attachment-9492\" class=\"wp-caption-text\">Gegen die Mittagshitze dicht gedr\u00e4ngt, Schw\u00e4nze wedeln<\/figcaption><\/figure>\n<p style=\"clear: both; text-align: left;\">Jetzt erfahre ich vom \u00fcberraschenden Aufbl\u00fchen eines Sommer-Adonisr\u00f6schens nach dem M\u00e4hen (also nicht das, zu dem im Fr\u00fchjahr an die Oder gepilgert wird), einiges \u00fcber die geologischen Strukturen vor meinen Augen, \u00fcber die ver\u00e4nderte Landschaft nach der intensiven und gro\u00dffl\u00e4chligen DDR-Landwirtschaft. Erstaunlich: der so nat\u00fcrlich wirkende Verbund kleiner Biotope durch Hecken und Geh\u00f6lze ist nachtr\u00e4gliche Pflanzung. Die Kleinteiligkeit der Landschaft war l\u00e4ngst zerst\u00f6rt. Vergessen zu fragen hab ich, wohin die G\u00fclle der vielen Rinder flie\u00dft, wenn nicht auf die Felder.<\/p>\n<figure id=\"attachment_9471\" aria-describedby=\"caption-attachment-9471\" style=\"width: 290px\" class=\"wp-caption alignright\"><a href=\"http:\/\/www.rhizom.de\/wandern\/wp-content\/uploads\/2018\/08\/huegel.jpg\" target=\"_blank\" rel=\"noopener\"><img loading=\"lazy\" class=\"size-medium wp-image-9471\" src=\"http:\/\/www.rhizom.de\/wandern\/wp-content\/uploads\/2018\/08\/huegel-300x225.jpg\" alt=\"H\u00fcgel, die mehr als Landschaft sind \" width=\"300\" height=\"225\" srcset=\"http:\/\/www.rhizom.de\/wandern\/wp-content\/uploads\/2018\/08\/huegel-300x225.jpg 300w, http:\/\/www.rhizom.de\/wandern\/wp-content\/uploads\/2018\/08\/huegel.jpg 768w\" sizes=\"(max-width: 300px) 100vw, 300px\" \/><\/a><figcaption id=\"caption-attachment-9471\" class=\"wp-caption-text\">H\u00fcgel, die etwas anderes als Landschaft sind<\/figcaption><\/figure>\n<figure id=\"attachment_9462\" aria-describedby=\"caption-attachment-9462\" style=\"width: 290px\" class=\"wp-caption alignright\"><a href=\"http:\/\/www.rhizom.de\/wandern\/wp-content\/uploads\/2018\/08\/vielleicht-drumlins.jpg\" target=\"_blank\" rel=\"noopener\"><img loading=\"lazy\" class=\"size-medium wp-image-9462\" src=\"http:\/\/www.rhizom.de\/wandern\/wp-content\/uploads\/2018\/08\/vielleicht-drumlins-300x225.jpg\" alt=\"Hecken, Geh\u00f6lze, Offenland und vielleicht Drumlins in der Ferne\" width=\"300\" height=\"225\" srcset=\"http:\/\/www.rhizom.de\/wandern\/wp-content\/uploads\/2018\/08\/vielleicht-drumlins-300x225.jpg 300w, http:\/\/www.rhizom.de\/wandern\/wp-content\/uploads\/2018\/08\/vielleicht-drumlins.jpg 768w\" sizes=\"(max-width: 300px) 100vw, 300px\" \/><\/a><figcaption id=\"caption-attachment-9462\" class=\"wp-caption-text\">Wirklich &#8220;Drumlins&#8221; hinter Hecken, Geh\u00f6lzen, Offenland?<\/figcaption><\/figure>\n<figure id=\"attachment_9463\" aria-describedby=\"caption-attachment-9463\" style=\"width: 290px\" class=\"wp-caption alignright\"><a href=\"http:\/\/www.rhizom.de\/wandern\/wp-content\/uploads\/2018\/08\/20180806_brodowinsee.jpg\" target=\"_blank\" rel=\"noopener\"><img loading=\"lazy\" class=\"size-medium wp-image-9463\" src=\"http:\/\/www.rhizom.de\/wandern\/wp-content\/uploads\/2018\/08\/20180806_brodowinsee-300x225.jpg\" alt=\"Wenn die Welt schon dunkel ist: die Seen leuchten\" width=\"300\" height=\"225\" srcset=\"http:\/\/www.rhizom.de\/wandern\/wp-content\/uploads\/2018\/08\/20180806_brodowinsee-300x225.jpg 300w, http:\/\/www.rhizom.de\/wandern\/wp-content\/uploads\/2018\/08\/20180806_brodowinsee.jpg 768w\" sizes=\"(max-width: 300px) 100vw, 300px\" \/><\/a><figcaption id=\"caption-attachment-9463\" class=\"wp-caption-text\">Wenn die Welt schon dunkel ist: der Brodowinsee leuchtet<\/figcaption><\/figure>\n<figure id=\"attachment_9466\" aria-describedby=\"caption-attachment-9466\" style=\"width: 290px\" class=\"wp-caption alignright\"><a href=\"http:\/\/www.rhizom.de\/wandern\/wp-content\/uploads\/2018\/08\/die-schattenwaechter.jpg\" target=\"_blank\" rel=\"noopener\"><img loading=\"lazy\" class=\"size-medium wp-image-9466\" src=\"http:\/\/www.rhizom.de\/wandern\/wp-content\/uploads\/2018\/08\/die-schattenwaechter-300x225.jpg\" alt=\"Schattenw\u00e4chter\" width=\"300\" height=\"225\" srcset=\"http:\/\/www.rhizom.de\/wandern\/wp-content\/uploads\/2018\/08\/die-schattenwaechter-300x225.jpg 300w, http:\/\/www.rhizom.de\/wandern\/wp-content\/uploads\/2018\/08\/die-schattenwaechter.jpg 768w\" sizes=\"(max-width: 300px) 100vw, 300px\" \/><\/a><figcaption id=\"caption-attachment-9466\" class=\"wp-caption-text\">Schattenw\u00e4chter<\/figcaption><\/figure>\n<h2 style=\"clear: both; padding-top: 20px;\">Die gest\u00f6rte Achse<\/h2>\n<figure id=\"attachment_9441\" aria-describedby=\"caption-attachment-9441\" style=\"width: 758px\" class=\"wp-caption aligncenter\"><img loading=\"lazy\" class=\"size-full wp-image-9441\" src=\"http:\/\/www.rhizom.de\/wandern\/wp-content\/uploads\/2018\/08\/die-kuppe-leitlinie.jpg\" alt=\"Die Kuppe auf der Leitlinie des Wildg\u00e4nsezuges \" width=\"768\" height=\"444\" srcset=\"http:\/\/www.rhizom.de\/wandern\/wp-content\/uploads\/2018\/08\/die-kuppe-leitlinie.jpg 768w, http:\/\/www.rhizom.de\/wandern\/wp-content\/uploads\/2018\/08\/die-kuppe-leitlinie-300x173.jpg 300w\" sizes=\"(max-width: 768px) 100vw, 768px\" \/><figcaption id=\"caption-attachment-9441\" class=\"wp-caption-text\">Die Kuppe auf der Leitlinie des Wildg\u00e4nsezuges<\/figcaption><\/figure>\n<p style=\"clear: both; text-align: left;\">Schon nach 20 Uhr bin ich g\u00e4nzlich allein auf dieser h\u00f6chsten Erhebung mit Blick Richtung <strong>Brodowinsee<\/strong>, weit und breit vollkommene Stille, h\u00f6chstens ein Kranichruf. Schade, genau auf diese kahle (fast Berg-)Kuppe wurden 2000 und 2004 zwei B\u00e4ume gepflanzt. Freilich, es ist kein ausgewiesenes Naturschutzgebiet. Die Landschaft darf verwandelt werden im Sinn und nach dem Vorstellungsverm\u00f6gen von uns Kulturmenschen. Deren Nacht ist nur noch denkbar f\u00fcr Disco, den abendlichen Naturfilm und den ungest\u00f6rten Schlaf hinter zugezogenen Fenstern (ohne Hundegebell wie mir sp\u00e4ter am Bahnhof erz\u00e4hlt wird), ab und zu ein Lagerfeuer der Jugend. Mit dem kleinen Gartenblick wird also die Natur f\u00fcr das zivilisierte Humankapital und mit den Biedermeiervorstellungen \u00e0 la Ludwig Richter domestiziert: verbaut ist genau die Lichtschneise von Sonnenaufgang nach Sonnenuntergang, die unsere l\u00e4ngst vergessenen Vorfahren als heilig empfunden haben d\u00fcrften. Und der Magerrasen beginnt zu leiden.<\/p>\n<figure id=\"attachment_9414\" aria-describedby=\"caption-attachment-9414\" style=\"width: 758px\" class=\"wp-caption aligncenter\"><img loading=\"lazy\" class=\"size-full wp-image-9414\" src=\"http:\/\/www.rhizom.de\/wandern\/wp-content\/uploads\/2018\/08\/die-achse.jpg\" alt=\"Die gest\u00f6rte Achse\" width=\"768\" height=\"444\" srcset=\"http:\/\/www.rhizom.de\/wandern\/wp-content\/uploads\/2018\/08\/die-achse.jpg 768w, http:\/\/www.rhizom.de\/wandern\/wp-content\/uploads\/2018\/08\/die-achse-300x173.jpg 300w\" sizes=\"(max-width: 768px) 100vw, 768px\" \/><figcaption id=\"caption-attachment-9414\" class=\"wp-caption-text\">Sonnenuntergang &#8211; eine schmale, langgestreckte geographisch-topographische Ausformung der Erdoberfl\u00e4che<\/figcaption><\/figure>\n<figure id=\"attachment_9439\" aria-describedby=\"caption-attachment-9439\" style=\"width: 758px\" class=\"wp-caption aligncenter\"><img loading=\"lazy\" class=\"size-full wp-image-9439\" src=\"http:\/\/www.rhizom.de\/wandern\/wp-content\/uploads\/2018\/08\/sonnenaufgang-1.jpg\" alt=\"Sonnenaufgang. Copyright K.G.Brandler\" width=\"768\" height=\"444\" srcset=\"http:\/\/www.rhizom.de\/wandern\/wp-content\/uploads\/2018\/08\/sonnenaufgang-1.jpg 768w, http:\/\/www.rhizom.de\/wandern\/wp-content\/uploads\/2018\/08\/sonnenaufgang-1-300x173.jpg 300w\" sizes=\"(max-width: 768px) 100vw, 768px\" \/><figcaption id=\"caption-attachment-9439\" class=\"wp-caption-text\">Sonnenaufgang &#8211; die Linie ist unterbrochen von den gepflanzten B\u00e4umen, aber zur Zeit noch mit etwas verschobenen Standpunkten sichtbar<\/figcaption><\/figure>\n<p>Bis auf die frei gelegten Kuppen der gegen\u00fcber liegenden H\u00fcgelh\u00f6cker (die Bezeichnung als Drumlins ist umstritten) bin ich nicht gekommen. Auch da bin ich sicher &#8211; sie korrespondieren urspr\u00fcnglich alle nicht nur im geologischen Aufbau und mit den Besonderheiten ihres kontinentalen Trockenrasens miteinander, sondern ebenfalls mit den kosmologischen und astronomischen und von daher mit der ganz anderen sozialen Funktion, die diese H\u00fcgel einst f\u00fcr vor allem fr\u00fche slawische Siedler gehabt haben werden.<\/p>\n<h2 style=\"clear: both; padding-top: 20px;\">Die Nacht nicht nur der Sterne<\/h2>\n<figure id=\"attachment_9373\" aria-describedby=\"caption-attachment-9373\" style=\"width: 758px\" class=\"wp-caption aligncenter\"><img loading=\"lazy\" class=\"size-full wp-image-9373\" src=\"http:\/\/www.rhizom.de\/wandern\/wp-content\/uploads\/2018\/08\/nacht.jpg\" alt=\"Die Nacht\" width=\"768\" height=\"444\" srcset=\"http:\/\/www.rhizom.de\/wandern\/wp-content\/uploads\/2018\/08\/nacht.jpg 768w, http:\/\/www.rhizom.de\/wandern\/wp-content\/uploads\/2018\/08\/nacht-300x173.jpg 300w\" sizes=\"(max-width: 768px) 100vw, 768px\" \/><figcaption id=\"caption-attachment-9373\" class=\"wp-caption-text\">Letzter Schimmer des Tages, heller und heller werden die Sterne &#8211; auf meinen Fotos nicht zu sehen<\/figcaption><\/figure>\n<p style=\"text-align: left;\">Eingeschlossen bin ich auf der H\u00fcgelkuppe von einem hellen, grauen Ring \u00fcber dem Horizont. Lichtverschmutzung oder an diesem Tag, zu dieser Jahreszeit, eine nicht voll dunkel werdende Nacht? Nordost begrenzt der rot blinkende Mauerzaun der Windr\u00e4der die Unendlichkeit wie ein billiges Spielkasino. Das ist gleich hinter dem Parsteinersee, diesseitig sch\u00fctzt das Biosph\u00e4renreservat.<br \/>\nSto\u00dfweise kommt der kalte Wind als bewege nicht ein Schmetterlingsfl\u00fcgel das Universum, sondern das jeweilige Flugzeug am Himmel \u00fcber mir. Die Flugzeuge sind in der absoluten Stille der Nacht zu h\u00f6ren, obwohl die meisten nur P\u00fcnktchen sind wie kleinste Sterne.<br \/>\n\u00dcber Eberswalde qu\u00e4lt sich ein Hubschrauber langsam vorw\u00e4rts: auch nur ein kleines rotes Lichtlein, trotzdem: battabatttabata. K\u00fcrzlich gab es auf wetter.de eine Grafik von der dauernden Dichte der Flugzeuge \u00fcber der Erde. Immerhin, ich sehe noch die Sterne.<br \/>\nMittig \u00fcber mir teilt die Milchstra\u00dfe wie ein erzgebirgischer Schwibbogen den Himmel in zwei H\u00e4lften. Im Laufe der Nacht l\u00f6st sie sich auf in stumpfgraue, kosmische Nebelhaufen.<br \/>\nAb und zu schlummere ich ein wie eine Maus unter einer beh\u00fctenden, dunklen K\u00e4seglocke. Der Meteoritenschauer der <strong>Perseiden<\/strong> bleibt aus: selten zwischen einer ganz seltenen Sternschnuppe ein ganz seltener, leuchtend heller Meteorit. Zum W\u00fcnschen zu wenig und zu pl\u00f6tzlich. Vielleicht gut so. Ich erinnere mich an den 13. August 1961 an der Ostsee: sie fielen massenhaft, schreckerf\u00fcllt: Mauerbau&#8230;<\/p>\n<figure id=\"attachment_9457\" aria-describedby=\"caption-attachment-9457\" style=\"width: 758px\" class=\"wp-caption aligncenter\"><img loading=\"lazy\" class=\"size-full wp-image-9457\" src=\"http:\/\/www.rhizom.de\/wandern\/wp-content\/uploads\/2018\/08\/6-7-august2018-brodowin.jpg\" alt=\"So war es ungef\u00e4hr: Gro\u00dfer Wagen, Kassiopeia und Mond hab ich erkannt :)) Richtung NO wurde die Sicht diffus\" width=\"768\" height=\"444\" srcset=\"http:\/\/www.rhizom.de\/wandern\/wp-content\/uploads\/2018\/08\/6-7-august2018-brodowin.jpg 768w, http:\/\/www.rhizom.de\/wandern\/wp-content\/uploads\/2018\/08\/6-7-august2018-brodowin-300x173.jpg 300w\" sizes=\"(max-width: 768px) 100vw, 768px\" \/><figcaption id=\"caption-attachment-9457\" class=\"wp-caption-text\">So war es ungef\u00e4hr: Gro\u00dfer Wagen, Kassiopeia und Mond hab ich erkannt :)) Richtung NO wurde die Sicht diffus<\/figcaption><\/figure>\n<p style=\"text-align: left;\">Als irgendwann nach Mitternacht tief \u00fcber dem Horizont wie doppelt aufgeklappt und rotgl\u00fchend eine Scheibe am Himmel erscheint, schreien die Kraniche auf. Sonnenaufgang? Nee, ein roter Mond &#8211; irgendwie gef\u00e4hrlich. Ich denke sofort an Klimawandel und die angek\u00fcndigten 40\u00b0. Was macht die Sonne da gerade mit dem silbernen Mond?<br \/>\nDas Chaos am Nachthimmel kann ich nicht ordnen. Neben dem Baum rechts steht die ganze Nacht ziemlich bewegungslos der Gro\u00dfe Wagen &#8211; klar, letztlich fehlen ihm die R\u00e4der an den Achsen. Den Arabern soll das Sternbild einen Sarg bedeutet haben, dem die Trauernden voraus gingen. H\u00f6chst einleuchtend und passend zu meinen Gedanken in dieser Landschaft der zahllosen Steinmale und Urnenfunde.<\/p>\n<figure id=\"attachment_9374\" aria-describedby=\"caption-attachment-9374\" style=\"width: 758px\" class=\"wp-caption aligncenter\"><img loading=\"lazy\" class=\"size-full wp-image-9374\" src=\"http:\/\/www.rhizom.de\/wandern\/wp-content\/uploads\/2018\/08\/sonnenaufgang.jpg\" alt=\"Sonnenaufgang. Copyright K.G.Brandler\" width=\"768\" height=\"444\" srcset=\"http:\/\/www.rhizom.de\/wandern\/wp-content\/uploads\/2018\/08\/sonnenaufgang.jpg 768w, http:\/\/www.rhizom.de\/wandern\/wp-content\/uploads\/2018\/08\/sonnenaufgang-300x173.jpg 300w\" sizes=\"(max-width: 768px) 100vw, 768px\" \/><figcaption id=\"caption-attachment-9374\" class=\"wp-caption-text\">Der Morgen<\/figcaption><\/figure>\n<figure id=\"attachment_9375\" aria-describedby=\"caption-attachment-9375\" style=\"width: 758px\" class=\"wp-caption aligncenter\"><img loading=\"lazy\" class=\"size-full wp-image-9375\" src=\"http:\/\/www.rhizom.de\/wandern\/wp-content\/uploads\/2018\/08\/erste-sonnenstrahlen.jpg\" alt=\"Die erste Sonne. Copyright K.G.Brandler\" width=\"768\" height=\"444\" srcset=\"http:\/\/www.rhizom.de\/wandern\/wp-content\/uploads\/2018\/08\/erste-sonnenstrahlen.jpg 768w, http:\/\/www.rhizom.de\/wandern\/wp-content\/uploads\/2018\/08\/erste-sonnenstrahlen-300x173.jpg 300w\" sizes=\"(max-width: 768px) 100vw, 768px\" \/><figcaption id=\"caption-attachment-9375\" class=\"wp-caption-text\">Das Leuchten der Felder<\/figcaption><\/figure>\n<h2 style=\"padding-top: 20px;\">Das wilde Denken<\/h2>\n<p style=\"clear: both; text-align: left;\">Die Morgend\u00e4mmerung f\u00e4rbt den Himmel wie der fr\u00fche Abend noch einmal zu einem Aquarell von unz\u00e4hligen und unvergleichlich zarten Pastellt\u00f6nen. Schon von weitem k\u00fcndigt sich mit Geschrei ein Schwarm <strong>Graug\u00e4nse<\/strong> an, erst nur Punkte in der Schneise des s\u00fcdwestlichen Waldes. Meine nicht mehr g\u00e4nzlich kahle H\u00fcgelkuppel scheint auf ihrer regionalen Leitlinie zu liegen. geradewegs Richtung Sonnenaufgang. Als ich abends als St\u00f6rpotential stand, drehten die scheuen G\u00e4nse sofort ab. Jetzt fliegt schon wieder ein zweiter Zug nicht viel mehr als einen Meter \u00fcber mich hinweg. Das Sausen der Schwingen ist zu h\u00f6ren. Mythologische Wesen auf unsichtbaren Linien und auf der Reise zwischen Diesseits und Jenseits?<br \/>\nLogik und naturwissenschaftliches Wissen schalten sich zumindest bei mir aus &#8211; den G\u00f6ttern sei Dank. Emotionen, f\u00fcr deren Entstehen nicht nur die Chemie noch unzureichende Erkl\u00e4rungen hat, sind st\u00e4rker. Wo Empathie weit gef\u00e4chert ist, kann es nicht schwierig sein, sich in einen Tierk\u00f6rper hinein zu sp\u00fcren &#8211; jenseits von esoterischen Kaspereien.<\/p>\n<figure id=\"attachment_9447\" aria-describedby=\"caption-attachment-9447\" style=\"width: 290px\" class=\"wp-caption alignright\"><a href=\"http:\/\/www.rhizom.de\/wandern\/wp-content\/uploads\/2018\/08\/leitlinie.jpg\" target=\"_blank\" rel=\"noopener\"><img loading=\"lazy\" class=\"size-medium wp-image-9447\" src=\"http:\/\/www.rhizom.de\/wandern\/wp-content\/uploads\/2018\/08\/leitlinie-300x225.jpg\" alt=\"Leitlinie, unterbrochen an den gepflanzten B\u00e4umen\" width=\"300\" height=\"225\" srcset=\"http:\/\/www.rhizom.de\/wandern\/wp-content\/uploads\/2018\/08\/leitlinie-300x225.jpg 300w, http:\/\/www.rhizom.de\/wandern\/wp-content\/uploads\/2018\/08\/leitlinie-768x576.jpg 768w, http:\/\/www.rhizom.de\/wandern\/wp-content\/uploads\/2018\/08\/leitlinie.jpg 1024w\" sizes=\"(max-width: 300px) 100vw, 300px\" \/><\/a><figcaption id=\"caption-attachment-9447\" class=\"wp-caption-text\">Leitlinie, unterbrochen an den gepflanzten B\u00e4umen<\/figcaption><\/figure>\n<figure id=\"attachment_9448\" aria-describedby=\"caption-attachment-9448\" style=\"width: 290px\" class=\"wp-caption alignright\"><a href=\"http:\/\/www.wikiwand.com\/de\/Billendorfer_Kultur\" target=\"_blank\" rel=\"noopener\"><img loading=\"lazy\" class=\"size-medium wp-image-9448\" src=\"http:\/\/www.rhizom.de\/wandern\/wp-content\/uploads\/2018\/08\/ALB_-_Vogelklapper_1_Krieschow-300x225.jpg\" alt=\"Vogelrassel aus dem Gr\u00e4berfeld bei Krieschow, Arch\u00e4ologisches Landesmuseum Brandenburg\" width=\"300\" height=\"225\" srcset=\"http:\/\/www.rhizom.de\/wandern\/wp-content\/uploads\/2018\/08\/ALB_-_Vogelklapper_1_Krieschow-300x225.jpg 300w, http:\/\/www.rhizom.de\/wandern\/wp-content\/uploads\/2018\/08\/ALB_-_Vogelklapper_1_Krieschow.jpg 768w\" sizes=\"(max-width: 300px) 100vw, 300px\" \/><\/a><figcaption id=\"caption-attachment-9448\" class=\"wp-caption-text\">\u00a9 verlinkt: Vogelrassel, Arch\u00e4olog. LMuseum Brandenburg<\/figcaption><\/figure>\n<figure id=\"attachment_9444\" aria-describedby=\"caption-attachment-9444\" style=\"width: 290px\" class=\"wp-caption alignright\"><a href=\"http:\/\/www.rhizom.de\/wandern\/wp-content\/uploads\/2018\/08\/pfad-zur-kuppe.jpg\" target=\"_blank\" rel=\"noopener\"><img loading=\"lazy\" class=\"size-medium wp-image-9444\" src=\"http:\/\/www.rhizom.de\/wandern\/wp-content\/uploads\/2018\/08\/pfad-zur-kuppe-300x225.jpg\" alt=\"Der Pfad Richtung NO\" width=\"300\" height=\"225\" srcset=\"http:\/\/www.rhizom.de\/wandern\/wp-content\/uploads\/2018\/08\/pfad-zur-kuppe-300x225.jpg 300w, http:\/\/www.rhizom.de\/wandern\/wp-content\/uploads\/2018\/08\/pfad-zur-kuppe.jpg 768w\" sizes=\"(max-width: 300px) 100vw, 300px\" \/><\/a><figcaption id=\"caption-attachment-9444\" class=\"wp-caption-text\">Der Pfad Richtung NO<\/figcaption><\/figure>\n<figure id=\"attachment_9443\" aria-describedby=\"caption-attachment-9443\" style=\"width: 290px\" class=\"wp-caption alignright\"><a href=\"http:\/\/www.rhizom.de\/wandern\/wp-content\/uploads\/2018\/08\/stoerche-am-morgen.jpg\" target=\"_blank\" rel=\"noopener\"><img loading=\"lazy\" class=\"size-medium wp-image-9443\" src=\"http:\/\/www.rhizom.de\/wandern\/wp-content\/uploads\/2018\/08\/stoerche-am-morgen-300x225.jpg\" alt=\"Die St\u00f6rche morgens\" width=\"300\" height=\"225\" srcset=\"http:\/\/www.rhizom.de\/wandern\/wp-content\/uploads\/2018\/08\/stoerche-am-morgen-300x225.jpg 300w, http:\/\/www.rhizom.de\/wandern\/wp-content\/uploads\/2018\/08\/stoerche-am-morgen.jpg 768w\" sizes=\"(max-width: 300px) 100vw, 300px\" \/><\/a><figcaption id=\"caption-attachment-9443\" class=\"wp-caption-text\">Die St\u00f6rche morgens<\/figcaption><\/figure>\n<p style=\"clear: both; text-align: left;\">Wie oft nur unklar sind in meinem Ged\u00e4chtnis aus dem Arch\u00e4ologischen Landesmuseum Brandenburg kleine G\u00e4nse aus Ton gespeichert, als Grabbeigaben und wohl auch als Pfeifen &#8211; mit Vorsicht interpretiert als Kinderspielzeuge. Mir fallen das M\u00e4rchen von der goldenen Gans und Nils Holgersson ein: das Gef\u00fchl, das durch den ganzen K\u00f6rper zieht &#8211; fort, fort von hier &#8211; mit den Wildg\u00e4nsen in eine bessere Welt &#8211; kosmische Vorstellungen und irgendwann religi\u00f6s-schamanistische, nichts personifiziert. Bei den Ukrainern erhielt sich die mythische Vorstellung von einem gl\u00fcckseligen Lande, in das die V\u00f6gel im Herbst fliegen und in dem die Toten wohnen (zitiert nach dem Ethnologen S.A. Tokarew, Die Religion in der Geschichte der V\u00f6lker. Dietz Vlg. Berlin 1968,\u00a0S. 260). Dem \u00e4gyptischen <a href=\"https:\/\/www.aegypten-geschichte-kultur.de\/amun-und-amaunet\" target=\"_blank\" rel=\"noopener\">\u2192 Gott Amun<\/a> werden zwei Tiere zugeordnet: der Widder und die Gans. Vermutlich zeigt die Gans ihn in seiner Funktion als Urgott.<\/p>\n<p style=\"clear: both; text-align: left;\">Die gl\u00fccksbringenden <strong>St\u00f6rche<\/strong> &#8211; G\u00f6tterboten bei den Germanen &#8211; m\u00fcssen schon l\u00e4nger munter sein. Kr\u00e4ftesparend tief und unh\u00f6rbar sind sie weit unter der H\u00fcgelkuppe heran geglitten und grasen bereits wieder die frisch gem\u00e4hten Wiesen ab.<\/p>\n<p>Rotwild am Morgen: Fehlanzeige, obwohl der Wind vom Wald her weht. Nur der Fuchs schn\u00fcrt seitlich vorbei, mich witternd und ohne Beute gen Wald. Aber dort muss er ziemlich frisch eine Hohltaube (keine Berliner Flugratte) abgeschleppt haben. Oder hatte ein Raubvogel zugeschlagen? Die Federn habe ich nicht untersucht.<\/p>\n<figure id=\"attachment_9433\" aria-describedby=\"caption-attachment-9433\" style=\"width: 290px\" class=\"wp-caption alignright\"><a href=\"http:\/\/www.rhizom.de\/wandern\/wp-content\/uploads\/2018\/08\/versteckt-Rosinsee.jpg\" target=\"_blank\" rel=\"noopener\"><img loading=\"lazy\" class=\"size-medium wp-image-9433\" src=\"http:\/\/www.rhizom.de\/wandern\/wp-content\/uploads\/2018\/08\/versteckt-Rosinsee-300x225.jpg\" alt=\"Versteckt hinter dem Gr\u00fcnland\" width=\"300\" height=\"225\" srcset=\"http:\/\/www.rhizom.de\/wandern\/wp-content\/uploads\/2018\/08\/versteckt-Rosinsee-300x225.jpg 300w, http:\/\/www.rhizom.de\/wandern\/wp-content\/uploads\/2018\/08\/versteckt-Rosinsee.jpg 768w\" sizes=\"(max-width: 300px) 100vw, 300px\" \/><\/a><figcaption id=\"caption-attachment-9433\" class=\"wp-caption-text\">&#8230;versteckt hinter dem Gr\u00fcnland<\/figcaption><\/figure>\n<figure id=\"attachment_9431\" aria-describedby=\"caption-attachment-9431\" style=\"width: 290px\" class=\"wp-caption alignright\"><a href=\"http:\/\/www.rhizom.de\/wandern\/wp-content\/uploads\/2018\/08\/Rosinsee.jpg\" target=\"_blank\" rel=\"noopener\"><img loading=\"lazy\" class=\"size-medium wp-image-9431\" src=\"http:\/\/www.rhizom.de\/wandern\/wp-content\/uploads\/2018\/08\/Rosinsee-300x225.jpg\" alt=\"Dahinter der Rosinsee\" width=\"300\" height=\"225\" srcset=\"http:\/\/www.rhizom.de\/wandern\/wp-content\/uploads\/2018\/08\/Rosinsee-300x225.jpg 300w, http:\/\/www.rhizom.de\/wandern\/wp-content\/uploads\/2018\/08\/Rosinsee.jpg 768w\" sizes=\"(max-width: 300px) 100vw, 300px\" \/><\/a><figcaption id=\"caption-attachment-9431\" class=\"wp-caption-text\">Der Rosinsee<\/figcaption><\/figure>\n<figure id=\"attachment_9435\" aria-describedby=\"caption-attachment-9435\" style=\"width: 290px\" class=\"wp-caption alignright\"><a href=\"http:\/\/www.rhizom.de\/wandern\/wp-content\/uploads\/2018\/08\/rosinfenn.jpg\" target=\"_blank\" rel=\"noopener\"><img loading=\"lazy\" class=\"size-medium wp-image-9435\" src=\"http:\/\/www.rhizom.de\/wandern\/wp-content\/uploads\/2018\/08\/rosinfenn-300x225.jpg\" alt=\"R\u00fcckweg durch das Rosinfenn\" width=\"300\" height=\"225\" srcset=\"http:\/\/www.rhizom.de\/wandern\/wp-content\/uploads\/2018\/08\/rosinfenn-300x225.jpg 300w, http:\/\/www.rhizom.de\/wandern\/wp-content\/uploads\/2018\/08\/rosinfenn.jpg 768w\" sizes=\"(max-width: 300px) 100vw, 300px\" \/><\/a><figcaption id=\"caption-attachment-9435\" class=\"wp-caption-text\">und zur\u00fcck durch das Rosinfenn, eins der gesch\u00fctzten Waldmoore<\/figcaption><\/figure>\n<figure id=\"attachment_9432\" aria-describedby=\"caption-attachment-9432\" style=\"width: 290px\" class=\"wp-caption alignright\"><a href=\"http:\/\/www.rhizom.de\/wandern\/wp-content\/uploads\/2018\/08\/badelust.jpg\" target=\"_blank\" rel=\"noopener\"><img loading=\"lazy\" class=\"size-medium wp-image-9432\" src=\"http:\/\/www.rhizom.de\/wandern\/wp-content\/uploads\/2018\/08\/badelust-300x225.jpg\" alt=\"Ich geh dann mal schwimmen. Copyright K.G.Brandler\" width=\"300\" height=\"225\" srcset=\"http:\/\/www.rhizom.de\/wandern\/wp-content\/uploads\/2018\/08\/badelust-300x225.jpg 300w, http:\/\/www.rhizom.de\/wandern\/wp-content\/uploads\/2018\/08\/badelust.jpg 768w\" sizes=\"(max-width: 300px) 100vw, 300px\" \/><\/a><figcaption id=\"caption-attachment-9432\" class=\"wp-caption-text\">Ich geh dann mal schwimmen<\/figcaption><\/figure>\n<p style=\"clear: both; text-align: left;\">Zu Haus google ich nach dem Wildgansschrei, einem G\u00e4nsepfeifchen, einem arch\u00e4ologischen oder auch einem zur Jagd. Es wird mir ein\u00a0 geschmettertes Soldatenlied angeboten, enstanden 1917 an der Westfront, gesungen von einer Wehrmachtsformation 1936, eine andere Version von Heino &#8211; der schafft das allein.\u00a0 Kein Wunder, wenn es den Deutschen zwar nie die Sprache, aber doch seit fast 80 Jahren (also wohl auf ewig) das Singen verschlagen hat.<br \/>\nNee, dazu kein Link. Aber etwas anderes gefunden, <a href=\"http:\/\/dominomusic.ru\/?song=Heiner+Goebbels+%E2%80%93+Ballade+von+der+haltbaren+Graugans\" target=\"_blank\" rel=\"noopener\">\u2192 Wer h\u00f6ren kann, der h\u00f6re HIER!<\/a><\/p>\n<p style=\"text-align: right;\">*leicht abgewandeltes, gefl\u00fcgeltes Wort der Rom<br \/>\nMein R\u00fcckweg verl\u00e4uft \u00e4hnlich wie <a href=\"http:\/\/www.rhizom.de\/wandern\/2018\/05\/11\/plagefenn\/\"> \u2192 HIER<\/a>.<\/p>\n","protected":false},"excerpt":{"rendered":"<p>6. bis 7. August 2018, ein Abend, eine Nacht und ein Morgen Ein intensives, erlebnisreiches Solo auf der Suche nach H\u00fcnengr\u00e4bern im R\u00fcckland des Endmor\u00e4nenbogens Chorin, ca. 20\u00a0km. Die kleinen Bilder sind mit Klick zu verg\u00f6\u00dfern &nbsp; &nbsp; Gl\u00fcckliche H\u00fcgel wo der Himmel die Erde k\u00fcsst* Die alten Waldstra\u00dfen sind gleichm\u00e4\u00dfig gepflastert mit Feldsteinen. Oder &#8230; <a title=\"Wege in die Nacht\" class=\"read-more\" href=\"http:\/\/www.rhizom.de\/wandern\/2018\/08\/08\/bei-brodowin\/\">Read more<\/a><\/p>\n","protected":false},"author":1,"featured_media":0,"comment_status":"open","ping_status":"open","sticky":false,"template":"","format":"standard","meta":{"generate_page_header":""},"categories":[5],"tags":[143],"_links":{"self":[{"href":"http:\/\/www.rhizom.de\/wandern\/wp-json\/wp\/v2\/posts\/9368"}],"collection":[{"href":"http:\/\/www.rhizom.de\/wandern\/wp-json\/wp\/v2\/posts"}],"about":[{"href":"http:\/\/www.rhizom.de\/wandern\/wp-json\/wp\/v2\/types\/post"}],"author":[{"embeddable":true,"href":"http:\/\/www.rhizom.de\/wandern\/wp-json\/wp\/v2\/users\/1"}],"replies":[{"embeddable":true,"href":"http:\/\/www.rhizom.de\/wandern\/wp-json\/wp\/v2\/comments?post=9368"}],"version-history":[{"count":88,"href":"http:\/\/www.rhizom.de\/wandern\/wp-json\/wp\/v2\/posts\/9368\/revisions"}],"predecessor-version":[{"id":14088,"href":"http:\/\/www.rhizom.de\/wandern\/wp-json\/wp\/v2\/posts\/9368\/revisions\/14088"}],"wp:attachment":[{"href":"http:\/\/www.rhizom.de\/wandern\/wp-json\/wp\/v2\/media?parent=9368"}],"wp:term":[{"taxonomy":"category","embeddable":true,"href":"http:\/\/www.rhizom.de\/wandern\/wp-json\/wp\/v2\/categories?post=9368"},{"taxonomy":"post_tag","embeddable":true,"href":"http:\/\/www.rhizom.de\/wandern\/wp-json\/wp\/v2\/tags?post=9368"}],"curies":[{"name":"wp","href":"https:\/\/api.w.org\/{rel}","templated":true}]}}