{"id":981,"date":"2017-09-05T17:54:05","date_gmt":"2017-09-05T15:54:05","guid":{"rendered":"http:\/\/www.rhizom.de\/wandern\/?p=981"},"modified":"2019-01-04T18:07:41","modified_gmt":"2019-01-04T17:07:41","slug":"bergwaldprojekt","status":"publish","type":"post","link":"http:\/\/www.rhizom.de\/wandern\/2017\/09\/05\/bergwaldprojekt\/","title":{"rendered":"Bergwaldprojekt"},"content":{"rendered":"<p><img loading=\"lazy\" class=\"alignleft size-medium wp-image-592\" src=\"http:\/\/www.rhizom.de\/wandern\/wp-content\/uploads\/2017\/08\/link-bergwald-300x225.jpg\" alt=\"www.bergwaldprojekt.de\" width=\"300\" height=\"225\" \/><br \/>\n<a href=\"https:\/\/www.bergwaldprojekt.de\/\" target=\"_blank\" rel=\"noopener\">www.bergwaldprojekt.de<\/a> Zweck des Bergwaldprojekts ist Schutz, Erhaltung und Pflege insbesondere des Bergwaldes und der Kulturlandschaften. Zu diesem Zweck arbeitet das Bergwaldprojekt mit Freiwilligen in W\u00e4ldern, Mooren und Freilandbiotopen an verschiedenen Orten Deutschlands. Meine Eins\u00e4tze waren bisher der Harz und die <a href=\"http:\/\/www.rhizom.de\/wandern\/2017\/10\/22\/bergwaldprojekt-i\/\">S\u00e4chsische Schweiz<\/a>. SEHR zu empfehlen f\u00fcr alle Wanderer, die der Natur auch einmal etwas zur\u00fcckgeben wollen.<\/p>\n","protected":false},"excerpt":{"rendered":"<p>www.bergwaldprojekt.de Zweck des Bergwaldprojekts ist Schutz, Erhaltung und Pflege insbesondere des Bergwaldes und der Kulturlandschaften. Zu diesem Zweck arbeitet das Bergwaldprojekt mit Freiwilligen in W\u00e4ldern, Mooren und Freilandbiotopen an verschiedenen Orten Deutschlands. Meine Eins\u00e4tze waren bisher der Harz und die S\u00e4chsische Schweiz. SEHR zu empfehlen f\u00fcr alle Wanderer, die der Natur auch einmal etwas zur\u00fcckgeben &#8230; <a title=\"Bergwaldprojekt\" class=\"read-more\" href=\"http:\/\/www.rhizom.de\/wandern\/2017\/09\/05\/bergwaldprojekt\/\">Read more<\/a><\/p>\n","protected":false},"author":1,"featured_media":0,"comment_status":"closed","ping_status":"closed","sticky":false,"template":"","format":"standard","meta":{"generate_page_header":""},"categories":[49],"tags":[53],"_links":{"self":[{"href":"http:\/\/www.rhizom.de\/wandern\/wp-json\/wp\/v2\/posts\/981"}],"collection":[{"href":"http:\/\/www.rhizom.de\/wandern\/wp-json\/wp\/v2\/posts"}],"about":[{"href":"http:\/\/www.rhizom.de\/wandern\/wp-json\/wp\/v2\/types\/post"}],"author":[{"embeddable":true,"href":"http:\/\/www.rhizom.de\/wandern\/wp-json\/wp\/v2\/users\/1"}],"replies":[{"embeddable":true,"href":"http:\/\/www.rhizom.de\/wandern\/wp-json\/wp\/v2\/comments?post=981"}],"version-history":[{"count":5,"href":"http:\/\/www.rhizom.de\/wandern\/wp-json\/wp\/v2\/posts\/981\/revisions"}],"predecessor-version":[{"id":11081,"href":"http:\/\/www.rhizom.de\/wandern\/wp-json\/wp\/v2\/posts\/981\/revisions\/11081"}],"wp:attachment":[{"href":"http:\/\/www.rhizom.de\/wandern\/wp-json\/wp\/v2\/media?parent=981"}],"wp:term":[{"taxonomy":"category","embeddable":true,"href":"http:\/\/www.rhizom.de\/wandern\/wp-json\/wp\/v2\/categories?post=981"},{"taxonomy":"post_tag","embeddable":true,"href":"http:\/\/www.rhizom.de\/wandern\/wp-json\/wp\/v2\/tags?post=981"}],"curies":[{"name":"wp","href":"https:\/\/api.w.org\/{rel}","templated":true}]}}